{"id":10725,"date":"2025-02-06T17:15:25","date_gmt":"2025-02-06T16:15:25","guid":{"rendered":"https:\/\/iridia.cat\/?p=10725"},"modified":"2025-02-10T13:41:42","modified_gmt":"2025-02-10T12:41:42","slug":"survivor-of-the-tarajal-case-denounces-spain-before-the-committee-against-torture","status":"publish","type":"post","link":"https:\/\/iridia.cat\/en\/survivor-of-the-tarajal-case-denounces-spain-before-the-committee-against-torture\/","title":{"rendered":"Survivor of the Tarajal case denounces Spain before the Committee Against Torture"},"content":{"rendered":"<ul>\n<li>The claimant, who lost vision in one eye due to the use of riot control material, takes his case to the UN over the State\u2019s lack of investigation.<\/li>\n<\/ul>\n<p>A survivor has filed a new complaint with the <strong>Committee Against Torture<\/strong> over the <strong>lack of investigation<\/strong> into the use of riot control equipment during the <strong>border operation<\/strong> on <strong>February 6, 2014<\/strong>, at <strong>El Tarajal beach (Ceuta)<\/strong>, which caused him to <strong>lose vision in one eye<\/strong>. With the support of the <strong>European Center for Constitutional and Human Rights (ECCHR)<\/strong> and <strong>Ir\u00eddia &#8211; Center for the Defense of Human Rights<\/strong>, <strong>Brice O.<\/strong> accuses Spain of <strong>failing to prevent and investigate ill-treatment<\/strong> and to provide <strong>reparation to the victims<\/strong>.<\/p>\n<p><strong>You can watch the press conference broadcast here.<\/strong><\/p>\n<p><strong>Brice O.<\/strong> was in the water in the dark when he was hit in the eye by riot control projectiles that morning. Despite the <strong>lack of an operational protocol<\/strong> regulating the use of such material in water and the fact that <strong>Civil Guard officers are not trained for this<\/strong>, they used, on <strong>February 6, 2014<\/strong>, at least <strong>145 rubber bullets, 355 projection cartridges (blanks), and 5 smoke canisters within just 21 minutes<\/strong>.<\/p>\n<p><em>&#8220;As a victim of rubber bullets, I find it incredibly dangerous that they are used. I am speaking today as a witness, having been left disabled in one eye,&#8221;<\/em> explains Brice O., adding symptoms of <strong>asphyxiation<\/strong>, <em>&#8220;I was struggling to breathe, so I opened my mouth, but then I swallowed seawater.&#8221;<\/em><\/p>\n<p>The <strong>Spanish State<\/strong> has acknowledged that at least <strong>14 people died<\/strong>, and autopsies of the <strong>5 bodies found in Spain<\/strong> confirmed <strong>death by drowning<\/strong>. Despite forensic evidence confirming injuries caused by rubber bullets, authorities <strong>never attempted to contact the survivors<\/strong>, who were only a few kilometers away, <strong>systematically excluding them from the judicial process<\/strong>. <em>&#8220;The Tarajal investigation was a farce. There was no legal assessment of the force used by the Civil Guard. After 11 years, it is a disgrace, and Spain must properly investigate this deadly border operation,&#8221;<\/em> says <strong>Hanaa Hakiki<\/strong>, director of the <strong>Border Justice<\/strong> program at <strong>ECCHR<\/strong>.<\/p>\n<p>After <strong>11 years of impunity<\/strong> and the case\u2019s <strong>final closure<\/strong>, it is now awaiting a ruling from the <strong>Constitutional Court<\/strong>, following an appeal filed by <strong>CEAR, APDHE, and Coordinadora de Barrios<\/strong>. Some of the victims and their families are still awaiting a decision. <em>&#8220;This is an opportunity to establish constitutional doctrine that protects the right to life of migrants at the borders, to prevent these tragic events from happening again, and to finally grant families access to truth, justice, and reparation,&#8221;<\/em> says <strong>Elena Mu\u00f1oz<\/strong> from <strong>CEAR<\/strong>.<\/p>\n<p><em>&#8220;For decades, the Spanish-Moroccan border has been a scene of human rights violations and impunity, particularly affecting Black people in a violent and severe manner. Both in the case of El Tarajal in 2014 and the events of June 24, 2022, in Melilla, we see how the indiscriminate use of riot control equipment, illegal pushbacks combined with exceptional measures, and the lack of effective investigations lead to life-threatening situations and ultimately to the deaths of Black people trying to cross this border,&#8221;<\/em> states <strong>Maite Daniela Lo Coco<\/strong> from <strong>Ir\u00eddia<\/strong>. Neither the reasons behind this complaint nor the lack of investigation surrounding it are isolated incidents in border contexts, both within the <strong>EU<\/strong> and in <strong>Spain<\/strong>.<\/p>\n<p><strong>Rubber bullets<\/strong> are <strong>uncontrollable, potentially lethal, and torturous ammunition<\/strong>, making it impossible to predict their trajectory and thus to ensure they do not hit sensitive body areas. The <strong>United Nations<\/strong> clearly states that <strong>kinetic energy projectiles must not be fired above the waist<\/strong>, nor used for crowd dispersal\u2014<strong>let alone against people swimming<\/strong> who pose <strong>no threat to officers or third parties<\/strong>. Due to their <strong>indiscriminate nature<\/strong> and <strong>lack of traceability<\/strong>, the use of <strong>rubber bullets<\/strong> endangers <strong>fundamental rights and people\u2019s physical integrity<\/strong>.<\/p>\n<p>For years, <strong>affected groups<\/strong> such as the <strong>Stop Rubber Bullets platform<\/strong> have been demanding their <strong>prohibition in the National Police and Civil Guard<\/strong>, just as has been done in <strong>Catalonia, the Basque Country, and Navarra<\/strong>. <em>&#8220;International law prohibits their indiscriminate use and never above the waist. They are potentially lethal weapons. Their lack of traceability makes accountability impossible,&#8221;<\/em> recalls <strong>Carles Guillot<\/strong>, from <strong>Stop Rubber Bullets<\/strong>.<\/p>\n<p>This complaint is part of the ongoing <strong>human rights monitoring work<\/strong> at the border carried out jointly by <strong>Ir\u00eddia<\/strong> and <strong>NOVACT<\/strong>.<\/p>\n","protected":false},"excerpt":{"rendered":"<p>The claimant, who lost vision in one eye due to the use of riot control material, takes his case to the UN over the State\u2019s lack of investigation. A survivor has filed a new complaint with the Committee Against Torture over the lack of investigation into the use of riot control equipment during the border [&hellip;]<\/p>\n","protected":false},"author":1485,"featured_media":10717,"comment_status":"closed","ping_status":"closed","sticky":false,"template":"","format":"standard","meta":{"_acf_changed":false,"footnotes":""},"categories":[2],"tags":[80,127],"class_list":["post-10725","post","type-post","status-publish","format-standard","has-post-thumbnail","hentry","category-publications","tag-stoprubberbullets","tag-migrations"],"acf":[],"yoast_head":"<!-- This site is optimized with the Yoast SEO plugin v27.4 - https:\/\/yoast.com\/product\/yoast-seo-wordpress\/ -->\n<title>Survivor of the Tarajal case denounces Spain before the Committee Against Torture<\/title>\n<meta name=\"robots\" content=\"index, follow, max-snippet:-1, max-image-preview:large, max-video-preview:-1\" \/>\n<link rel=\"canonical\" href=\"https:\/\/iridia.cat\/en\/survivor-of-the-tarajal-case-denounces-spain-before-the-committee-against-torture\/\" \/>\n<meta property=\"og:locale\" content=\"en_US\" \/>\n<meta property=\"og:type\" content=\"article\" \/>\n<meta property=\"og:title\" content=\"Survivor of the Tarajal case denounces Spain before the Committee Against Torture\" \/>\n<meta property=\"og:description\" content=\"The claimant, who lost vision in one eye due to the use of riot control material, takes his case to the UN over the State\u2019s lack of investigation. A survivor has filed a new complaint with the Committee Against Torture over the lack of investigation into the use of riot control equipment during the border [&hellip;]\" \/>\n<meta property=\"og:url\" content=\"https:\/\/iridia.cat\/en\/survivor-of-the-tarajal-case-denounces-spain-before-the-committee-against-torture\/\" \/>\n<meta property=\"og:site_name\" content=\"Ir\u00eddia\" \/>\n<meta property=\"article:published_time\" content=\"2025-02-06T16:15:25+00:00\" \/>\n<meta property=\"article:modified_time\" content=\"2025-02-10T12:41:42+00:00\" \/>\n<meta property=\"og:image\" content=\"https:\/\/iridia.cat\/wp-content\/uploads\/2025\/02\/Brice-O.-foto3-2-06115010-1236x824-1.jpg\" \/>\n\t<meta property=\"og:image:width\" content=\"1236\" \/>\n\t<meta property=\"og:image:height\" content=\"824\" \/>\n\t<meta property=\"og:image:type\" content=\"image\/jpeg\" \/>\n<meta name=\"author\" content=\"Luc\u00eda Foraster\" \/>\n<meta name=\"twitter:card\" content=\"summary_large_image\" \/>\n<meta name=\"twitter:label1\" content=\"Written by\" \/>\n\t<meta name=\"twitter:data1\" content=\"Luc\u00eda Foraster\" \/>\n\t<meta name=\"twitter:label2\" content=\"Est. reading time\" \/>\n\t<meta name=\"twitter:data2\" content=\"5 minutes\" \/>\n<script type=\"application\/ld+json\" class=\"yoast-schema-graph\">{\"@context\":\"https:\\\/\\\/schema.org\",\"@graph\":[{\"@type\":\"Article\",\"@id\":\"https:\\\/\\\/iridia.cat\\\/en\\\/survivor-of-the-tarajal-case-denounces-spain-before-the-committee-against-torture\\\/#article\",\"isPartOf\":{\"@id\":\"https:\\\/\\\/iridia.cat\\\/en\\\/survivor-of-the-tarajal-case-denounces-spain-before-the-committee-against-torture\\\/\"},\"author\":{\"name\":\"Luc\u00eda Foraster\",\"@id\":\"https:\\\/\\\/test.iridia.cat\\\/#\\\/schema\\\/person\\\/35b3808e134cc68db1728427e96cc94a\"},\"headline\":\"Survivor of the Tarajal case denounces Spain before the Committee Against Torture\",\"datePublished\":\"2025-02-06T16:15:25+00:00\",\"dateModified\":\"2025-02-10T12:41:42+00:00\",\"mainEntityOfPage\":{\"@id\":\"https:\\\/\\\/iridia.cat\\\/en\\\/survivor-of-the-tarajal-case-denounces-spain-before-the-committee-against-torture\\\/\"},\"wordCount\":720,\"publisher\":{\"@id\":\"https:\\\/\\\/test.iridia.cat\\\/#organization\"},\"image\":{\"@id\":\"https:\\\/\\\/iridia.cat\\\/en\\\/survivor-of-the-tarajal-case-denounces-spain-before-the-committee-against-torture\\\/#primaryimage\"},\"thumbnailUrl\":\"https:\\\/\\\/iridia.cat\\\/wp-content\\\/uploads\\\/2025\\\/02\\\/Brice-O.-foto3-2-06115010-1236x824-1.jpg\",\"keywords\":[\"#StopRubberBullets\",\"Migrations\"],\"articleSection\":[\"Publications\"],\"inLanguage\":\"en-US\"},{\"@type\":\"WebPage\",\"@id\":\"https:\\\/\\\/iridia.cat\\\/en\\\/survivor-of-the-tarajal-case-denounces-spain-before-the-committee-against-torture\\\/\",\"url\":\"https:\\\/\\\/iridia.cat\\\/en\\\/survivor-of-the-tarajal-case-denounces-spain-before-the-committee-against-torture\\\/\",\"name\":\"Survivor of the Tarajal case denounces Spain before the Committee Against Torture\",\"isPartOf\":{\"@id\":\"https:\\\/\\\/test.iridia.cat\\\/#website\"},\"primaryImageOfPage\":{\"@id\":\"https:\\\/\\\/iridia.cat\\\/en\\\/survivor-of-the-tarajal-case-denounces-spain-before-the-committee-against-torture\\\/#primaryimage\"},\"image\":{\"@id\":\"https:\\\/\\\/iridia.cat\\\/en\\\/survivor-of-the-tarajal-case-denounces-spain-before-the-committee-against-torture\\\/#primaryimage\"},\"thumbnailUrl\":\"https:\\\/\\\/iridia.cat\\\/wp-content\\\/uploads\\\/2025\\\/02\\\/Brice-O.-foto3-2-06115010-1236x824-1.jpg\",\"datePublished\":\"2025-02-06T16:15:25+00:00\",\"dateModified\":\"2025-02-10T12:41:42+00:00\",\"breadcrumb\":{\"@id\":\"https:\\\/\\\/iridia.cat\\\/en\\\/survivor-of-the-tarajal-case-denounces-spain-before-the-committee-against-torture\\\/#breadcrumb\"},\"inLanguage\":\"en-US\",\"potentialAction\":[{\"@type\":\"ReadAction\",\"target\":[\"https:\\\/\\\/iridia.cat\\\/en\\\/survivor-of-the-tarajal-case-denounces-spain-before-the-committee-against-torture\\\/\"]}]},{\"@type\":\"ImageObject\",\"inLanguage\":\"en-US\",\"@id\":\"https:\\\/\\\/iridia.cat\\\/en\\\/survivor-of-the-tarajal-case-denounces-spain-before-the-committee-against-torture\\\/#primaryimage\",\"url\":\"https:\\\/\\\/iridia.cat\\\/wp-content\\\/uploads\\\/2025\\\/02\\\/Brice-O.-foto3-2-06115010-1236x824-1.jpg\",\"contentUrl\":\"https:\\\/\\\/iridia.cat\\\/wp-content\\\/uploads\\\/2025\\\/02\\\/Brice-O.-foto3-2-06115010-1236x824-1.jpg\",\"width\":1236,\"height\":824,\"caption\":\"Brice O., superviviente del caso Tarajal que denuncia a Espa\u00f1a ante el Comit\u00e9 contra la Tortura Brice O., superviviente del caso Tarajal que denuncia a Espa\u00f1a ante el Comit\u00e9 contra la Tortura\"},{\"@type\":\"BreadcrumbList\",\"@id\":\"https:\\\/\\\/iridia.cat\\\/en\\\/survivor-of-the-tarajal-case-denounces-spain-before-the-committee-against-torture\\\/#breadcrumb\",\"itemListElement\":[{\"@type\":\"ListItem\",\"position\":1,\"name\":\"Inici\",\"item\":\"https:\\\/\\\/iridia.cat\\\/en\\\/\"},{\"@type\":\"ListItem\",\"position\":2,\"name\":\"Survivor of the Tarajal case denounces Spain before the Committee Against Torture\"}]},{\"@type\":\"WebSite\",\"@id\":\"https:\\\/\\\/test.iridia.cat\\\/#website\",\"url\":\"https:\\\/\\\/test.iridia.cat\\\/\",\"name\":\"Ir\u00eddia\",\"description\":\"\",\"publisher\":{\"@id\":\"https:\\\/\\\/test.iridia.cat\\\/#organization\"},\"potentialAction\":[{\"@type\":\"SearchAction\",\"target\":{\"@type\":\"EntryPoint\",\"urlTemplate\":\"https:\\\/\\\/test.iridia.cat\\\/?s={search_term_string}\"},\"query-input\":{\"@type\":\"PropertyValueSpecification\",\"valueRequired\":true,\"valueName\":\"search_term_string\"}}],\"inLanguage\":\"en-US\"},{\"@type\":\"Organization\",\"@id\":\"https:\\\/\\\/test.iridia.cat\\\/#organization\",\"name\":\"Ir\u00eddia\",\"url\":\"https:\\\/\\\/test.iridia.cat\\\/\",\"logo\":{\"@type\":\"ImageObject\",\"inLanguage\":\"en-US\",\"@id\":\"https:\\\/\\\/test.iridia.cat\\\/#\\\/schema\\\/logo\\\/image\\\/\",\"url\":\"https:\\\/\\\/iridia.cat\\\/wp-content\\\/uploads\\\/2022\\\/10\\\/avatar_iridia.png\",\"contentUrl\":\"https:\\\/\\\/iridia.cat\\\/wp-content\\\/uploads\\\/2022\\\/10\\\/avatar_iridia.png\",\"width\":740,\"height\":220,\"caption\":\"Ir\u00eddia\"},\"image\":{\"@id\":\"https:\\\/\\\/test.iridia.cat\\\/#\\\/schema\\\/logo\\\/image\\\/\"}},{\"@type\":\"Person\",\"@id\":\"https:\\\/\\\/test.iridia.cat\\\/#\\\/schema\\\/person\\\/35b3808e134cc68db1728427e96cc94a\",\"name\":\"Luc\u00eda Foraster\",\"image\":{\"@type\":\"ImageObject\",\"inLanguage\":\"en-US\",\"@id\":\"https:\\\/\\\/secure.gravatar.com\\\/avatar\\\/dbc1dbf299ca12d88468889446db05b32b820d9d37cb5a8c3ac17d2995f4f14c?s=96&d=mm&r=g\",\"url\":\"https:\\\/\\\/secure.gravatar.com\\\/avatar\\\/dbc1dbf299ca12d88468889446db05b32b820d9d37cb5a8c3ac17d2995f4f14c?s=96&d=mm&r=g\",\"contentUrl\":\"https:\\\/\\\/secure.gravatar.com\\\/avatar\\\/dbc1dbf299ca12d88468889446db05b32b820d9d37cb5a8c3ac17d2995f4f14c?s=96&d=mm&r=g\",\"caption\":\"Luc\u00eda Foraster\"},\"url\":\"https:\\\/\\\/iridia.cat\\\/en\\\/author\\\/luciaf\\\/\"}]}<\/script>\n<!-- \/ Yoast SEO plugin. -->","yoast_head_json":{"title":"Survivor of the Tarajal case denounces Spain before the Committee Against Torture","robots":{"index":"index","follow":"follow","max-snippet":"max-snippet:-1","max-image-preview":"max-image-preview:large","max-video-preview":"max-video-preview:-1"},"canonical":"https:\/\/iridia.cat\/en\/survivor-of-the-tarajal-case-denounces-spain-before-the-committee-against-torture\/","og_locale":"en_US","og_type":"article","og_title":"Survivor of the Tarajal case denounces Spain before the Committee Against Torture","og_description":"The claimant, who lost vision in one eye due to the use of riot control material, takes his case to the UN over the State\u2019s lack of investigation. A survivor has filed a new complaint with the Committee Against Torture over the lack of investigation into the use of riot control equipment during the border [&hellip;]","og_url":"https:\/\/iridia.cat\/en\/survivor-of-the-tarajal-case-denounces-spain-before-the-committee-against-torture\/","og_site_name":"Ir\u00eddia","article_published_time":"2025-02-06T16:15:25+00:00","article_modified_time":"2025-02-10T12:41:42+00:00","og_image":[{"width":1236,"height":824,"url":"https:\/\/iridia.cat\/wp-content\/uploads\/2025\/02\/Brice-O.-foto3-2-06115010-1236x824-1.jpg","type":"image\/jpeg"}],"author":"Luc\u00eda Foraster","twitter_card":"summary_large_image","twitter_misc":{"Written by":"Luc\u00eda Foraster","Est. reading time":"5 minutes"},"schema":{"@context":"https:\/\/schema.org","@graph":[{"@type":"Article","@id":"https:\/\/iridia.cat\/en\/survivor-of-the-tarajal-case-denounces-spain-before-the-committee-against-torture\/#article","isPartOf":{"@id":"https:\/\/iridia.cat\/en\/survivor-of-the-tarajal-case-denounces-spain-before-the-committee-against-torture\/"},"author":{"name":"Luc\u00eda Foraster","@id":"https:\/\/test.iridia.cat\/#\/schema\/person\/35b3808e134cc68db1728427e96cc94a"},"headline":"Survivor of the Tarajal case denounces Spain before the Committee Against Torture","datePublished":"2025-02-06T16:15:25+00:00","dateModified":"2025-02-10T12:41:42+00:00","mainEntityOfPage":{"@id":"https:\/\/iridia.cat\/en\/survivor-of-the-tarajal-case-denounces-spain-before-the-committee-against-torture\/"},"wordCount":720,"publisher":{"@id":"https:\/\/test.iridia.cat\/#organization"},"image":{"@id":"https:\/\/iridia.cat\/en\/survivor-of-the-tarajal-case-denounces-spain-before-the-committee-against-torture\/#primaryimage"},"thumbnailUrl":"https:\/\/iridia.cat\/wp-content\/uploads\/2025\/02\/Brice-O.-foto3-2-06115010-1236x824-1.jpg","keywords":["#StopRubberBullets","Migrations"],"articleSection":["Publications"],"inLanguage":"en-US"},{"@type":"WebPage","@id":"https:\/\/iridia.cat\/en\/survivor-of-the-tarajal-case-denounces-spain-before-the-committee-against-torture\/","url":"https:\/\/iridia.cat\/en\/survivor-of-the-tarajal-case-denounces-spain-before-the-committee-against-torture\/","name":"Survivor of the Tarajal case denounces Spain before the Committee Against Torture","isPartOf":{"@id":"https:\/\/test.iridia.cat\/#website"},"primaryImageOfPage":{"@id":"https:\/\/iridia.cat\/en\/survivor-of-the-tarajal-case-denounces-spain-before-the-committee-against-torture\/#primaryimage"},"image":{"@id":"https:\/\/iridia.cat\/en\/survivor-of-the-tarajal-case-denounces-spain-before-the-committee-against-torture\/#primaryimage"},"thumbnailUrl":"https:\/\/iridia.cat\/wp-content\/uploads\/2025\/02\/Brice-O.-foto3-2-06115010-1236x824-1.jpg","datePublished":"2025-02-06T16:15:25+00:00","dateModified":"2025-02-10T12:41:42+00:00","breadcrumb":{"@id":"https:\/\/iridia.cat\/en\/survivor-of-the-tarajal-case-denounces-spain-before-the-committee-against-torture\/#breadcrumb"},"inLanguage":"en-US","potentialAction":[{"@type":"ReadAction","target":["https:\/\/iridia.cat\/en\/survivor-of-the-tarajal-case-denounces-spain-before-the-committee-against-torture\/"]}]},{"@type":"ImageObject","inLanguage":"en-US","@id":"https:\/\/iridia.cat\/en\/survivor-of-the-tarajal-case-denounces-spain-before-the-committee-against-torture\/#primaryimage","url":"https:\/\/iridia.cat\/wp-content\/uploads\/2025\/02\/Brice-O.-foto3-2-06115010-1236x824-1.jpg","contentUrl":"https:\/\/iridia.cat\/wp-content\/uploads\/2025\/02\/Brice-O.-foto3-2-06115010-1236x824-1.jpg","width":1236,"height":824,"caption":"Brice O., superviviente del caso Tarajal que denuncia a Espa\u00f1a ante el Comit\u00e9 contra la Tortura Brice O., superviviente del caso Tarajal que denuncia a Espa\u00f1a ante el Comit\u00e9 contra la Tortura"},{"@type":"BreadcrumbList","@id":"https:\/\/iridia.cat\/en\/survivor-of-the-tarajal-case-denounces-spain-before-the-committee-against-torture\/#breadcrumb","itemListElement":[{"@type":"ListItem","position":1,"name":"Inici","item":"https:\/\/iridia.cat\/en\/"},{"@type":"ListItem","position":2,"name":"Survivor of the Tarajal case denounces Spain before the Committee Against Torture"}]},{"@type":"WebSite","@id":"https:\/\/test.iridia.cat\/#website","url":"https:\/\/test.iridia.cat\/","name":"Ir\u00eddia","description":"","publisher":{"@id":"https:\/\/test.iridia.cat\/#organization"},"potentialAction":[{"@type":"SearchAction","target":{"@type":"EntryPoint","urlTemplate":"https:\/\/test.iridia.cat\/?s={search_term_string}"},"query-input":{"@type":"PropertyValueSpecification","valueRequired":true,"valueName":"search_term_string"}}],"inLanguage":"en-US"},{"@type":"Organization","@id":"https:\/\/test.iridia.cat\/#organization","name":"Ir\u00eddia","url":"https:\/\/test.iridia.cat\/","logo":{"@type":"ImageObject","inLanguage":"en-US","@id":"https:\/\/test.iridia.cat\/#\/schema\/logo\/image\/","url":"https:\/\/iridia.cat\/wp-content\/uploads\/2022\/10\/avatar_iridia.png","contentUrl":"https:\/\/iridia.cat\/wp-content\/uploads\/2022\/10\/avatar_iridia.png","width":740,"height":220,"caption":"Ir\u00eddia"},"image":{"@id":"https:\/\/test.iridia.cat\/#\/schema\/logo\/image\/"}},{"@type":"Person","@id":"https:\/\/test.iridia.cat\/#\/schema\/person\/35b3808e134cc68db1728427e96cc94a","name":"Luc\u00eda Foraster","image":{"@type":"ImageObject","inLanguage":"en-US","@id":"https:\/\/secure.gravatar.com\/avatar\/dbc1dbf299ca12d88468889446db05b32b820d9d37cb5a8c3ac17d2995f4f14c?s=96&d=mm&r=g","url":"https:\/\/secure.gravatar.com\/avatar\/dbc1dbf299ca12d88468889446db05b32b820d9d37cb5a8c3ac17d2995f4f14c?s=96&d=mm&r=g","contentUrl":"https:\/\/secure.gravatar.com\/avatar\/dbc1dbf299ca12d88468889446db05b32b820d9d37cb5a8c3ac17d2995f4f14c?s=96&d=mm&r=g","caption":"Luc\u00eda Foraster"},"url":"https:\/\/iridia.cat\/en\/author\/luciaf\/"}]}},"_links":{"self":[{"href":"https:\/\/iridia.cat\/en\/wp-json\/wp\/v2\/posts\/10725","targetHints":{"allow":["GET"]}}],"collection":[{"href":"https:\/\/iridia.cat\/en\/wp-json\/wp\/v2\/posts"}],"about":[{"href":"https:\/\/iridia.cat\/en\/wp-json\/wp\/v2\/types\/post"}],"author":[{"embeddable":true,"href":"https:\/\/iridia.cat\/en\/wp-json\/wp\/v2\/users\/1485"}],"replies":[{"embeddable":true,"href":"https:\/\/iridia.cat\/en\/wp-json\/wp\/v2\/comments?post=10725"}],"version-history":[{"count":3,"href":"https:\/\/iridia.cat\/en\/wp-json\/wp\/v2\/posts\/10725\/revisions"}],"predecessor-version":[{"id":10728,"href":"https:\/\/iridia.cat\/en\/wp-json\/wp\/v2\/posts\/10725\/revisions\/10728"}],"wp:featuredmedia":[{"embeddable":true,"href":"https:\/\/iridia.cat\/en\/wp-json\/wp\/v2\/media\/10717"}],"wp:attachment":[{"href":"https:\/\/iridia.cat\/en\/wp-json\/wp\/v2\/media?parent=10725"}],"wp:term":[{"taxonomy":"category","embeddable":true,"href":"https:\/\/iridia.cat\/en\/wp-json\/wp\/v2\/categories?post=10725"},{"taxonomy":"post_tag","embeddable":true,"href":"https:\/\/iridia.cat\/en\/wp-json\/wp\/v2\/tags?post=10725"}],"curies":[{"name":"wp","href":"https:\/\/api.w.org\/{rel}","templated":true}]}}