{"id":4182,"date":"2021-10-26T12:04:21","date_gmt":"2021-10-26T10:04:21","guid":{"rendered":"https:\/\/test.iridia.cat\/?p=4182"},"modified":"2021-10-26T12:04:21","modified_gmt":"2021-10-26T10:04:21","slug":"cat-iridia-i-amnistia-internacional-aconsegueixen-que-sacordi-la-creacio-duna-comissio-parlamentaria-sobre-el-model-policial","status":"publish","type":"post","link":"https:\/\/iridia.cat\/en\/cat-iridia-i-amnistia-internacional-aconsegueixen-que-sacordi-la-creacio-duna-comissio-parlamentaria-sobre-el-model-policial\/","title":{"rendered":"(CAT) Ir\u00eddia i Amnistia Internacional aconsegueixen que s&#8217;acordi la creaci\u00f3 d&#8217;una Comissi\u00f3 Parlament\u00e0ria sobre el model policial"},"content":{"rendered":"<h3>Hem aconseguit, al costat d&#8217;Amnistia Internacional, que <strong>ERC, Junts per Catalunya, la CUP i En Com\u00fa Podem acordin crear una comissi\u00f3 d&#8217;estudi sobre el model policial i els mecanismes de control dels cossos policials a Catalunya<\/strong>.<\/h3>\n<p>Aquesta \u00e9s, des de fa molt de temps, una de les principals reivindicacions de totes dues organitzacions. La creaci\u00f3 d\u2019aquesta comissi\u00f3 implica que es destinaran recursos i temps a la recerca i el debat parlamentari.<\/p>\n<p>Despr\u00e9s de la greu actuaci\u00f3 policial del passat 16 de febrer, quan una jove va perdre l&#8217;ull per l&#8217;impacte d&#8217;una bala de foam, totes dues entitats vam fer arribar als grups parlamentaris la necessitat d\u2019abordar el debat sobre els mecanismes de control de manera profunda i complexa. Per tant, celebrem que ara s\u2019hagi decidit aprovar aquesta comissi\u00f3 parlament\u00e0ria i que es comenci a posar el focus en<strong> l\u2019an\u00e0lisi i la investigaci\u00f3 dels mecanismes de control, l\u2019avaluaci\u00f3 i investigaci\u00f3 de les actuacions policials i<\/strong>, finalment, <strong>la possibilitat d\u2019implementar mecanismes independents de control i fiscalitzaci\u00f3<\/strong> d\u2019aquestes actuacions.<\/p>\n<p>A m\u00e9s, la comissi\u00f3 tamb\u00e9 tindr\u00e0 per objecte una <strong>revisi\u00f3 del model d\u2019ordre p\u00fablic<\/strong>, acompanyada de la possibilitat de plantejar-hi canvis. Aix\u00f2 inclour\u00e0 un estudi de la transpar\u00e8ncia en la informaci\u00f3 i les dades per part del departament d\u2019Interior; i tamb\u00e9 l\u2019an\u00e0lisi de les actuacions de la divisi\u00f3 d\u2019informaci\u00f3 dels Mossos d\u2019Esquadra i el seguiment que es fa d\u2019activistes pol\u00edtics.<\/p>\n<p>Durant els propers mesos seguirem de prop la constituci\u00f3 de la comissi\u00f3 i els seus aven\u00e7os i continuarem treballant per la millora dels mecanismes de control i per la implementaci\u00f3 de mecanismes independents, com els que ja existeixen en altres pa\u00efsos com el Regne Unit.<\/p>\n","protected":false},"excerpt":{"rendered":"<p>Hem aconseguit, al costat d&#8217;Amnistia Internacional, que ERC, Junts per Catalunya, la CUP i En Com\u00fa Podem acordin crear una comissi\u00f3 d&#8217;estudi sobre el model policial i els mecanismes de control dels cossos policials a Catalunya. Aquesta \u00e9s, des de fa molt de temps, una de les principals reivindicacions de totes dues organitzacions. La creaci\u00f3 [&hellip;]<\/p>\n","protected":false},"author":2,"featured_media":3855,"comment_status":"closed","ping_status":"closed","sticky":false,"template":"","format":"standard","meta":{"_acf_changed":false,"footnotes":""},"categories":[2],"tags":[],"class_list":["post-4182","post","type-post","status-publish","format-standard","has-post-thumbnail","hentry","category-publications"],"acf":[],"yoast_head":"<!-- This site is optimized with the Yoast SEO plugin v27.4 - https:\/\/yoast.com\/product\/yoast-seo-wordpress\/ -->\n<title>(CAT) Ir\u00eddia i Amnistia Internacional aconsegueixen que s&#039;acordi la creaci\u00f3 d&#039;una Comissi\u00f3 Parlament\u00e0ria sobre el model policial<\/title>\n<meta name=\"robots\" content=\"index, follow, max-snippet:-1, max-image-preview:large, max-video-preview:-1\" \/>\n<link rel=\"canonical\" href=\"https:\/\/iridia.cat\/en\/cat-iridia-i-amnistia-internacional-aconsegueixen-que-sacordi-la-creacio-duna-comissio-parlamentaria-sobre-el-model-policial\/\" \/>\n<meta property=\"og:locale\" content=\"en_US\" \/>\n<meta property=\"og:type\" content=\"article\" \/>\n<meta property=\"og:title\" content=\"(CAT) Ir\u00eddia i Amnistia Internacional aconsegueixen que s&#039;acordi la creaci\u00f3 d&#039;una Comissi\u00f3 Parlament\u00e0ria sobre el model policial\" \/>\n<meta property=\"og:description\" content=\"Hem aconseguit, al costat d&#8217;Amnistia Internacional, que ERC, Junts per Catalunya, la CUP i En Com\u00fa Podem acordin crear una comissi\u00f3 d&#8217;estudi sobre el model policial i els mecanismes de control dels cossos policials a Catalunya. Aquesta \u00e9s, des de fa molt de temps, una de les principals reivindicacions de totes dues organitzacions. La creaci\u00f3 [&hellip;]\" \/>\n<meta property=\"og:url\" content=\"https:\/\/iridia.cat\/en\/cat-iridia-i-amnistia-internacional-aconsegueixen-que-sacordi-la-creacio-duna-comissio-parlamentaria-sobre-el-model-policial\/\" \/>\n<meta property=\"og:site_name\" content=\"Ir\u00eddia\" \/>\n<meta property=\"article:published_time\" content=\"2021-10-26T10:04:21+00:00\" \/>\n<meta property=\"og:image\" content=\"https:\/\/iridia.cat\/wp-content\/uploads\/2021\/06\/JORDI-BORRAS_MECANISMES-DE-CONTROL.jpg\" \/>\n\t<meta property=\"og:image:width\" content=\"576\" \/>\n\t<meta property=\"og:image:height\" content=\"384\" \/>\n\t<meta property=\"og:image:type\" content=\"image\/jpeg\" \/>\n<meta name=\"author\" content=\"Ir\u00eddia\" \/>\n<meta name=\"twitter:card\" content=\"summary_large_image\" \/>\n<meta name=\"twitter:label1\" content=\"Written by\" \/>\n\t<meta name=\"twitter:data1\" content=\"Ir\u00eddia\" \/>\n\t<meta name=\"twitter:label2\" content=\"Est. reading time\" \/>\n\t<meta name=\"twitter:data2\" content=\"1 minute\" \/>\n<script type=\"application\/ld+json\" class=\"yoast-schema-graph\">{\"@context\":\"https:\\\/\\\/schema.org\",\"@graph\":[{\"@type\":\"Article\",\"@id\":\"https:\\\/\\\/iridia.cat\\\/en\\\/cat-iridia-i-amnistia-internacional-aconsegueixen-que-sacordi-la-creacio-duna-comissio-parlamentaria-sobre-el-model-policial\\\/#article\",\"isPartOf\":{\"@id\":\"https:\\\/\\\/iridia.cat\\\/en\\\/cat-iridia-i-amnistia-internacional-aconsegueixen-que-sacordi-la-creacio-duna-comissio-parlamentaria-sobre-el-model-policial\\\/\"},\"author\":{\"name\":\"Ir\u00eddia\",\"@id\":\"https:\\\/\\\/test.iridia.cat\\\/#\\\/schema\\\/person\\\/4cd6357ca92585af3bb3f05b5c669d5f\"},\"headline\":\"(CAT) Ir\u00eddia i Amnistia Internacional aconsegueixen que s&#8217;acordi la creaci\u00f3 d&#8217;una Comissi\u00f3 Parlament\u00e0ria sobre el model policial\",\"datePublished\":\"2021-10-26T10:04:21+00:00\",\"mainEntityOfPage\":{\"@id\":\"https:\\\/\\\/iridia.cat\\\/en\\\/cat-iridia-i-amnistia-internacional-aconsegueixen-que-sacordi-la-creacio-duna-comissio-parlamentaria-sobre-el-model-policial\\\/\"},\"wordCount\":319,\"publisher\":{\"@id\":\"https:\\\/\\\/test.iridia.cat\\\/#organization\"},\"image\":{\"@id\":\"https:\\\/\\\/iridia.cat\\\/en\\\/cat-iridia-i-amnistia-internacional-aconsegueixen-que-sacordi-la-creacio-duna-comissio-parlamentaria-sobre-el-model-policial\\\/#primaryimage\"},\"thumbnailUrl\":\"https:\\\/\\\/iridia.cat\\\/wp-content\\\/uploads\\\/2021\\\/06\\\/JORDI-BORRAS_MECANISMES-DE-CONTROL.jpg\",\"articleSection\":[\"Publications\"],\"inLanguage\":\"en-US\"},{\"@type\":\"WebPage\",\"@id\":\"https:\\\/\\\/iridia.cat\\\/en\\\/cat-iridia-i-amnistia-internacional-aconsegueixen-que-sacordi-la-creacio-duna-comissio-parlamentaria-sobre-el-model-policial\\\/\",\"url\":\"https:\\\/\\\/iridia.cat\\\/en\\\/cat-iridia-i-amnistia-internacional-aconsegueixen-que-sacordi-la-creacio-duna-comissio-parlamentaria-sobre-el-model-policial\\\/\",\"name\":\"(CAT) Ir\u00eddia i Amnistia Internacional aconsegueixen que s'acordi la creaci\u00f3 d'una Comissi\u00f3 Parlament\u00e0ria sobre el model policial\",\"isPartOf\":{\"@id\":\"https:\\\/\\\/test.iridia.cat\\\/#website\"},\"primaryImageOfPage\":{\"@id\":\"https:\\\/\\\/iridia.cat\\\/en\\\/cat-iridia-i-amnistia-internacional-aconsegueixen-que-sacordi-la-creacio-duna-comissio-parlamentaria-sobre-el-model-policial\\\/#primaryimage\"},\"image\":{\"@id\":\"https:\\\/\\\/iridia.cat\\\/en\\\/cat-iridia-i-amnistia-internacional-aconsegueixen-que-sacordi-la-creacio-duna-comissio-parlamentaria-sobre-el-model-policial\\\/#primaryimage\"},\"thumbnailUrl\":\"https:\\\/\\\/iridia.cat\\\/wp-content\\\/uploads\\\/2021\\\/06\\\/JORDI-BORRAS_MECANISMES-DE-CONTROL.jpg\",\"datePublished\":\"2021-10-26T10:04:21+00:00\",\"breadcrumb\":{\"@id\":\"https:\\\/\\\/iridia.cat\\\/en\\\/cat-iridia-i-amnistia-internacional-aconsegueixen-que-sacordi-la-creacio-duna-comissio-parlamentaria-sobre-el-model-policial\\\/#breadcrumb\"},\"inLanguage\":\"en-US\",\"potentialAction\":[{\"@type\":\"ReadAction\",\"target\":[\"https:\\\/\\\/iridia.cat\\\/en\\\/cat-iridia-i-amnistia-internacional-aconsegueixen-que-sacordi-la-creacio-duna-comissio-parlamentaria-sobre-el-model-policial\\\/\"]}]},{\"@type\":\"ImageObject\",\"inLanguage\":\"en-US\",\"@id\":\"https:\\\/\\\/iridia.cat\\\/en\\\/cat-iridia-i-amnistia-internacional-aconsegueixen-que-sacordi-la-creacio-duna-comissio-parlamentaria-sobre-el-model-policial\\\/#primaryimage\",\"url\":\"https:\\\/\\\/iridia.cat\\\/wp-content\\\/uploads\\\/2021\\\/06\\\/JORDI-BORRAS_MECANISMES-DE-CONTROL.jpg\",\"contentUrl\":\"https:\\\/\\\/iridia.cat\\\/wp-content\\\/uploads\\\/2021\\\/06\\\/JORDI-BORRAS_MECANISMES-DE-CONTROL.jpg\",\"width\":576,\"height\":384,\"caption\":\"Fotograf\u00eda de Jordi Borr\u00e0s para Naci\u00f3 Digital.\"},{\"@type\":\"BreadcrumbList\",\"@id\":\"https:\\\/\\\/iridia.cat\\\/en\\\/cat-iridia-i-amnistia-internacional-aconsegueixen-que-sacordi-la-creacio-duna-comissio-parlamentaria-sobre-el-model-policial\\\/#breadcrumb\",\"itemListElement\":[{\"@type\":\"ListItem\",\"position\":1,\"name\":\"Inici\",\"item\":\"https:\\\/\\\/iridia.cat\\\/en\\\/\"},{\"@type\":\"ListItem\",\"position\":2,\"name\":\"(CAT) Ir\u00eddia i Amnistia Internacional aconsegueixen que s&#8217;acordi la creaci\u00f3 d&#8217;una Comissi\u00f3 Parlament\u00e0ria sobre el model policial\"}]},{\"@type\":\"WebSite\",\"@id\":\"https:\\\/\\\/test.iridia.cat\\\/#website\",\"url\":\"https:\\\/\\\/test.iridia.cat\\\/\",\"name\":\"Ir\u00eddia\",\"description\":\"\",\"publisher\":{\"@id\":\"https:\\\/\\\/test.iridia.cat\\\/#organization\"},\"potentialAction\":[{\"@type\":\"SearchAction\",\"target\":{\"@type\":\"EntryPoint\",\"urlTemplate\":\"https:\\\/\\\/test.iridia.cat\\\/?s={search_term_string}\"},\"query-input\":{\"@type\":\"PropertyValueSpecification\",\"valueRequired\":true,\"valueName\":\"search_term_string\"}}],\"inLanguage\":\"en-US\"},{\"@type\":\"Organization\",\"@id\":\"https:\\\/\\\/test.iridia.cat\\\/#organization\",\"name\":\"Ir\u00eddia\",\"url\":\"https:\\\/\\\/test.iridia.cat\\\/\",\"logo\":{\"@type\":\"ImageObject\",\"inLanguage\":\"en-US\",\"@id\":\"https:\\\/\\\/test.iridia.cat\\\/#\\\/schema\\\/logo\\\/image\\\/\",\"url\":\"https:\\\/\\\/iridia.cat\\\/wp-content\\\/uploads\\\/2022\\\/10\\\/avatar_iridia.png\",\"contentUrl\":\"https:\\\/\\\/iridia.cat\\\/wp-content\\\/uploads\\\/2022\\\/10\\\/avatar_iridia.png\",\"width\":740,\"height\":220,\"caption\":\"Ir\u00eddia\"},\"image\":{\"@id\":\"https:\\\/\\\/test.iridia.cat\\\/#\\\/schema\\\/logo\\\/image\\\/\"}},{\"@type\":\"Person\",\"@id\":\"https:\\\/\\\/test.iridia.cat\\\/#\\\/schema\\\/person\\\/4cd6357ca92585af3bb3f05b5c669d5f\",\"name\":\"Ir\u00eddia\",\"image\":{\"@type\":\"ImageObject\",\"inLanguage\":\"en-US\",\"@id\":\"https:\\\/\\\/secure.gravatar.com\\\/avatar\\\/5b7e0123885b2270f0bc833c606fa7b6ae733761d3e80d47e23ba829fe3bd7f7?s=96&d=mm&r=g\",\"url\":\"https:\\\/\\\/secure.gravatar.com\\\/avatar\\\/5b7e0123885b2270f0bc833c606fa7b6ae733761d3e80d47e23ba829fe3bd7f7?s=96&d=mm&r=g\",\"contentUrl\":\"https:\\\/\\\/secure.gravatar.com\\\/avatar\\\/5b7e0123885b2270f0bc833c606fa7b6ae733761d3e80d47e23ba829fe3bd7f7?s=96&d=mm&r=g\",\"caption\":\"Ir\u00eddia\"},\"url\":\"https:\\\/\\\/iridia.cat\\\/en\\\/author\\\/iridia\\\/\"}]}<\/script>\n<!-- \/ Yoast SEO plugin. -->","yoast_head_json":{"title":"(CAT) Ir\u00eddia i Amnistia Internacional aconsegueixen que s'acordi la creaci\u00f3 d'una Comissi\u00f3 Parlament\u00e0ria sobre el model policial","robots":{"index":"index","follow":"follow","max-snippet":"max-snippet:-1","max-image-preview":"max-image-preview:large","max-video-preview":"max-video-preview:-1"},"canonical":"https:\/\/iridia.cat\/en\/cat-iridia-i-amnistia-internacional-aconsegueixen-que-sacordi-la-creacio-duna-comissio-parlamentaria-sobre-el-model-policial\/","og_locale":"en_US","og_type":"article","og_title":"(CAT) Ir\u00eddia i Amnistia Internacional aconsegueixen que s'acordi la creaci\u00f3 d'una Comissi\u00f3 Parlament\u00e0ria sobre el model policial","og_description":"Hem aconseguit, al costat d&#8217;Amnistia Internacional, que ERC, Junts per Catalunya, la CUP i En Com\u00fa Podem acordin crear una comissi\u00f3 d&#8217;estudi sobre el model policial i els mecanismes de control dels cossos policials a Catalunya. Aquesta \u00e9s, des de fa molt de temps, una de les principals reivindicacions de totes dues organitzacions. La creaci\u00f3 [&hellip;]","og_url":"https:\/\/iridia.cat\/en\/cat-iridia-i-amnistia-internacional-aconsegueixen-que-sacordi-la-creacio-duna-comissio-parlamentaria-sobre-el-model-policial\/","og_site_name":"Ir\u00eddia","article_published_time":"2021-10-26T10:04:21+00:00","og_image":[{"width":576,"height":384,"url":"https:\/\/iridia.cat\/wp-content\/uploads\/2021\/06\/JORDI-BORRAS_MECANISMES-DE-CONTROL.jpg","type":"image\/jpeg"}],"author":"Ir\u00eddia","twitter_card":"summary_large_image","twitter_misc":{"Written by":"Ir\u00eddia","Est. reading time":"1 minute"},"schema":{"@context":"https:\/\/schema.org","@graph":[{"@type":"Article","@id":"https:\/\/iridia.cat\/en\/cat-iridia-i-amnistia-internacional-aconsegueixen-que-sacordi-la-creacio-duna-comissio-parlamentaria-sobre-el-model-policial\/#article","isPartOf":{"@id":"https:\/\/iridia.cat\/en\/cat-iridia-i-amnistia-internacional-aconsegueixen-que-sacordi-la-creacio-duna-comissio-parlamentaria-sobre-el-model-policial\/"},"author":{"name":"Ir\u00eddia","@id":"https:\/\/test.iridia.cat\/#\/schema\/person\/4cd6357ca92585af3bb3f05b5c669d5f"},"headline":"(CAT) Ir\u00eddia i Amnistia Internacional aconsegueixen que s&#8217;acordi la creaci\u00f3 d&#8217;una Comissi\u00f3 Parlament\u00e0ria sobre el model policial","datePublished":"2021-10-26T10:04:21+00:00","mainEntityOfPage":{"@id":"https:\/\/iridia.cat\/en\/cat-iridia-i-amnistia-internacional-aconsegueixen-que-sacordi-la-creacio-duna-comissio-parlamentaria-sobre-el-model-policial\/"},"wordCount":319,"publisher":{"@id":"https:\/\/test.iridia.cat\/#organization"},"image":{"@id":"https:\/\/iridia.cat\/en\/cat-iridia-i-amnistia-internacional-aconsegueixen-que-sacordi-la-creacio-duna-comissio-parlamentaria-sobre-el-model-policial\/#primaryimage"},"thumbnailUrl":"https:\/\/iridia.cat\/wp-content\/uploads\/2021\/06\/JORDI-BORRAS_MECANISMES-DE-CONTROL.jpg","articleSection":["Publications"],"inLanguage":"en-US"},{"@type":"WebPage","@id":"https:\/\/iridia.cat\/en\/cat-iridia-i-amnistia-internacional-aconsegueixen-que-sacordi-la-creacio-duna-comissio-parlamentaria-sobre-el-model-policial\/","url":"https:\/\/iridia.cat\/en\/cat-iridia-i-amnistia-internacional-aconsegueixen-que-sacordi-la-creacio-duna-comissio-parlamentaria-sobre-el-model-policial\/","name":"(CAT) Ir\u00eddia i Amnistia Internacional aconsegueixen que s'acordi la creaci\u00f3 d'una Comissi\u00f3 Parlament\u00e0ria sobre el model policial","isPartOf":{"@id":"https:\/\/test.iridia.cat\/#website"},"primaryImageOfPage":{"@id":"https:\/\/iridia.cat\/en\/cat-iridia-i-amnistia-internacional-aconsegueixen-que-sacordi-la-creacio-duna-comissio-parlamentaria-sobre-el-model-policial\/#primaryimage"},"image":{"@id":"https:\/\/iridia.cat\/en\/cat-iridia-i-amnistia-internacional-aconsegueixen-que-sacordi-la-creacio-duna-comissio-parlamentaria-sobre-el-model-policial\/#primaryimage"},"thumbnailUrl":"https:\/\/iridia.cat\/wp-content\/uploads\/2021\/06\/JORDI-BORRAS_MECANISMES-DE-CONTROL.jpg","datePublished":"2021-10-26T10:04:21+00:00","breadcrumb":{"@id":"https:\/\/iridia.cat\/en\/cat-iridia-i-amnistia-internacional-aconsegueixen-que-sacordi-la-creacio-duna-comissio-parlamentaria-sobre-el-model-policial\/#breadcrumb"},"inLanguage":"en-US","potentialAction":[{"@type":"ReadAction","target":["https:\/\/iridia.cat\/en\/cat-iridia-i-amnistia-internacional-aconsegueixen-que-sacordi-la-creacio-duna-comissio-parlamentaria-sobre-el-model-policial\/"]}]},{"@type":"ImageObject","inLanguage":"en-US","@id":"https:\/\/iridia.cat\/en\/cat-iridia-i-amnistia-internacional-aconsegueixen-que-sacordi-la-creacio-duna-comissio-parlamentaria-sobre-el-model-policial\/#primaryimage","url":"https:\/\/iridia.cat\/wp-content\/uploads\/2021\/06\/JORDI-BORRAS_MECANISMES-DE-CONTROL.jpg","contentUrl":"https:\/\/iridia.cat\/wp-content\/uploads\/2021\/06\/JORDI-BORRAS_MECANISMES-DE-CONTROL.jpg","width":576,"height":384,"caption":"Fotograf\u00eda de Jordi Borr\u00e0s para Naci\u00f3 Digital."},{"@type":"BreadcrumbList","@id":"https:\/\/iridia.cat\/en\/cat-iridia-i-amnistia-internacional-aconsegueixen-que-sacordi-la-creacio-duna-comissio-parlamentaria-sobre-el-model-policial\/#breadcrumb","itemListElement":[{"@type":"ListItem","position":1,"name":"Inici","item":"https:\/\/iridia.cat\/en\/"},{"@type":"ListItem","position":2,"name":"(CAT) Ir\u00eddia i Amnistia Internacional aconsegueixen que s&#8217;acordi la creaci\u00f3 d&#8217;una Comissi\u00f3 Parlament\u00e0ria sobre el model policial"}]},{"@type":"WebSite","@id":"https:\/\/test.iridia.cat\/#website","url":"https:\/\/test.iridia.cat\/","name":"Ir\u00eddia","description":"","publisher":{"@id":"https:\/\/test.iridia.cat\/#organization"},"potentialAction":[{"@type":"SearchAction","target":{"@type":"EntryPoint","urlTemplate":"https:\/\/test.iridia.cat\/?s={search_term_string}"},"query-input":{"@type":"PropertyValueSpecification","valueRequired":true,"valueName":"search_term_string"}}],"inLanguage":"en-US"},{"@type":"Organization","@id":"https:\/\/test.iridia.cat\/#organization","name":"Ir\u00eddia","url":"https:\/\/test.iridia.cat\/","logo":{"@type":"ImageObject","inLanguage":"en-US","@id":"https:\/\/test.iridia.cat\/#\/schema\/logo\/image\/","url":"https:\/\/iridia.cat\/wp-content\/uploads\/2022\/10\/avatar_iridia.png","contentUrl":"https:\/\/iridia.cat\/wp-content\/uploads\/2022\/10\/avatar_iridia.png","width":740,"height":220,"caption":"Ir\u00eddia"},"image":{"@id":"https:\/\/test.iridia.cat\/#\/schema\/logo\/image\/"}},{"@type":"Person","@id":"https:\/\/test.iridia.cat\/#\/schema\/person\/4cd6357ca92585af3bb3f05b5c669d5f","name":"Ir\u00eddia","image":{"@type":"ImageObject","inLanguage":"en-US","@id":"https:\/\/secure.gravatar.com\/avatar\/5b7e0123885b2270f0bc833c606fa7b6ae733761d3e80d47e23ba829fe3bd7f7?s=96&d=mm&r=g","url":"https:\/\/secure.gravatar.com\/avatar\/5b7e0123885b2270f0bc833c606fa7b6ae733761d3e80d47e23ba829fe3bd7f7?s=96&d=mm&r=g","contentUrl":"https:\/\/secure.gravatar.com\/avatar\/5b7e0123885b2270f0bc833c606fa7b6ae733761d3e80d47e23ba829fe3bd7f7?s=96&d=mm&r=g","caption":"Ir\u00eddia"},"url":"https:\/\/iridia.cat\/en\/author\/iridia\/"}]}},"_links":{"self":[{"href":"https:\/\/iridia.cat\/en\/wp-json\/wp\/v2\/posts\/4182","targetHints":{"allow":["GET"]}}],"collection":[{"href":"https:\/\/iridia.cat\/en\/wp-json\/wp\/v2\/posts"}],"about":[{"href":"https:\/\/iridia.cat\/en\/wp-json\/wp\/v2\/types\/post"}],"author":[{"embeddable":true,"href":"https:\/\/iridia.cat\/en\/wp-json\/wp\/v2\/users\/2"}],"replies":[{"embeddable":true,"href":"https:\/\/iridia.cat\/en\/wp-json\/wp\/v2\/comments?post=4182"}],"version-history":[{"count":1,"href":"https:\/\/iridia.cat\/en\/wp-json\/wp\/v2\/posts\/4182\/revisions"}],"predecessor-version":[{"id":4183,"href":"https:\/\/iridia.cat\/en\/wp-json\/wp\/v2\/posts\/4182\/revisions\/4183"}],"wp:featuredmedia":[{"embeddable":true,"href":"https:\/\/iridia.cat\/en\/wp-json\/wp\/v2\/media\/3855"}],"wp:attachment":[{"href":"https:\/\/iridia.cat\/en\/wp-json\/wp\/v2\/media?parent=4182"}],"wp:term":[{"taxonomy":"category","embeddable":true,"href":"https:\/\/iridia.cat\/en\/wp-json\/wp\/v2\/categories?post=4182"},{"taxonomy":"post_tag","embeddable":true,"href":"https:\/\/iridia.cat\/en\/wp-json\/wp\/v2\/tags?post=4182"}],"curies":[{"name":"wp","href":"https:\/\/api.w.org\/{rel}","templated":true}]}}