{"id":4199,"date":"2021-10-26T12:17:16","date_gmt":"2021-10-26T10:17:16","guid":{"rendered":"https:\/\/test.iridia.cat\/?p=4199"},"modified":"2021-11-16T10:47:33","modified_gmt":"2021-11-16T09:47:33","slug":"cat-celebrem-el-nostre-6e-aniversari-aradretshumans","status":"publish","type":"post","link":"https:\/\/iridia.cat\/en\/cat-celebrem-el-nostre-6e-aniversari-aradretshumans\/","title":{"rendered":"We are celebrating our 6th anniversary #AraDretsHumans"},"content":{"rendered":"<h4>Ir\u00eddia is 6 years old and we celebrate it on October 21st with an afternoon of culture and human rights in Cal\u00e0bria66!<\/h4>\n<p>To commemorate this anniversary we have brought together artists from different disciplines and relevant people in the defense of human rights. During the afternoon we will combine cultural performances with various lectures: there will be poetry by Maggy Castillo and Joyce Jandette, a monologue by Oye Sherman and a short musical performance by Ana Tijoux.<\/p>\n<p>We will also hear the experiences of Laura Medina, lawyer of Ir\u00eddia, Jordi Cuixart, of \u00d3mnium, Edith Esp\u00ednola, of SEDOAC and Regularizaci\u00f3nYa, Mart\u00edn Moz\u00e9, of Hijas e hijos por la Identidad y la Justicia contra el olvido y el silencio and Carles Vallejo, of the Associaci\u00f3 Catalana d&#8217;Expressos Pol\u00edtics del Franquisme.<\/p>\n<p>We look forward to seeing you!<\/p>\n","protected":false},"excerpt":{"rendered":"<p>Ir\u00eddia is 6 years old and we celebrate it on October 21st with an afternoon of culture and human rights in Cal\u00e0bria66! To commemorate this anniversary we have brought together artists from different disciplines and relevant people in the defense of human rights. During the afternoon we will combine cultural performances with various lectures: there [&hellip;]<\/p>\n","protected":false},"author":2,"featured_media":4073,"comment_status":"closed","ping_status":"closed","sticky":false,"template":"","format":"standard","meta":{"_acf_changed":false,"footnotes":""},"categories":[2],"tags":[122],"class_list":["post-4199","post","type-post","status-publish","format-standard","has-post-thumbnail","hentry","category-publications","tag-socies"],"acf":[],"yoast_head":"<!-- This site is optimized with the Yoast SEO plugin v27.4 - https:\/\/yoast.com\/product\/yoast-seo-wordpress\/ -->\n<title>We are celebrating our 6th anniversary #AraDretsHumans<\/title>\n<meta name=\"robots\" content=\"index, follow, max-snippet:-1, max-image-preview:large, max-video-preview:-1\" \/>\n<link rel=\"canonical\" href=\"https:\/\/iridia.cat\/en\/cat-celebrem-el-nostre-6e-aniversari-aradretshumans\/\" \/>\n<meta property=\"og:locale\" content=\"en_US\" \/>\n<meta property=\"og:type\" content=\"article\" \/>\n<meta property=\"og:title\" content=\"We are celebrating our 6th anniversary #AraDretsHumans\" \/>\n<meta property=\"og:description\" content=\"Ir\u00eddia is 6 years old and we celebrate it on October 21st with an afternoon of culture and human rights in Cal\u00e0bria66! To commemorate this anniversary we have brought together artists from different disciplines and relevant people in the defense of human rights. During the afternoon we will combine cultural performances with various lectures: there [&hellip;]\" \/>\n<meta property=\"og:url\" content=\"https:\/\/iridia.cat\/en\/cat-celebrem-el-nostre-6e-aniversari-aradretshumans\/\" \/>\n<meta property=\"og:site_name\" content=\"Ir\u00eddia\" \/>\n<meta property=\"article:published_time\" content=\"2021-10-26T10:17:16+00:00\" \/>\n<meta property=\"article:modified_time\" content=\"2021-11-16T09:47:33+00:00\" \/>\n<meta property=\"og:image\" content=\"https:\/\/iridia.cat\/wp-content\/uploads\/2021\/10\/photo16335059703.jpeg\" \/>\n\t<meta property=\"og:image:width\" content=\"904\" \/>\n\t<meta property=\"og:image:height\" content=\"1280\" \/>\n\t<meta property=\"og:image:type\" content=\"image\/jpeg\" \/>\n<meta name=\"author\" content=\"Ir\u00eddia\" \/>\n<meta name=\"twitter:card\" content=\"summary_large_image\" \/>\n<meta name=\"twitter:label1\" content=\"Written by\" \/>\n\t<meta name=\"twitter:data1\" content=\"Ir\u00eddia\" \/>\n\t<meta name=\"twitter:label2\" content=\"Est. reading time\" \/>\n\t<meta name=\"twitter:data2\" content=\"1 minute\" \/>\n<script type=\"application\/ld+json\" class=\"yoast-schema-graph\">{\"@context\":\"https:\\\/\\\/schema.org\",\"@graph\":[{\"@type\":\"Article\",\"@id\":\"https:\\\/\\\/iridia.cat\\\/en\\\/cat-celebrem-el-nostre-6e-aniversari-aradretshumans\\\/#article\",\"isPartOf\":{\"@id\":\"https:\\\/\\\/iridia.cat\\\/en\\\/cat-celebrem-el-nostre-6e-aniversari-aradretshumans\\\/\"},\"author\":{\"name\":\"Ir\u00eddia\",\"@id\":\"https:\\\/\\\/test.iridia.cat\\\/#\\\/schema\\\/person\\\/4cd6357ca92585af3bb3f05b5c669d5f\"},\"headline\":\"We are celebrating our 6th anniversary #AraDretsHumans\",\"datePublished\":\"2021-10-26T10:17:16+00:00\",\"dateModified\":\"2021-11-16T09:47:33+00:00\",\"mainEntityOfPage\":{\"@id\":\"https:\\\/\\\/iridia.cat\\\/en\\\/cat-celebrem-el-nostre-6e-aniversari-aradretshumans\\\/\"},\"wordCount\":148,\"publisher\":{\"@id\":\"https:\\\/\\\/test.iridia.cat\\\/#organization\"},\"image\":{\"@id\":\"https:\\\/\\\/iridia.cat\\\/en\\\/cat-celebrem-el-nostre-6e-aniversari-aradretshumans\\\/#primaryimage\"},\"thumbnailUrl\":\"https:\\\/\\\/iridia.cat\\\/wp-content\\\/uploads\\\/2021\\\/10\\\/photo16335059703.jpeg\",\"keywords\":[\"S\u00f2cies\"],\"articleSection\":[\"Publications\"],\"inLanguage\":\"en-US\"},{\"@type\":\"WebPage\",\"@id\":\"https:\\\/\\\/iridia.cat\\\/en\\\/cat-celebrem-el-nostre-6e-aniversari-aradretshumans\\\/\",\"url\":\"https:\\\/\\\/iridia.cat\\\/en\\\/cat-celebrem-el-nostre-6e-aniversari-aradretshumans\\\/\",\"name\":\"We are celebrating our 6th anniversary #AraDretsHumans\",\"isPartOf\":{\"@id\":\"https:\\\/\\\/test.iridia.cat\\\/#website\"},\"primaryImageOfPage\":{\"@id\":\"https:\\\/\\\/iridia.cat\\\/en\\\/cat-celebrem-el-nostre-6e-aniversari-aradretshumans\\\/#primaryimage\"},\"image\":{\"@id\":\"https:\\\/\\\/iridia.cat\\\/en\\\/cat-celebrem-el-nostre-6e-aniversari-aradretshumans\\\/#primaryimage\"},\"thumbnailUrl\":\"https:\\\/\\\/iridia.cat\\\/wp-content\\\/uploads\\\/2021\\\/10\\\/photo16335059703.jpeg\",\"datePublished\":\"2021-10-26T10:17:16+00:00\",\"dateModified\":\"2021-11-16T09:47:33+00:00\",\"breadcrumb\":{\"@id\":\"https:\\\/\\\/iridia.cat\\\/en\\\/cat-celebrem-el-nostre-6e-aniversari-aradretshumans\\\/#breadcrumb\"},\"inLanguage\":\"en-US\",\"potentialAction\":[{\"@type\":\"ReadAction\",\"target\":[\"https:\\\/\\\/iridia.cat\\\/en\\\/cat-celebrem-el-nostre-6e-aniversari-aradretshumans\\\/\"]}]},{\"@type\":\"ImageObject\",\"inLanguage\":\"en-US\",\"@id\":\"https:\\\/\\\/iridia.cat\\\/en\\\/cat-celebrem-el-nostre-6e-aniversari-aradretshumans\\\/#primaryimage\",\"url\":\"https:\\\/\\\/iridia.cat\\\/wp-content\\\/uploads\\\/2021\\\/10\\\/photo16335059703.jpeg\",\"contentUrl\":\"https:\\\/\\\/iridia.cat\\\/wp-content\\\/uploads\\\/2021\\\/10\\\/photo16335059703.jpeg\",\"width\":904,\"height\":1280},{\"@type\":\"BreadcrumbList\",\"@id\":\"https:\\\/\\\/iridia.cat\\\/en\\\/cat-celebrem-el-nostre-6e-aniversari-aradretshumans\\\/#breadcrumb\",\"itemListElement\":[{\"@type\":\"ListItem\",\"position\":1,\"name\":\"Inici\",\"item\":\"https:\\\/\\\/iridia.cat\\\/en\\\/\"},{\"@type\":\"ListItem\",\"position\":2,\"name\":\"We are celebrating our 6th anniversary #AraDretsHumans\"}]},{\"@type\":\"WebSite\",\"@id\":\"https:\\\/\\\/test.iridia.cat\\\/#website\",\"url\":\"https:\\\/\\\/test.iridia.cat\\\/\",\"name\":\"Ir\u00eddia\",\"description\":\"\",\"publisher\":{\"@id\":\"https:\\\/\\\/test.iridia.cat\\\/#organization\"},\"potentialAction\":[{\"@type\":\"SearchAction\",\"target\":{\"@type\":\"EntryPoint\",\"urlTemplate\":\"https:\\\/\\\/test.iridia.cat\\\/?s={search_term_string}\"},\"query-input\":{\"@type\":\"PropertyValueSpecification\",\"valueRequired\":true,\"valueName\":\"search_term_string\"}}],\"inLanguage\":\"en-US\"},{\"@type\":\"Organization\",\"@id\":\"https:\\\/\\\/test.iridia.cat\\\/#organization\",\"name\":\"Ir\u00eddia\",\"url\":\"https:\\\/\\\/test.iridia.cat\\\/\",\"logo\":{\"@type\":\"ImageObject\",\"inLanguage\":\"en-US\",\"@id\":\"https:\\\/\\\/test.iridia.cat\\\/#\\\/schema\\\/logo\\\/image\\\/\",\"url\":\"https:\\\/\\\/iridia.cat\\\/wp-content\\\/uploads\\\/2022\\\/10\\\/avatar_iridia.png\",\"contentUrl\":\"https:\\\/\\\/iridia.cat\\\/wp-content\\\/uploads\\\/2022\\\/10\\\/avatar_iridia.png\",\"width\":740,\"height\":220,\"caption\":\"Ir\u00eddia\"},\"image\":{\"@id\":\"https:\\\/\\\/test.iridia.cat\\\/#\\\/schema\\\/logo\\\/image\\\/\"}},{\"@type\":\"Person\",\"@id\":\"https:\\\/\\\/test.iridia.cat\\\/#\\\/schema\\\/person\\\/4cd6357ca92585af3bb3f05b5c669d5f\",\"name\":\"Ir\u00eddia\",\"image\":{\"@type\":\"ImageObject\",\"inLanguage\":\"en-US\",\"@id\":\"https:\\\/\\\/secure.gravatar.com\\\/avatar\\\/5b7e0123885b2270f0bc833c606fa7b6ae733761d3e80d47e23ba829fe3bd7f7?s=96&d=mm&r=g\",\"url\":\"https:\\\/\\\/secure.gravatar.com\\\/avatar\\\/5b7e0123885b2270f0bc833c606fa7b6ae733761d3e80d47e23ba829fe3bd7f7?s=96&d=mm&r=g\",\"contentUrl\":\"https:\\\/\\\/secure.gravatar.com\\\/avatar\\\/5b7e0123885b2270f0bc833c606fa7b6ae733761d3e80d47e23ba829fe3bd7f7?s=96&d=mm&r=g\",\"caption\":\"Ir\u00eddia\"},\"url\":\"https:\\\/\\\/iridia.cat\\\/en\\\/author\\\/iridia\\\/\"}]}<\/script>\n<!-- \/ Yoast SEO plugin. -->","yoast_head_json":{"title":"We are celebrating our 6th anniversary #AraDretsHumans","robots":{"index":"index","follow":"follow","max-snippet":"max-snippet:-1","max-image-preview":"max-image-preview:large","max-video-preview":"max-video-preview:-1"},"canonical":"https:\/\/iridia.cat\/en\/cat-celebrem-el-nostre-6e-aniversari-aradretshumans\/","og_locale":"en_US","og_type":"article","og_title":"We are celebrating our 6th anniversary #AraDretsHumans","og_description":"Ir\u00eddia is 6 years old and we celebrate it on October 21st with an afternoon of culture and human rights in Cal\u00e0bria66! To commemorate this anniversary we have brought together artists from different disciplines and relevant people in the defense of human rights. During the afternoon we will combine cultural performances with various lectures: there [&hellip;]","og_url":"https:\/\/iridia.cat\/en\/cat-celebrem-el-nostre-6e-aniversari-aradretshumans\/","og_site_name":"Ir\u00eddia","article_published_time":"2021-10-26T10:17:16+00:00","article_modified_time":"2021-11-16T09:47:33+00:00","og_image":[{"width":904,"height":1280,"url":"https:\/\/iridia.cat\/wp-content\/uploads\/2021\/10\/photo16335059703.jpeg","type":"image\/jpeg"}],"author":"Ir\u00eddia","twitter_card":"summary_large_image","twitter_misc":{"Written by":"Ir\u00eddia","Est. reading time":"1 minute"},"schema":{"@context":"https:\/\/schema.org","@graph":[{"@type":"Article","@id":"https:\/\/iridia.cat\/en\/cat-celebrem-el-nostre-6e-aniversari-aradretshumans\/#article","isPartOf":{"@id":"https:\/\/iridia.cat\/en\/cat-celebrem-el-nostre-6e-aniversari-aradretshumans\/"},"author":{"name":"Ir\u00eddia","@id":"https:\/\/test.iridia.cat\/#\/schema\/person\/4cd6357ca92585af3bb3f05b5c669d5f"},"headline":"We are celebrating our 6th anniversary #AraDretsHumans","datePublished":"2021-10-26T10:17:16+00:00","dateModified":"2021-11-16T09:47:33+00:00","mainEntityOfPage":{"@id":"https:\/\/iridia.cat\/en\/cat-celebrem-el-nostre-6e-aniversari-aradretshumans\/"},"wordCount":148,"publisher":{"@id":"https:\/\/test.iridia.cat\/#organization"},"image":{"@id":"https:\/\/iridia.cat\/en\/cat-celebrem-el-nostre-6e-aniversari-aradretshumans\/#primaryimage"},"thumbnailUrl":"https:\/\/iridia.cat\/wp-content\/uploads\/2021\/10\/photo16335059703.jpeg","keywords":["S\u00f2cies"],"articleSection":["Publications"],"inLanguage":"en-US"},{"@type":"WebPage","@id":"https:\/\/iridia.cat\/en\/cat-celebrem-el-nostre-6e-aniversari-aradretshumans\/","url":"https:\/\/iridia.cat\/en\/cat-celebrem-el-nostre-6e-aniversari-aradretshumans\/","name":"We are celebrating our 6th anniversary #AraDretsHumans","isPartOf":{"@id":"https:\/\/test.iridia.cat\/#website"},"primaryImageOfPage":{"@id":"https:\/\/iridia.cat\/en\/cat-celebrem-el-nostre-6e-aniversari-aradretshumans\/#primaryimage"},"image":{"@id":"https:\/\/iridia.cat\/en\/cat-celebrem-el-nostre-6e-aniversari-aradretshumans\/#primaryimage"},"thumbnailUrl":"https:\/\/iridia.cat\/wp-content\/uploads\/2021\/10\/photo16335059703.jpeg","datePublished":"2021-10-26T10:17:16+00:00","dateModified":"2021-11-16T09:47:33+00:00","breadcrumb":{"@id":"https:\/\/iridia.cat\/en\/cat-celebrem-el-nostre-6e-aniversari-aradretshumans\/#breadcrumb"},"inLanguage":"en-US","potentialAction":[{"@type":"ReadAction","target":["https:\/\/iridia.cat\/en\/cat-celebrem-el-nostre-6e-aniversari-aradretshumans\/"]}]},{"@type":"ImageObject","inLanguage":"en-US","@id":"https:\/\/iridia.cat\/en\/cat-celebrem-el-nostre-6e-aniversari-aradretshumans\/#primaryimage","url":"https:\/\/iridia.cat\/wp-content\/uploads\/2021\/10\/photo16335059703.jpeg","contentUrl":"https:\/\/iridia.cat\/wp-content\/uploads\/2021\/10\/photo16335059703.jpeg","width":904,"height":1280},{"@type":"BreadcrumbList","@id":"https:\/\/iridia.cat\/en\/cat-celebrem-el-nostre-6e-aniversari-aradretshumans\/#breadcrumb","itemListElement":[{"@type":"ListItem","position":1,"name":"Inici","item":"https:\/\/iridia.cat\/en\/"},{"@type":"ListItem","position":2,"name":"We are celebrating our 6th anniversary #AraDretsHumans"}]},{"@type":"WebSite","@id":"https:\/\/test.iridia.cat\/#website","url":"https:\/\/test.iridia.cat\/","name":"Ir\u00eddia","description":"","publisher":{"@id":"https:\/\/test.iridia.cat\/#organization"},"potentialAction":[{"@type":"SearchAction","target":{"@type":"EntryPoint","urlTemplate":"https:\/\/test.iridia.cat\/?s={search_term_string}"},"query-input":{"@type":"PropertyValueSpecification","valueRequired":true,"valueName":"search_term_string"}}],"inLanguage":"en-US"},{"@type":"Organization","@id":"https:\/\/test.iridia.cat\/#organization","name":"Ir\u00eddia","url":"https:\/\/test.iridia.cat\/","logo":{"@type":"ImageObject","inLanguage":"en-US","@id":"https:\/\/test.iridia.cat\/#\/schema\/logo\/image\/","url":"https:\/\/iridia.cat\/wp-content\/uploads\/2022\/10\/avatar_iridia.png","contentUrl":"https:\/\/iridia.cat\/wp-content\/uploads\/2022\/10\/avatar_iridia.png","width":740,"height":220,"caption":"Ir\u00eddia"},"image":{"@id":"https:\/\/test.iridia.cat\/#\/schema\/logo\/image\/"}},{"@type":"Person","@id":"https:\/\/test.iridia.cat\/#\/schema\/person\/4cd6357ca92585af3bb3f05b5c669d5f","name":"Ir\u00eddia","image":{"@type":"ImageObject","inLanguage":"en-US","@id":"https:\/\/secure.gravatar.com\/avatar\/5b7e0123885b2270f0bc833c606fa7b6ae733761d3e80d47e23ba829fe3bd7f7?s=96&d=mm&r=g","url":"https:\/\/secure.gravatar.com\/avatar\/5b7e0123885b2270f0bc833c606fa7b6ae733761d3e80d47e23ba829fe3bd7f7?s=96&d=mm&r=g","contentUrl":"https:\/\/secure.gravatar.com\/avatar\/5b7e0123885b2270f0bc833c606fa7b6ae733761d3e80d47e23ba829fe3bd7f7?s=96&d=mm&r=g","caption":"Ir\u00eddia"},"url":"https:\/\/iridia.cat\/en\/author\/iridia\/"}]}},"_links":{"self":[{"href":"https:\/\/iridia.cat\/en\/wp-json\/wp\/v2\/posts\/4199","targetHints":{"allow":["GET"]}}],"collection":[{"href":"https:\/\/iridia.cat\/en\/wp-json\/wp\/v2\/posts"}],"about":[{"href":"https:\/\/iridia.cat\/en\/wp-json\/wp\/v2\/types\/post"}],"author":[{"embeddable":true,"href":"https:\/\/iridia.cat\/en\/wp-json\/wp\/v2\/users\/2"}],"replies":[{"embeddable":true,"href":"https:\/\/iridia.cat\/en\/wp-json\/wp\/v2\/comments?post=4199"}],"version-history":[{"count":3,"href":"https:\/\/iridia.cat\/en\/wp-json\/wp\/v2\/posts\/4199\/revisions"}],"predecessor-version":[{"id":4475,"href":"https:\/\/iridia.cat\/en\/wp-json\/wp\/v2\/posts\/4199\/revisions\/4475"}],"wp:featuredmedia":[{"embeddable":true,"href":"https:\/\/iridia.cat\/en\/wp-json\/wp\/v2\/media\/4073"}],"wp:attachment":[{"href":"https:\/\/iridia.cat\/en\/wp-json\/wp\/v2\/media?parent=4199"}],"wp:term":[{"taxonomy":"category","embeddable":true,"href":"https:\/\/iridia.cat\/en\/wp-json\/wp\/v2\/categories?post=4199"},{"taxonomy":"post_tag","embeddable":true,"href":"https:\/\/iridia.cat\/en\/wp-json\/wp\/v2\/tags?post=4199"}],"curies":[{"name":"wp","href":"https:\/\/api.w.org\/{rel}","templated":true}]}}