{"id":4282,"date":"2020-10-07T12:14:27","date_gmt":"2020-10-07T10:14:27","guid":{"rendered":"https:\/\/test.iridia.cat\/?p=4282"},"modified":"2024-01-24T17:54:49","modified_gmt":"2024-01-24T16:54:49","slug":"cat-informe-vulneracions-de-drets-humans-en-les-deportacions","status":"publish","type":"post","link":"https:\/\/iridia.cat\/en\/cat-informe-vulneracions-de-drets-humans-en-les-deportacions\/","title":{"rendered":"(CAT) INFORME | &#8220;Vulneracions de drets humans en les deportacions&#8221;"},"content":{"rendered":"<blockquote>\n<h5><strong><a href=\"https:\/\/iridia.cat\/wp-content\/uploads\/2020\/11\/Deportaciones_FinalMOD_Imprimir-2.pdf\">DESCARGARREGA L&#8217;INFORME AQU\u00cd<\/a><\/strong><\/h5>\n<h5><\/h5>\n<h5><strong><a href=\"https:\/\/iridia.cat\/wp-content\/uploads\/2020\/11\/RESUMEN-EJECUTIVO_visualizacio\u0301nONLINE_HD_MOD.pdf\">DESCARREGA EL RESUMEN EJECUTIU AQU\u00cd<\/a><\/strong><\/h5>\n<\/blockquote>\n<p><iframe loading=\"lazy\" title=\"Deportaciones: miedo y discriminaci\u00f3n\" width=\"500\" height=\"281\" src=\"https:\/\/www.youtube.com\/embed\/1kYMs5egQbM?feature=oembed\" frameborder=\"0\" allow=\"accelerometer; autoplay; clipboard-write; encrypted-media; gyroscope; picture-in-picture; web-share\" referrerpolicy=\"strict-origin-when-cross-origin\" allowfullscreen><\/iframe><\/p>\n<p style=\"text-align: left;\">El sistema de deportaci\u00f3 constitueix un pilar clau de les pol\u00edtiques de control migratori i <strong>implica conseq\u00fc\u00e8ncies que vulneren greument els drets fonamentals de les persones en situaci\u00f3 d&#8217;irregularitat administrativa<\/strong>, aix\u00ed com tamb\u00e9, i de manera indirecta, d&#8217;aquelles que compten con la situaci\u00f3 administrativa regularitzada per\u00f2 que podrien trobar-se en situaci\u00f3 d&#8217;irregularitat sobrevinguda. No obstant aix\u00f2, la deportaci\u00f3 \u00e9s una pr\u00e0ctica que roman invisibilitzada tant en l&#8217;esfera p\u00fablica, com en la institucional.<\/p>\n<p style=\"text-align: left;\">Les deportacions trenquen projectes vitals. Gaireb\u00e9 mig mili\u00f3 de persones en l&#8217;Estat espanyol es troben en situaci\u00f3 administrativa irregular, i molt\u00edssimes altres poden trobar-se en situaci\u00f3 irregular sobrevinguda.<strong> Les deportacions no nom\u00e9s afecten a les persones que s\u00f3n efectivament deportades, sin\u00f3 que tamb\u00e9 damnifica a aquelles que s\u00f3n deportables.<\/strong> Aix\u00f2 evidencia que la deportaci\u00f3 adquireix abastos diferents i es resignifica: ja no n&#8217;\u00e9s \u00fanicament sin\u00f2nim de l&#8217;acte abrupte del despla\u00e7ament for\u00e7\u00f3s, sin\u00f3 que tamb\u00e9 implica por, explotaci\u00f3 i precarietat en la cotidianitat de moltes personas.<\/p>\n<p style=\"text-align: left;\">La deportaci\u00f3 no nom\u00e9s es manifesta en els vols, les fronteres, les tanques i els CIE, <strong>sin\u00f3 que es viu, dia rere dia, en els nostres barris i ciutats,<\/strong> a trav\u00e9s de les identificacions por perfil \u00e8tnic-racial por part dels cossos policials, de la vigil\u00e0ncia i el control ciutad\u00e0 i de les dificultats administratives que existeixen per a la regularitzaci\u00f3. Tenint en compte aquest enfocament anal\u00edtic, el present informe, elaborat conjuntament entre Ir\u00eddia i Novact, posa sobre la taula les <strong>vulneracions de drets humans que s\u00f3n producte del sistema de deportacions de l&#8217;Estat espanyol,<\/strong> aix\u00ed com els interessos econ\u00f2mics que mant\u00e9 la ind\u00fastria militar i de la seguretat en aquest sistema.<\/p>\n","protected":false},"excerpt":{"rendered":"<p>DESCARGARREGA L&#8217;INFORME AQU\u00cd DESCARREGA EL RESUMEN EJECUTIU AQU\u00cd El sistema de deportaci\u00f3 constitueix un pilar clau de les pol\u00edtiques de control migratori i implica conseq\u00fc\u00e8ncies que vulneren greument els drets fonamentals de les persones en situaci\u00f3 d&#8217;irregularitat administrativa, aix\u00ed com tamb\u00e9, i de manera indirecta, d&#8217;aquelles que compten con la situaci\u00f3 administrativa regularitzada per\u00f2 que [&hellip;]<\/p>\n","protected":false},"author":2,"featured_media":2989,"comment_status":"closed","ping_status":"closed","sticky":false,"template":"","format":"standard","meta":{"_acf_changed":false,"footnotes":""},"categories":[2],"tags":[81,127],"class_list":["post-4282","post","type-post","status-publish","format-standard","has-post-thumbnail","hentry","category-publications","tag-borders","tag-migrations"],"acf":[],"yoast_head":"<!-- This site is optimized with the Yoast SEO plugin v27.4 - https:\/\/yoast.com\/product\/yoast-seo-wordpress\/ -->\n<title>(CAT) INFORME | &quot;Vulneracions de drets humans en les deportacions&quot;<\/title>\n<meta name=\"robots\" content=\"index, follow, max-snippet:-1, max-image-preview:large, max-video-preview:-1\" \/>\n<link rel=\"canonical\" href=\"https:\/\/iridia.cat\/en\/cat-informe-vulneracions-de-drets-humans-en-les-deportacions\/\" \/>\n<meta property=\"og:locale\" content=\"en_US\" \/>\n<meta property=\"og:type\" content=\"article\" \/>\n<meta property=\"og:title\" content=\"(CAT) INFORME | &quot;Vulneracions de drets humans en les deportacions&quot;\" \/>\n<meta property=\"og:description\" content=\"DESCARGARREGA L&#8217;INFORME AQU\u00cd DESCARREGA EL RESUMEN EJECUTIU AQU\u00cd El sistema de deportaci\u00f3 constitueix un pilar clau de les pol\u00edtiques de control migratori i implica conseq\u00fc\u00e8ncies que vulneren greument els drets fonamentals de les persones en situaci\u00f3 d&#8217;irregularitat administrativa, aix\u00ed com tamb\u00e9, i de manera indirecta, d&#8217;aquelles que compten con la situaci\u00f3 administrativa regularitzada per\u00f2 que [&hellip;]\" \/>\n<meta property=\"og:url\" content=\"https:\/\/iridia.cat\/en\/cat-informe-vulneracions-de-drets-humans-en-les-deportacions\/\" \/>\n<meta property=\"og:site_name\" content=\"Ir\u00eddia\" \/>\n<meta property=\"article:published_time\" content=\"2020-10-07T10:14:27+00:00\" \/>\n<meta property=\"article:modified_time\" content=\"2024-01-24T16:54:49+00:00\" \/>\n<meta property=\"og:image\" content=\"https:\/\/iridia.cat\/wp-content\/uploads\/2020\/10\/photo5183731669360814211.jpg\" \/>\n\t<meta property=\"og:image:width\" content=\"702\" \/>\n\t<meta property=\"og:image:height\" content=\"490\" \/>\n\t<meta property=\"og:image:type\" content=\"image\/jpeg\" \/>\n<meta name=\"author\" content=\"Ir\u00eddia\" \/>\n<meta name=\"twitter:card\" content=\"summary_large_image\" \/>\n<meta name=\"twitter:label1\" content=\"Written by\" \/>\n\t<meta name=\"twitter:data1\" content=\"Ir\u00eddia\" \/>\n\t<meta name=\"twitter:label2\" content=\"Est. reading time\" \/>\n\t<meta name=\"twitter:data2\" content=\"2 minutes\" \/>\n<script type=\"application\/ld+json\" class=\"yoast-schema-graph\">{\"@context\":\"https:\\\/\\\/schema.org\",\"@graph\":[{\"@type\":\"Article\",\"@id\":\"https:\\\/\\\/iridia.cat\\\/en\\\/cat-informe-vulneracions-de-drets-humans-en-les-deportacions\\\/#article\",\"isPartOf\":{\"@id\":\"https:\\\/\\\/iridia.cat\\\/en\\\/cat-informe-vulneracions-de-drets-humans-en-les-deportacions\\\/\"},\"author\":{\"name\":\"Ir\u00eddia\",\"@id\":\"https:\\\/\\\/test.iridia.cat\\\/#\\\/schema\\\/person\\\/4cd6357ca92585af3bb3f05b5c669d5f\"},\"headline\":\"(CAT) INFORME | &#8220;Vulneracions de drets humans en les deportacions&#8221;\",\"datePublished\":\"2020-10-07T10:14:27+00:00\",\"dateModified\":\"2024-01-24T16:54:49+00:00\",\"mainEntityOfPage\":{\"@id\":\"https:\\\/\\\/iridia.cat\\\/en\\\/cat-informe-vulneracions-de-drets-humans-en-les-deportacions\\\/\"},\"wordCount\":325,\"publisher\":{\"@id\":\"https:\\\/\\\/test.iridia.cat\\\/#organization\"},\"image\":{\"@id\":\"https:\\\/\\\/iridia.cat\\\/en\\\/cat-informe-vulneracions-de-drets-humans-en-les-deportacions\\\/#primaryimage\"},\"thumbnailUrl\":\"https:\\\/\\\/iridia.cat\\\/wp-content\\\/uploads\\\/2020\\\/10\\\/photo5183731669360814211.jpg\",\"keywords\":[\"Borders\",\"Migrations\"],\"articleSection\":[\"Publications\"],\"inLanguage\":\"en-US\"},{\"@type\":\"WebPage\",\"@id\":\"https:\\\/\\\/iridia.cat\\\/en\\\/cat-informe-vulneracions-de-drets-humans-en-les-deportacions\\\/\",\"url\":\"https:\\\/\\\/iridia.cat\\\/en\\\/cat-informe-vulneracions-de-drets-humans-en-les-deportacions\\\/\",\"name\":\"(CAT) INFORME | \\\"Vulneracions de drets humans en les deportacions\\\"\",\"isPartOf\":{\"@id\":\"https:\\\/\\\/test.iridia.cat\\\/#website\"},\"primaryImageOfPage\":{\"@id\":\"https:\\\/\\\/iridia.cat\\\/en\\\/cat-informe-vulneracions-de-drets-humans-en-les-deportacions\\\/#primaryimage\"},\"image\":{\"@id\":\"https:\\\/\\\/iridia.cat\\\/en\\\/cat-informe-vulneracions-de-drets-humans-en-les-deportacions\\\/#primaryimage\"},\"thumbnailUrl\":\"https:\\\/\\\/iridia.cat\\\/wp-content\\\/uploads\\\/2020\\\/10\\\/photo5183731669360814211.jpg\",\"datePublished\":\"2020-10-07T10:14:27+00:00\",\"dateModified\":\"2024-01-24T16:54:49+00:00\",\"breadcrumb\":{\"@id\":\"https:\\\/\\\/iridia.cat\\\/en\\\/cat-informe-vulneracions-de-drets-humans-en-les-deportacions\\\/#breadcrumb\"},\"inLanguage\":\"en-US\",\"potentialAction\":[{\"@type\":\"ReadAction\",\"target\":[\"https:\\\/\\\/iridia.cat\\\/en\\\/cat-informe-vulneracions-de-drets-humans-en-les-deportacions\\\/\"]}]},{\"@type\":\"ImageObject\",\"inLanguage\":\"en-US\",\"@id\":\"https:\\\/\\\/iridia.cat\\\/en\\\/cat-informe-vulneracions-de-drets-humans-en-les-deportacions\\\/#primaryimage\",\"url\":\"https:\\\/\\\/iridia.cat\\\/wp-content\\\/uploads\\\/2020\\\/10\\\/photo5183731669360814211.jpg\",\"contentUrl\":\"https:\\\/\\\/iridia.cat\\\/wp-content\\\/uploads\\\/2020\\\/10\\\/photo5183731669360814211.jpg\",\"width\":702,\"height\":490},{\"@type\":\"BreadcrumbList\",\"@id\":\"https:\\\/\\\/iridia.cat\\\/en\\\/cat-informe-vulneracions-de-drets-humans-en-les-deportacions\\\/#breadcrumb\",\"itemListElement\":[{\"@type\":\"ListItem\",\"position\":1,\"name\":\"Inici\",\"item\":\"https:\\\/\\\/iridia.cat\\\/en\\\/\"},{\"@type\":\"ListItem\",\"position\":2,\"name\":\"(CAT) INFORME | &#8220;Vulneracions de drets humans en les deportacions&#8221;\"}]},{\"@type\":\"WebSite\",\"@id\":\"https:\\\/\\\/test.iridia.cat\\\/#website\",\"url\":\"https:\\\/\\\/test.iridia.cat\\\/\",\"name\":\"Ir\u00eddia\",\"description\":\"\",\"publisher\":{\"@id\":\"https:\\\/\\\/test.iridia.cat\\\/#organization\"},\"potentialAction\":[{\"@type\":\"SearchAction\",\"target\":{\"@type\":\"EntryPoint\",\"urlTemplate\":\"https:\\\/\\\/test.iridia.cat\\\/?s={search_term_string}\"},\"query-input\":{\"@type\":\"PropertyValueSpecification\",\"valueRequired\":true,\"valueName\":\"search_term_string\"}}],\"inLanguage\":\"en-US\"},{\"@type\":\"Organization\",\"@id\":\"https:\\\/\\\/test.iridia.cat\\\/#organization\",\"name\":\"Ir\u00eddia\",\"url\":\"https:\\\/\\\/test.iridia.cat\\\/\",\"logo\":{\"@type\":\"ImageObject\",\"inLanguage\":\"en-US\",\"@id\":\"https:\\\/\\\/test.iridia.cat\\\/#\\\/schema\\\/logo\\\/image\\\/\",\"url\":\"https:\\\/\\\/iridia.cat\\\/wp-content\\\/uploads\\\/2022\\\/10\\\/avatar_iridia.png\",\"contentUrl\":\"https:\\\/\\\/iridia.cat\\\/wp-content\\\/uploads\\\/2022\\\/10\\\/avatar_iridia.png\",\"width\":740,\"height\":220,\"caption\":\"Ir\u00eddia\"},\"image\":{\"@id\":\"https:\\\/\\\/test.iridia.cat\\\/#\\\/schema\\\/logo\\\/image\\\/\"}},{\"@type\":\"Person\",\"@id\":\"https:\\\/\\\/test.iridia.cat\\\/#\\\/schema\\\/person\\\/4cd6357ca92585af3bb3f05b5c669d5f\",\"name\":\"Ir\u00eddia\",\"image\":{\"@type\":\"ImageObject\",\"inLanguage\":\"en-US\",\"@id\":\"https:\\\/\\\/secure.gravatar.com\\\/avatar\\\/5b7e0123885b2270f0bc833c606fa7b6ae733761d3e80d47e23ba829fe3bd7f7?s=96&d=mm&r=g\",\"url\":\"https:\\\/\\\/secure.gravatar.com\\\/avatar\\\/5b7e0123885b2270f0bc833c606fa7b6ae733761d3e80d47e23ba829fe3bd7f7?s=96&d=mm&r=g\",\"contentUrl\":\"https:\\\/\\\/secure.gravatar.com\\\/avatar\\\/5b7e0123885b2270f0bc833c606fa7b6ae733761d3e80d47e23ba829fe3bd7f7?s=96&d=mm&r=g\",\"caption\":\"Ir\u00eddia\"},\"url\":\"https:\\\/\\\/iridia.cat\\\/en\\\/author\\\/iridia\\\/\"}]}<\/script>\n<!-- \/ Yoast SEO plugin. -->","yoast_head_json":{"title":"(CAT) INFORME | \"Vulneracions de drets humans en les deportacions\"","robots":{"index":"index","follow":"follow","max-snippet":"max-snippet:-1","max-image-preview":"max-image-preview:large","max-video-preview":"max-video-preview:-1"},"canonical":"https:\/\/iridia.cat\/en\/cat-informe-vulneracions-de-drets-humans-en-les-deportacions\/","og_locale":"en_US","og_type":"article","og_title":"(CAT) INFORME | \"Vulneracions de drets humans en les deportacions\"","og_description":"DESCARGARREGA L&#8217;INFORME AQU\u00cd DESCARREGA EL RESUMEN EJECUTIU AQU\u00cd El sistema de deportaci\u00f3 constitueix un pilar clau de les pol\u00edtiques de control migratori i implica conseq\u00fc\u00e8ncies que vulneren greument els drets fonamentals de les persones en situaci\u00f3 d&#8217;irregularitat administrativa, aix\u00ed com tamb\u00e9, i de manera indirecta, d&#8217;aquelles que compten con la situaci\u00f3 administrativa regularitzada per\u00f2 que [&hellip;]","og_url":"https:\/\/iridia.cat\/en\/cat-informe-vulneracions-de-drets-humans-en-les-deportacions\/","og_site_name":"Ir\u00eddia","article_published_time":"2020-10-07T10:14:27+00:00","article_modified_time":"2024-01-24T16:54:49+00:00","og_image":[{"width":702,"height":490,"url":"https:\/\/iridia.cat\/wp-content\/uploads\/2020\/10\/photo5183731669360814211.jpg","type":"image\/jpeg"}],"author":"Ir\u00eddia","twitter_card":"summary_large_image","twitter_misc":{"Written by":"Ir\u00eddia","Est. reading time":"2 minutes"},"schema":{"@context":"https:\/\/schema.org","@graph":[{"@type":"Article","@id":"https:\/\/iridia.cat\/en\/cat-informe-vulneracions-de-drets-humans-en-les-deportacions\/#article","isPartOf":{"@id":"https:\/\/iridia.cat\/en\/cat-informe-vulneracions-de-drets-humans-en-les-deportacions\/"},"author":{"name":"Ir\u00eddia","@id":"https:\/\/test.iridia.cat\/#\/schema\/person\/4cd6357ca92585af3bb3f05b5c669d5f"},"headline":"(CAT) INFORME | &#8220;Vulneracions de drets humans en les deportacions&#8221;","datePublished":"2020-10-07T10:14:27+00:00","dateModified":"2024-01-24T16:54:49+00:00","mainEntityOfPage":{"@id":"https:\/\/iridia.cat\/en\/cat-informe-vulneracions-de-drets-humans-en-les-deportacions\/"},"wordCount":325,"publisher":{"@id":"https:\/\/test.iridia.cat\/#organization"},"image":{"@id":"https:\/\/iridia.cat\/en\/cat-informe-vulneracions-de-drets-humans-en-les-deportacions\/#primaryimage"},"thumbnailUrl":"https:\/\/iridia.cat\/wp-content\/uploads\/2020\/10\/photo5183731669360814211.jpg","keywords":["Borders","Migrations"],"articleSection":["Publications"],"inLanguage":"en-US"},{"@type":"WebPage","@id":"https:\/\/iridia.cat\/en\/cat-informe-vulneracions-de-drets-humans-en-les-deportacions\/","url":"https:\/\/iridia.cat\/en\/cat-informe-vulneracions-de-drets-humans-en-les-deportacions\/","name":"(CAT) INFORME | \"Vulneracions de drets humans en les deportacions\"","isPartOf":{"@id":"https:\/\/test.iridia.cat\/#website"},"primaryImageOfPage":{"@id":"https:\/\/iridia.cat\/en\/cat-informe-vulneracions-de-drets-humans-en-les-deportacions\/#primaryimage"},"image":{"@id":"https:\/\/iridia.cat\/en\/cat-informe-vulneracions-de-drets-humans-en-les-deportacions\/#primaryimage"},"thumbnailUrl":"https:\/\/iridia.cat\/wp-content\/uploads\/2020\/10\/photo5183731669360814211.jpg","datePublished":"2020-10-07T10:14:27+00:00","dateModified":"2024-01-24T16:54:49+00:00","breadcrumb":{"@id":"https:\/\/iridia.cat\/en\/cat-informe-vulneracions-de-drets-humans-en-les-deportacions\/#breadcrumb"},"inLanguage":"en-US","potentialAction":[{"@type":"ReadAction","target":["https:\/\/iridia.cat\/en\/cat-informe-vulneracions-de-drets-humans-en-les-deportacions\/"]}]},{"@type":"ImageObject","inLanguage":"en-US","@id":"https:\/\/iridia.cat\/en\/cat-informe-vulneracions-de-drets-humans-en-les-deportacions\/#primaryimage","url":"https:\/\/iridia.cat\/wp-content\/uploads\/2020\/10\/photo5183731669360814211.jpg","contentUrl":"https:\/\/iridia.cat\/wp-content\/uploads\/2020\/10\/photo5183731669360814211.jpg","width":702,"height":490},{"@type":"BreadcrumbList","@id":"https:\/\/iridia.cat\/en\/cat-informe-vulneracions-de-drets-humans-en-les-deportacions\/#breadcrumb","itemListElement":[{"@type":"ListItem","position":1,"name":"Inici","item":"https:\/\/iridia.cat\/en\/"},{"@type":"ListItem","position":2,"name":"(CAT) INFORME | &#8220;Vulneracions de drets humans en les deportacions&#8221;"}]},{"@type":"WebSite","@id":"https:\/\/test.iridia.cat\/#website","url":"https:\/\/test.iridia.cat\/","name":"Ir\u00eddia","description":"","publisher":{"@id":"https:\/\/test.iridia.cat\/#organization"},"potentialAction":[{"@type":"SearchAction","target":{"@type":"EntryPoint","urlTemplate":"https:\/\/test.iridia.cat\/?s={search_term_string}"},"query-input":{"@type":"PropertyValueSpecification","valueRequired":true,"valueName":"search_term_string"}}],"inLanguage":"en-US"},{"@type":"Organization","@id":"https:\/\/test.iridia.cat\/#organization","name":"Ir\u00eddia","url":"https:\/\/test.iridia.cat\/","logo":{"@type":"ImageObject","inLanguage":"en-US","@id":"https:\/\/test.iridia.cat\/#\/schema\/logo\/image\/","url":"https:\/\/iridia.cat\/wp-content\/uploads\/2022\/10\/avatar_iridia.png","contentUrl":"https:\/\/iridia.cat\/wp-content\/uploads\/2022\/10\/avatar_iridia.png","width":740,"height":220,"caption":"Ir\u00eddia"},"image":{"@id":"https:\/\/test.iridia.cat\/#\/schema\/logo\/image\/"}},{"@type":"Person","@id":"https:\/\/test.iridia.cat\/#\/schema\/person\/4cd6357ca92585af3bb3f05b5c669d5f","name":"Ir\u00eddia","image":{"@type":"ImageObject","inLanguage":"en-US","@id":"https:\/\/secure.gravatar.com\/avatar\/5b7e0123885b2270f0bc833c606fa7b6ae733761d3e80d47e23ba829fe3bd7f7?s=96&d=mm&r=g","url":"https:\/\/secure.gravatar.com\/avatar\/5b7e0123885b2270f0bc833c606fa7b6ae733761d3e80d47e23ba829fe3bd7f7?s=96&d=mm&r=g","contentUrl":"https:\/\/secure.gravatar.com\/avatar\/5b7e0123885b2270f0bc833c606fa7b6ae733761d3e80d47e23ba829fe3bd7f7?s=96&d=mm&r=g","caption":"Ir\u00eddia"},"url":"https:\/\/iridia.cat\/en\/author\/iridia\/"}]}},"_links":{"self":[{"href":"https:\/\/iridia.cat\/en\/wp-json\/wp\/v2\/posts\/4282","targetHints":{"allow":["GET"]}}],"collection":[{"href":"https:\/\/iridia.cat\/en\/wp-json\/wp\/v2\/posts"}],"about":[{"href":"https:\/\/iridia.cat\/en\/wp-json\/wp\/v2\/types\/post"}],"author":[{"embeddable":true,"href":"https:\/\/iridia.cat\/en\/wp-json\/wp\/v2\/users\/2"}],"replies":[{"embeddable":true,"href":"https:\/\/iridia.cat\/en\/wp-json\/wp\/v2\/comments?post=4282"}],"version-history":[{"count":2,"href":"https:\/\/iridia.cat\/en\/wp-json\/wp\/v2\/posts\/4282\/revisions"}],"predecessor-version":[{"id":8902,"href":"https:\/\/iridia.cat\/en\/wp-json\/wp\/v2\/posts\/4282\/revisions\/8902"}],"wp:featuredmedia":[{"embeddable":true,"href":"https:\/\/iridia.cat\/en\/wp-json\/wp\/v2\/media\/2989"}],"wp:attachment":[{"href":"https:\/\/iridia.cat\/en\/wp-json\/wp\/v2\/media?parent=4282"}],"wp:term":[{"taxonomy":"category","embeddable":true,"href":"https:\/\/iridia.cat\/en\/wp-json\/wp\/v2\/categories?post=4282"},{"taxonomy":"post_tag","embeddable":true,"href":"https:\/\/iridia.cat\/en\/wp-json\/wp\/v2\/tags?post=4282"}],"curies":[{"name":"wp","href":"https:\/\/api.w.org\/{rel}","templated":true}]}}