{"id":4286,"date":"2020-10-02T12:15:05","date_gmt":"2020-10-02T10:15:05","guid":{"rendered":"https:\/\/test.iridia.cat\/?p=4286"},"modified":"2022-07-21T13:23:21","modified_gmt":"2022-07-21T11:23:21","slug":"cat-laimpunitatajudici-llancem-una-campanya-de-crowdfunding-per-ampliar-la-nostra-base-social","status":"publish","type":"post","link":"https:\/\/iridia.cat\/en\/cat-laimpunitatajudici-llancem-una-campanya-de-crowdfunding-per-ampliar-la-nostra-base-social\/","title":{"rendered":"(CAT) #LaImpunitatAJudici | Llancem una campanya de crowdfunding per ampliar la nostra base social"},"content":{"rendered":"<blockquote>\n<h3><a href=\"https:\/\/www.goteo.org\/project\/la-impunitat-a-judici\">Col\u00b7labora al crowdfunding<\/a><\/h3>\n<\/blockquote>\n<h3><b>Des d\u2019Ir\u00eddia avui engeguem una <a href=\"https:\/\/www.goteo.org\/project\/la-impunitat-a-judici\">campanya de micromecenatge<\/a> per donar suport al nostre servei d\u2019atenci\u00f3 i den\u00fancia davant casos de viol\u00e8ncia policial.\u00a0<\/b><\/h3>\n<p>&nbsp;<\/p>\n<p><span style=\"font-weight: 400;\">Portem 5 anys oferint <\/span><span style=\"font-weight: 400;\">un servei d&#8217;atenci\u00f3 jur\u00eddica i psicosocial gratu\u00eft a v\u00edctimes de viol\u00e8ncia policial, realitzant assessorament psicojur\u00eddic de tots els casos que ens arriben que, tan sols durant el 2019, <\/span><b>van arribar a ser 248.\u00a0<\/b><\/p>\n<p><span style=\"font-weight: 400;\">Aix\u00ed mateix, hem assumit la representaci\u00f3 lletrada i l&#8217;acompanyament psicosocial durant tot el procediment en els casos m\u00e9s greus i\/o representatius: <\/span><b>52 casos<\/b><span style=\"font-weight: 400;\"> que corresponen a v\u00edctimes de la viol\u00e8ncia policial en contextos de manifestaci\u00f3, vulneracions de drets humans al Centre d&#8217;Internament d&#8217;Estrangers de Barcelona, a l&#8217;espai p\u00fablic o en comissaries. Tamb\u00e9 representem casos de viol\u00e8ncia institucional i morts sota cust\u00f2dia a la pres\u00f3.\u00a0<\/span><\/p>\n<p><span style=\"font-weight: 400;\">Moltes de les causes en les quals estem treballant<\/span><b> avancen cap a judici.<\/b><span style=\"font-weight: 400;\"> Concretament en la <\/span><b>causa per les c\u00e0rregues de l&#8217;1 d&#8217;Octubre de 2017<\/b><span style=\"font-weight: 400;\"> a Barcelona, en la qual <\/span><b>representem a 13 persones afectades i hi ha 29 agents imputats<\/b><span style=\"font-weight: 400;\"> relacionats amb aquests actes, podr\u00edem encarar la fase de judici en els <\/span><b>pr\u00f2xims mesos. <\/b><span style=\"font-weight: 400;\">Properament tamb\u00e9 donarem a con\u00e8ixer m\u00e9s detalls sobre els casos que portem arran de les mobilitzacions a Catalunya durant<\/span><b> l\u2019octubre de 2018.\u00a0<\/b><\/p>\n<p><span style=\"font-weight: 400;\">Ir\u00eddia es finan\u00e7a a trav\u00e9s de les aportacions dels socis\/es i donacions, el finan\u00e7ament p\u00fablic i a trav\u00e9s de fundacions privades. <\/span><b>El nostre objectiu \u00e9s poder arribar a dependre principalment dels nostres socis i s\u00f2cies.<\/b><span style=\"font-weight: 400;\"> \u00c9s per aix\u00f2 que a trav\u00e9s de la campanya de micromecenatge <\/span><b>#LaImpunitatAJudici<\/b><span style=\"font-weight: 400;\"> oferim com a recompensa la possibilitat de que la persona mecenes pugui convertir-se en s\u00f2cia d&#8217;Ir\u00eddia, entre d&#8217;altres coses.\u00a0<\/span><\/p>\n<p><span style=\"font-weight: 400;\">Aquesta <a href=\"https:\/\/www.goteo.org\/project\/la-impunitat-a-judici\">campanya<\/a> tamb\u00e9 pret\u00e9n deixar clar als poders institucionals que no ens volem aturar aqu\u00ed, que volem seguir denunciant i exposant la viol\u00e8ncia i els abusos de poder, mentre desenvolupem les eines adequades perqu\u00e8 no hi hagi lloc per la impunitat.<\/span><\/p>\n<p>&nbsp;<\/p>\n<p><iframe loading=\"lazy\" title=\"#Viol\u00e8nciaPolicial1OaJudici\" width=\"500\" height=\"281\" src=\"https:\/\/www.youtube.com\/embed\/JNG6Fbyy2vg?start=68&#038;feature=oembed\" frameborder=\"0\" allow=\"accelerometer; autoplay; clipboard-write; encrypted-media; gyroscope; picture-in-picture; web-share\" referrerpolicy=\"strict-origin-when-cross-origin\" allowfullscreen><\/iframe><\/p>\n<p>&nbsp;<\/p>\n","protected":false},"excerpt":{"rendered":"<p>Col\u00b7labora al crowdfunding Des d\u2019Ir\u00eddia avui engeguem una campanya de micromecenatge per donar suport al nostre servei d\u2019atenci\u00f3 i den\u00fancia davant casos de viol\u00e8ncia policial.\u00a0 &nbsp; Portem 5 anys oferint un servei d&#8217;atenci\u00f3 jur\u00eddica i psicosocial gratu\u00eft a v\u00edctimes de viol\u00e8ncia policial, realitzant assessorament psicojur\u00eddic de tots els casos que ens arriben que, tan sols [&hellip;]<\/p>\n","protected":false},"author":2,"featured_media":2925,"comment_status":"closed","ping_status":"closed","sticky":false,"template":"","format":"standard","meta":{"_acf_changed":false,"footnotes":""},"categories":[2],"tags":[122],"class_list":["post-4286","post","type-post","status-publish","format-standard","has-post-thumbnail","hentry","category-publications","tag-socies"],"acf":[],"yoast_head":"<!-- This site is optimized with the Yoast SEO plugin v27.4 - https:\/\/yoast.com\/product\/yoast-seo-wordpress\/ -->\n<title>(CAT) #LaImpunitatAJudici | Llancem una campanya de crowdfunding per ampliar la nostra base social<\/title>\n<meta name=\"robots\" content=\"index, follow, max-snippet:-1, max-image-preview:large, max-video-preview:-1\" \/>\n<link rel=\"canonical\" href=\"https:\/\/iridia.cat\/en\/cat-laimpunitatajudici-llancem-una-campanya-de-crowdfunding-per-ampliar-la-nostra-base-social\/\" \/>\n<meta property=\"og:locale\" content=\"en_US\" \/>\n<meta property=\"og:type\" content=\"article\" \/>\n<meta property=\"og:title\" content=\"(CAT) #LaImpunitatAJudici | Llancem una campanya de crowdfunding per ampliar la nostra base social\" \/>\n<meta property=\"og:description\" content=\"Col\u00b7labora al crowdfunding Des d\u2019Ir\u00eddia avui engeguem una campanya de micromecenatge per donar suport al nostre servei d\u2019atenci\u00f3 i den\u00fancia davant casos de viol\u00e8ncia policial.\u00a0 &nbsp; Portem 5 anys oferint un servei d&#8217;atenci\u00f3 jur\u00eddica i psicosocial gratu\u00eft a v\u00edctimes de viol\u00e8ncia policial, realitzant assessorament psicojur\u00eddic de tots els casos que ens arriben que, tan sols [&hellip;]\" \/>\n<meta property=\"og:url\" content=\"https:\/\/iridia.cat\/en\/cat-laimpunitatajudici-llancem-una-campanya-de-crowdfunding-per-ampliar-la-nostra-base-social\/\" \/>\n<meta property=\"og:site_name\" content=\"Ir\u00eddia\" \/>\n<meta property=\"article:published_time\" content=\"2020-10-02T10:15:05+00:00\" \/>\n<meta property=\"article:modified_time\" content=\"2022-07-21T11:23:21+00:00\" \/>\n<meta property=\"og:image\" content=\"https:\/\/iridia.cat\/wp-content\/uploads\/2020\/10\/Pajarillo-2.jpg\" \/>\n\t<meta property=\"og:image:width\" content=\"900\" \/>\n\t<meta property=\"og:image:height\" content=\"300\" \/>\n\t<meta property=\"og:image:type\" content=\"image\/jpeg\" \/>\n<meta name=\"author\" content=\"Ir\u00eddia\" \/>\n<meta name=\"twitter:card\" content=\"summary_large_image\" \/>\n<meta name=\"twitter:label1\" content=\"Written by\" \/>\n\t<meta name=\"twitter:data1\" content=\"Ir\u00eddia\" \/>\n\t<meta name=\"twitter:label2\" content=\"Est. reading time\" \/>\n\t<meta name=\"twitter:data2\" content=\"2 minutes\" \/>\n<script type=\"application\/ld+json\" class=\"yoast-schema-graph\">{\"@context\":\"https:\\\/\\\/schema.org\",\"@graph\":[{\"@type\":\"Article\",\"@id\":\"https:\\\/\\\/iridia.cat\\\/en\\\/cat-laimpunitatajudici-llancem-una-campanya-de-crowdfunding-per-ampliar-la-nostra-base-social\\\/#article\",\"isPartOf\":{\"@id\":\"https:\\\/\\\/iridia.cat\\\/en\\\/cat-laimpunitatajudici-llancem-una-campanya-de-crowdfunding-per-ampliar-la-nostra-base-social\\\/\"},\"author\":{\"name\":\"Ir\u00eddia\",\"@id\":\"https:\\\/\\\/test.iridia.cat\\\/#\\\/schema\\\/person\\\/4cd6357ca92585af3bb3f05b5c669d5f\"},\"headline\":\"(CAT) #LaImpunitatAJudici | Llancem una campanya de crowdfunding per ampliar la nostra base social\",\"datePublished\":\"2020-10-02T10:15:05+00:00\",\"dateModified\":\"2022-07-21T11:23:21+00:00\",\"mainEntityOfPage\":{\"@id\":\"https:\\\/\\\/iridia.cat\\\/en\\\/cat-laimpunitatajudici-llancem-una-campanya-de-crowdfunding-per-ampliar-la-nostra-base-social\\\/\"},\"wordCount\":375,\"publisher\":{\"@id\":\"https:\\\/\\\/test.iridia.cat\\\/#organization\"},\"image\":{\"@id\":\"https:\\\/\\\/iridia.cat\\\/en\\\/cat-laimpunitatajudici-llancem-una-campanya-de-crowdfunding-per-ampliar-la-nostra-base-social\\\/#primaryimage\"},\"thumbnailUrl\":\"https:\\\/\\\/iridia.cat\\\/wp-content\\\/uploads\\\/2020\\\/10\\\/Pajarillo-2.jpg\",\"keywords\":[\"S\u00f2cies\"],\"articleSection\":[\"Publications\"],\"inLanguage\":\"en-US\"},{\"@type\":\"WebPage\",\"@id\":\"https:\\\/\\\/iridia.cat\\\/en\\\/cat-laimpunitatajudici-llancem-una-campanya-de-crowdfunding-per-ampliar-la-nostra-base-social\\\/\",\"url\":\"https:\\\/\\\/iridia.cat\\\/en\\\/cat-laimpunitatajudici-llancem-una-campanya-de-crowdfunding-per-ampliar-la-nostra-base-social\\\/\",\"name\":\"(CAT) #LaImpunitatAJudici | Llancem una campanya de crowdfunding per ampliar la nostra base social\",\"isPartOf\":{\"@id\":\"https:\\\/\\\/test.iridia.cat\\\/#website\"},\"primaryImageOfPage\":{\"@id\":\"https:\\\/\\\/iridia.cat\\\/en\\\/cat-laimpunitatajudici-llancem-una-campanya-de-crowdfunding-per-ampliar-la-nostra-base-social\\\/#primaryimage\"},\"image\":{\"@id\":\"https:\\\/\\\/iridia.cat\\\/en\\\/cat-laimpunitatajudici-llancem-una-campanya-de-crowdfunding-per-ampliar-la-nostra-base-social\\\/#primaryimage\"},\"thumbnailUrl\":\"https:\\\/\\\/iridia.cat\\\/wp-content\\\/uploads\\\/2020\\\/10\\\/Pajarillo-2.jpg\",\"datePublished\":\"2020-10-02T10:15:05+00:00\",\"dateModified\":\"2022-07-21T11:23:21+00:00\",\"breadcrumb\":{\"@id\":\"https:\\\/\\\/iridia.cat\\\/en\\\/cat-laimpunitatajudici-llancem-una-campanya-de-crowdfunding-per-ampliar-la-nostra-base-social\\\/#breadcrumb\"},\"inLanguage\":\"en-US\",\"potentialAction\":[{\"@type\":\"ReadAction\",\"target\":[\"https:\\\/\\\/iridia.cat\\\/en\\\/cat-laimpunitatajudici-llancem-una-campanya-de-crowdfunding-per-ampliar-la-nostra-base-social\\\/\"]}]},{\"@type\":\"ImageObject\",\"inLanguage\":\"en-US\",\"@id\":\"https:\\\/\\\/iridia.cat\\\/en\\\/cat-laimpunitatajudici-llancem-una-campanya-de-crowdfunding-per-ampliar-la-nostra-base-social\\\/#primaryimage\",\"url\":\"https:\\\/\\\/iridia.cat\\\/wp-content\\\/uploads\\\/2020\\\/10\\\/Pajarillo-2.jpg\",\"contentUrl\":\"https:\\\/\\\/iridia.cat\\\/wp-content\\\/uploads\\\/2020\\\/10\\\/Pajarillo-2.jpg\",\"width\":900,\"height\":300,\"caption\":\"Il\u00b7lustraci\u00f3: Joan Manel\"},{\"@type\":\"BreadcrumbList\",\"@id\":\"https:\\\/\\\/iridia.cat\\\/en\\\/cat-laimpunitatajudici-llancem-una-campanya-de-crowdfunding-per-ampliar-la-nostra-base-social\\\/#breadcrumb\",\"itemListElement\":[{\"@type\":\"ListItem\",\"position\":1,\"name\":\"Inici\",\"item\":\"https:\\\/\\\/iridia.cat\\\/en\\\/\"},{\"@type\":\"ListItem\",\"position\":2,\"name\":\"(CAT) #LaImpunitatAJudici | Llancem una campanya de crowdfunding per ampliar la nostra base social\"}]},{\"@type\":\"WebSite\",\"@id\":\"https:\\\/\\\/test.iridia.cat\\\/#website\",\"url\":\"https:\\\/\\\/test.iridia.cat\\\/\",\"name\":\"Ir\u00eddia\",\"description\":\"\",\"publisher\":{\"@id\":\"https:\\\/\\\/test.iridia.cat\\\/#organization\"},\"potentialAction\":[{\"@type\":\"SearchAction\",\"target\":{\"@type\":\"EntryPoint\",\"urlTemplate\":\"https:\\\/\\\/test.iridia.cat\\\/?s={search_term_string}\"},\"query-input\":{\"@type\":\"PropertyValueSpecification\",\"valueRequired\":true,\"valueName\":\"search_term_string\"}}],\"inLanguage\":\"en-US\"},{\"@type\":\"Organization\",\"@id\":\"https:\\\/\\\/test.iridia.cat\\\/#organization\",\"name\":\"Ir\u00eddia\",\"url\":\"https:\\\/\\\/test.iridia.cat\\\/\",\"logo\":{\"@type\":\"ImageObject\",\"inLanguage\":\"en-US\",\"@id\":\"https:\\\/\\\/test.iridia.cat\\\/#\\\/schema\\\/logo\\\/image\\\/\",\"url\":\"https:\\\/\\\/iridia.cat\\\/wp-content\\\/uploads\\\/2022\\\/10\\\/avatar_iridia.png\",\"contentUrl\":\"https:\\\/\\\/iridia.cat\\\/wp-content\\\/uploads\\\/2022\\\/10\\\/avatar_iridia.png\",\"width\":740,\"height\":220,\"caption\":\"Ir\u00eddia\"},\"image\":{\"@id\":\"https:\\\/\\\/test.iridia.cat\\\/#\\\/schema\\\/logo\\\/image\\\/\"}},{\"@type\":\"Person\",\"@id\":\"https:\\\/\\\/test.iridia.cat\\\/#\\\/schema\\\/person\\\/4cd6357ca92585af3bb3f05b5c669d5f\",\"name\":\"Ir\u00eddia\",\"image\":{\"@type\":\"ImageObject\",\"inLanguage\":\"en-US\",\"@id\":\"https:\\\/\\\/secure.gravatar.com\\\/avatar\\\/5b7e0123885b2270f0bc833c606fa7b6ae733761d3e80d47e23ba829fe3bd7f7?s=96&d=mm&r=g\",\"url\":\"https:\\\/\\\/secure.gravatar.com\\\/avatar\\\/5b7e0123885b2270f0bc833c606fa7b6ae733761d3e80d47e23ba829fe3bd7f7?s=96&d=mm&r=g\",\"contentUrl\":\"https:\\\/\\\/secure.gravatar.com\\\/avatar\\\/5b7e0123885b2270f0bc833c606fa7b6ae733761d3e80d47e23ba829fe3bd7f7?s=96&d=mm&r=g\",\"caption\":\"Ir\u00eddia\"},\"url\":\"https:\\\/\\\/iridia.cat\\\/en\\\/author\\\/iridia\\\/\"}]}<\/script>\n<!-- \/ Yoast SEO plugin. -->","yoast_head_json":{"title":"(CAT) #LaImpunitatAJudici | Llancem una campanya de crowdfunding per ampliar la nostra base social","robots":{"index":"index","follow":"follow","max-snippet":"max-snippet:-1","max-image-preview":"max-image-preview:large","max-video-preview":"max-video-preview:-1"},"canonical":"https:\/\/iridia.cat\/en\/cat-laimpunitatajudici-llancem-una-campanya-de-crowdfunding-per-ampliar-la-nostra-base-social\/","og_locale":"en_US","og_type":"article","og_title":"(CAT) #LaImpunitatAJudici | Llancem una campanya de crowdfunding per ampliar la nostra base social","og_description":"Col\u00b7labora al crowdfunding Des d\u2019Ir\u00eddia avui engeguem una campanya de micromecenatge per donar suport al nostre servei d\u2019atenci\u00f3 i den\u00fancia davant casos de viol\u00e8ncia policial.\u00a0 &nbsp; Portem 5 anys oferint un servei d&#8217;atenci\u00f3 jur\u00eddica i psicosocial gratu\u00eft a v\u00edctimes de viol\u00e8ncia policial, realitzant assessorament psicojur\u00eddic de tots els casos que ens arriben que, tan sols [&hellip;]","og_url":"https:\/\/iridia.cat\/en\/cat-laimpunitatajudici-llancem-una-campanya-de-crowdfunding-per-ampliar-la-nostra-base-social\/","og_site_name":"Ir\u00eddia","article_published_time":"2020-10-02T10:15:05+00:00","article_modified_time":"2022-07-21T11:23:21+00:00","og_image":[{"width":900,"height":300,"url":"https:\/\/iridia.cat\/wp-content\/uploads\/2020\/10\/Pajarillo-2.jpg","type":"image\/jpeg"}],"author":"Ir\u00eddia","twitter_card":"summary_large_image","twitter_misc":{"Written by":"Ir\u00eddia","Est. reading time":"2 minutes"},"schema":{"@context":"https:\/\/schema.org","@graph":[{"@type":"Article","@id":"https:\/\/iridia.cat\/en\/cat-laimpunitatajudici-llancem-una-campanya-de-crowdfunding-per-ampliar-la-nostra-base-social\/#article","isPartOf":{"@id":"https:\/\/iridia.cat\/en\/cat-laimpunitatajudici-llancem-una-campanya-de-crowdfunding-per-ampliar-la-nostra-base-social\/"},"author":{"name":"Ir\u00eddia","@id":"https:\/\/test.iridia.cat\/#\/schema\/person\/4cd6357ca92585af3bb3f05b5c669d5f"},"headline":"(CAT) #LaImpunitatAJudici | Llancem una campanya de crowdfunding per ampliar la nostra base social","datePublished":"2020-10-02T10:15:05+00:00","dateModified":"2022-07-21T11:23:21+00:00","mainEntityOfPage":{"@id":"https:\/\/iridia.cat\/en\/cat-laimpunitatajudici-llancem-una-campanya-de-crowdfunding-per-ampliar-la-nostra-base-social\/"},"wordCount":375,"publisher":{"@id":"https:\/\/test.iridia.cat\/#organization"},"image":{"@id":"https:\/\/iridia.cat\/en\/cat-laimpunitatajudici-llancem-una-campanya-de-crowdfunding-per-ampliar-la-nostra-base-social\/#primaryimage"},"thumbnailUrl":"https:\/\/iridia.cat\/wp-content\/uploads\/2020\/10\/Pajarillo-2.jpg","keywords":["S\u00f2cies"],"articleSection":["Publications"],"inLanguage":"en-US"},{"@type":"WebPage","@id":"https:\/\/iridia.cat\/en\/cat-laimpunitatajudici-llancem-una-campanya-de-crowdfunding-per-ampliar-la-nostra-base-social\/","url":"https:\/\/iridia.cat\/en\/cat-laimpunitatajudici-llancem-una-campanya-de-crowdfunding-per-ampliar-la-nostra-base-social\/","name":"(CAT) #LaImpunitatAJudici | Llancem una campanya de crowdfunding per ampliar la nostra base social","isPartOf":{"@id":"https:\/\/test.iridia.cat\/#website"},"primaryImageOfPage":{"@id":"https:\/\/iridia.cat\/en\/cat-laimpunitatajudici-llancem-una-campanya-de-crowdfunding-per-ampliar-la-nostra-base-social\/#primaryimage"},"image":{"@id":"https:\/\/iridia.cat\/en\/cat-laimpunitatajudici-llancem-una-campanya-de-crowdfunding-per-ampliar-la-nostra-base-social\/#primaryimage"},"thumbnailUrl":"https:\/\/iridia.cat\/wp-content\/uploads\/2020\/10\/Pajarillo-2.jpg","datePublished":"2020-10-02T10:15:05+00:00","dateModified":"2022-07-21T11:23:21+00:00","breadcrumb":{"@id":"https:\/\/iridia.cat\/en\/cat-laimpunitatajudici-llancem-una-campanya-de-crowdfunding-per-ampliar-la-nostra-base-social\/#breadcrumb"},"inLanguage":"en-US","potentialAction":[{"@type":"ReadAction","target":["https:\/\/iridia.cat\/en\/cat-laimpunitatajudici-llancem-una-campanya-de-crowdfunding-per-ampliar-la-nostra-base-social\/"]}]},{"@type":"ImageObject","inLanguage":"en-US","@id":"https:\/\/iridia.cat\/en\/cat-laimpunitatajudici-llancem-una-campanya-de-crowdfunding-per-ampliar-la-nostra-base-social\/#primaryimage","url":"https:\/\/iridia.cat\/wp-content\/uploads\/2020\/10\/Pajarillo-2.jpg","contentUrl":"https:\/\/iridia.cat\/wp-content\/uploads\/2020\/10\/Pajarillo-2.jpg","width":900,"height":300,"caption":"Il\u00b7lustraci\u00f3: Joan Manel"},{"@type":"BreadcrumbList","@id":"https:\/\/iridia.cat\/en\/cat-laimpunitatajudici-llancem-una-campanya-de-crowdfunding-per-ampliar-la-nostra-base-social\/#breadcrumb","itemListElement":[{"@type":"ListItem","position":1,"name":"Inici","item":"https:\/\/iridia.cat\/en\/"},{"@type":"ListItem","position":2,"name":"(CAT) #LaImpunitatAJudici | Llancem una campanya de crowdfunding per ampliar la nostra base social"}]},{"@type":"WebSite","@id":"https:\/\/test.iridia.cat\/#website","url":"https:\/\/test.iridia.cat\/","name":"Ir\u00eddia","description":"","publisher":{"@id":"https:\/\/test.iridia.cat\/#organization"},"potentialAction":[{"@type":"SearchAction","target":{"@type":"EntryPoint","urlTemplate":"https:\/\/test.iridia.cat\/?s={search_term_string}"},"query-input":{"@type":"PropertyValueSpecification","valueRequired":true,"valueName":"search_term_string"}}],"inLanguage":"en-US"},{"@type":"Organization","@id":"https:\/\/test.iridia.cat\/#organization","name":"Ir\u00eddia","url":"https:\/\/test.iridia.cat\/","logo":{"@type":"ImageObject","inLanguage":"en-US","@id":"https:\/\/test.iridia.cat\/#\/schema\/logo\/image\/","url":"https:\/\/iridia.cat\/wp-content\/uploads\/2022\/10\/avatar_iridia.png","contentUrl":"https:\/\/iridia.cat\/wp-content\/uploads\/2022\/10\/avatar_iridia.png","width":740,"height":220,"caption":"Ir\u00eddia"},"image":{"@id":"https:\/\/test.iridia.cat\/#\/schema\/logo\/image\/"}},{"@type":"Person","@id":"https:\/\/test.iridia.cat\/#\/schema\/person\/4cd6357ca92585af3bb3f05b5c669d5f","name":"Ir\u00eddia","image":{"@type":"ImageObject","inLanguage":"en-US","@id":"https:\/\/secure.gravatar.com\/avatar\/5b7e0123885b2270f0bc833c606fa7b6ae733761d3e80d47e23ba829fe3bd7f7?s=96&d=mm&r=g","url":"https:\/\/secure.gravatar.com\/avatar\/5b7e0123885b2270f0bc833c606fa7b6ae733761d3e80d47e23ba829fe3bd7f7?s=96&d=mm&r=g","contentUrl":"https:\/\/secure.gravatar.com\/avatar\/5b7e0123885b2270f0bc833c606fa7b6ae733761d3e80d47e23ba829fe3bd7f7?s=96&d=mm&r=g","caption":"Ir\u00eddia"},"url":"https:\/\/iridia.cat\/en\/author\/iridia\/"}]}},"_links":{"self":[{"href":"https:\/\/iridia.cat\/en\/wp-json\/wp\/v2\/posts\/4286","targetHints":{"allow":["GET"]}}],"collection":[{"href":"https:\/\/iridia.cat\/en\/wp-json\/wp\/v2\/posts"}],"about":[{"href":"https:\/\/iridia.cat\/en\/wp-json\/wp\/v2\/types\/post"}],"author":[{"embeddable":true,"href":"https:\/\/iridia.cat\/en\/wp-json\/wp\/v2\/users\/2"}],"replies":[{"embeddable":true,"href":"https:\/\/iridia.cat\/en\/wp-json\/wp\/v2\/comments?post=4286"}],"version-history":[{"count":1,"href":"https:\/\/iridia.cat\/en\/wp-json\/wp\/v2\/posts\/4286\/revisions"}],"predecessor-version":[{"id":4287,"href":"https:\/\/iridia.cat\/en\/wp-json\/wp\/v2\/posts\/4286\/revisions\/4287"}],"wp:featuredmedia":[{"embeddable":true,"href":"https:\/\/iridia.cat\/en\/wp-json\/wp\/v2\/media\/2925"}],"wp:attachment":[{"href":"https:\/\/iridia.cat\/en\/wp-json\/wp\/v2\/media?parent=4286"}],"wp:term":[{"taxonomy":"category","embeddable":true,"href":"https:\/\/iridia.cat\/en\/wp-json\/wp\/v2\/categories?post=4286"},{"taxonomy":"post_tag","embeddable":true,"href":"https:\/\/iridia.cat\/en\/wp-json\/wp\/v2\/tags?post=4286"}],"curies":[{"name":"wp","href":"https:\/\/api.w.org\/{rel}","templated":true}]}}