{"id":10946,"date":"2025-03-28T11:33:04","date_gmt":"2025-03-28T10:33:04","guid":{"rendered":"https:\/\/iridia.cat\/?p=10946"},"modified":"2025-03-28T11:34:55","modified_gmt":"2025-03-28T10:34:55","slug":"ley-mordaza-diez-anos-de-vulneraciones-de-derechos-humanos-y-promesas-incumplidas","status":"publish","type":"post","link":"https:\/\/iridia.cat\/es\/ley-mordaza-diez-anos-de-vulneraciones-de-derechos-humanos-y-promesas-incumplidas\/","title":{"rendered":"Ley Mordaza: 10 a\u00f1os de vulneraciones de derechos humanos y promesas incumplidas"},"content":{"rendered":"<ul>\n<li><strong>Organizaciones de la sociedad civil exigen una reforma urgente de esta Ley en un acto que se celebra hoy en Madrid.<\/strong><\/li>\n<\/ul>\n<p><span style=\"font-weight: 400;\">Organizaciones de la sociedad civil, entre ellas <\/span><b>Amnist\u00eda Internacional, Defender A Quien Defiende, Greenpeace, Ir\u00eddia, Legal Sol, No Somos Delito, Novact, CGT, Rights International Spain y Red Acoge<\/b><span style=\"font-weight: 400;\">, instan a que la reforma de la Ley de Seguridad Ciudadana, conocida como Ley Mordaza, se concrete antes del 10\u00ba aniversario de su entrada en vigor en julio y que el nuevo texto cumpla con los est\u00e1ndares internacionales de derechos humanos.<\/span><\/p>\n<p><span style=\"font-weight: 400;\">\u201cLas autoridades deben garantizar el derecho a la protesta sin temor a represalias ni criminalizaci\u00f3n. No es una cuesti\u00f3n partidista, sino una obligaci\u00f3n en materia de derechos humanos\u201d, han declarado las organizaciones.<\/span><\/p>\n<p><span style=\"font-weight: 400;\">En este contexto, hoy <\/span><b>28 de marzo<\/b><span style=\"font-weight: 400;\"> se llevar\u00e1 a cabo en Madrid un acto de protesta contra la Ley Mordaza y en contra de los controles policiales discriminatorios a las 18h en la Plaza Arturo Barea de Madrid. En el acto se leer\u00e1 el manifiesto \u201c<\/span><b>Parad el racismo y no a las personas\u201d<\/b><span style=\"font-weight: 400;\">,<\/span><a href=\"https:\/\/docs.google.com\/forms\/d\/e\/1FAIpQLSetoRn73GdnHpTwdkkyJd_fhXutj0iFZKIQ9fQlgqGyW2lvEg\/viewform?usp=preview\"> <span style=\"font-weight: 400;\">respaldado por m\u00e1s de 260 organizaciones<\/span><\/a><span style=\"font-weight: 400;\">.<\/span><\/p>\n<h3><b>Una d\u00e9cada de regresi\u00f3n en derechos humanos<\/b><\/h3>\n<p><span style=\"font-weight: 400;\">El <\/span><b>30 de marzo de 2025<\/b><span style=\"font-weight: 400;\"> se cumplen 10 a\u00f1os de la aprobaci\u00f3n de la Ley de Protecci\u00f3n de la Seguridad Ciudadana, conocida como <\/span><b>Ley Mordaza<\/b><span style=\"font-weight: 400;\">, debido a las restricciones impuestas al ejercicio de derechos y libertades fundamentales.<\/span><\/p>\n<p><span style=\"font-weight: 400;\">Durante estos a\u00f1os, el Gobierno y diversos grupos parlamentarios han prometido su derogaci\u00f3n o reforma integral en varias ocasiones, sin que hasta la fecha se haya materializado. Los procesos de reforma impulsados entre 2016-2019 y 2019-2023 quedaron inconclusos. Actualmente, en un tercer intento iniciado en mayo de 2024, las organizaciones exigen que la reforma se finalice antes del 1 de julio de 2025, que es la fecha de entrada en vigor de la citada ley.<\/span><\/p>\n<h3><b>Impacto de la Ley Mordaza: criminalizaci\u00f3n de la protesta<\/b><\/h3>\n<p><span style=\"font-weight: 400;\">Desde su entrada en vigor y hasta 2023 (\u00fanicos datos oficiales disponibles hasta ahora), se han registrado m\u00e1s de <\/span><b>429.000 sanciones<\/b><span style=\"font-weight: 400;\"> por infracciones relacionadas con la seguridad ciudadana, excluyendo aquellas vinculadas a drogas, armas y explosivos.<\/span><\/p>\n<p><span style=\"font-weight: 400;\">M\u00e1s del 76% de estas sanciones en materia de seguridad ciudadana se han impuesto por infracciones de <\/span><b>desobediencia, resistencia o negativa a identificarse (art\u00edculo 36.6)<\/b><span style=\"font-weight: 400;\"> y <\/span><b>faltas de respeto a la autoridad (art\u00edculo 37.4)<\/b><span style=\"font-weight: 400;\">.<\/span><\/p>\n<p><span style=\"font-weight: 400;\">Tanto la Comisaria de Derechos Humanos como la Comisi\u00f3n de Venecia del Consejo de Europa han criticado estos art\u00edculos por su impacto negativo en el derecho a la protesta.<\/span><\/p>\n<h3><b>Demandas clave en la reforma de la Ley Mordaza<\/b><\/h3>\n<p><span style=\"font-weight: 400;\">Las organizaciones exigen que la reforma contemple los siguientes asuntos clave:<\/span><\/p>\n<ol>\n<li style=\"font-weight: 400;\" aria-level=\"1\"><b>Prohibici\u00f3n expresa del perfilamiento racial<\/b><span style=\"font-weight: 400;\"> en las identificaciones y registros policiales. Se debe establecer el uso de formularios de parada que recojan datos desagregados, razones objetivas y resultados de las identificaciones, garantizando su publicaci\u00f3n y transparencia.<\/span><span style=\"font-weight: 400;\"><br \/>\n<\/span><\/li>\n<li style=\"font-weight: 400;\" aria-level=\"1\"><b>Eliminaci\u00f3n del rechazo en frontera<\/b><span style=\"font-weight: 400;\">. Debe garantizarse en cualquier caso, el acceso a v\u00edas legales y seguras de protecci\u00f3n internacional, asistencia letrada y evaluaci\u00f3n individualizada de los casos.<\/span><span style=\"font-weight: 400;\"><br \/>\n<\/span><\/li>\n<li style=\"font-weight: 400;\" aria-level=\"1\"><b>Modificaci\u00f3n <\/b> <b>de las infracciones m\u00e1s lesivas para la protesta<\/b><span style=\"font-weight: 400;\">, como los art\u00edculos 36.6 y 37.4, evitando su interpretaci\u00f3n arbitraria por parte de los agentes de los cuerpos y fuerzas de seguridad.<\/span><span style=\"font-weight: 400;\"><br \/>\n<\/span><\/li>\n<li style=\"font-weight: 400;\" aria-level=\"1\"><b>Supresi\u00f3n del art\u00edculo 36.23<\/b><span style=\"font-weight: 400;\">, que sanciona el uso de im\u00e1genes de los agentes durante sus intervenciones policiales, limitando de esta forma la documentaci\u00f3n de abusos y la libertad de informaci\u00f3n por parte de periodistas y ciudadan\u00eda.<\/span><span style=\"font-weight: 400;\"><br \/>\n<\/span><\/li>\n<li style=\"font-weight: 400;\" aria-level=\"1\"><b>Regulaci\u00f3n transparente del uso de material antidisturbios<\/b><span style=\"font-weight: 400;\">, con la participaci\u00f3n de expertos y la sociedad civil, garantizando mecanismos de trazabilidad y control efectivo, as\u00ed como de <\/span> <span style=\"font-weight: 400;\">rendici\u00f3n de cuentas.<\/span><span style=\"font-weight: 400;\"><br \/>\n<\/span><\/li>\n<\/ol>\n<p><span style=\"font-weight: 400;\">Las organizaciones firmantes reiteran su compromiso de seguir luchando hasta la eliminaci\u00f3n de los aspectos de la Ley Mordaza contrarios al respeto pleno a los derechos humanos en Espa\u00f1a.<\/span><\/p>\n<p><span style=\"font-weight: 400;\">Para que la voz de las entidades, los movimientos sociales y la ciudadan\u00eda llegue a los despachos y comisiones del Congreso de los Diputados, desde diferentes organizaciones antirracistas y en defensa del derecho a la protesta animamos a todas las personas comprometidas con la libertad a firmar por la derogaci\u00f3n de la Ley Mordaza.\u00a0 Es hora de que los representantes pol\u00edticos \u00a1basta ya de mordazas! <\/span><a href=\"https:\/\/proumordasses.iridia.cat\/\"><span style=\"font-weight: 400;\">https:\/\/proumordasses.iridia.cat\/<\/span><\/a><span style=\"font-weight: 400;\">\u00a0\u00a0\u00a0<\/span><\/p>\n<div class=\"margin-y-sm\"><\/div>\n","protected":false},"excerpt":{"rendered":"<p>Organizaciones de la sociedad civil exigen una reforma urgente de esta Ley en un acto que se celebra hoy en Madrid. Organizaciones de la sociedad civil, entre ellas Amnist\u00eda Internacional, Defender A Quien Defiende, Greenpeace, Ir\u00eddia, Legal Sol, No Somos Delito, Novact, CGT, Rights International Spain y Red Acoge, instan a que la reforma de [&hellip;]<\/p>\n","protected":false},"author":1485,"featured_media":10947,"comment_status":"closed","ping_status":"closed","sticky":false,"template":"","format":"standard","meta":{"_acf_changed":false,"footnotes":""},"categories":[74],"tags":[156,148],"class_list":["post-10946","post","type-post","status-publish","format-standard","has-post-thumbnail","hentry","category-comunicats-es","tag-protesta-es","tag-violencia-institucional-es-2"],"acf":[],"yoast_head":"<!-- This site is optimized with the Yoast SEO plugin v27.4 - https:\/\/yoast.com\/product\/yoast-seo-wordpress\/ -->\n<title>Ley Mordaza: 10 a\u00f1os de vulneraciones de derechos humanos y promesas incumplidas<\/title>\n<meta name=\"description\" content=\"Organizaciones de la sociedad civil exigen una reforma urgente de esta Ley en un acto que se celebra hoy en Madrid.\" \/>\n<meta name=\"robots\" content=\"index, follow, max-snippet:-1, max-image-preview:large, max-video-preview:-1\" \/>\n<link rel=\"canonical\" href=\"https:\/\/iridia.cat\/es\/ley-mordaza-diez-anos-de-vulneraciones-de-derechos-humanos-y-promesas-incumplidas\/\" \/>\n<meta property=\"og:locale\" content=\"es_ES\" \/>\n<meta property=\"og:type\" content=\"article\" \/>\n<meta property=\"og:title\" content=\"Ley Mordaza: 10 a\u00f1os de vulneraciones de derechos humanos y promesas incumplidas\" \/>\n<meta property=\"og:description\" content=\"Organizaciones de la sociedad civil exigen una reforma urgente de esta Ley en un acto que se celebra hoy en Madrid.\" \/>\n<meta property=\"og:url\" content=\"https:\/\/iridia.cat\/es\/ley-mordaza-diez-anos-de-vulneraciones-de-derechos-humanos-y-promesas-incumplidas\/\" \/>\n<meta property=\"og:site_name\" content=\"Ir\u00eddia\" \/>\n<meta property=\"article:published_time\" content=\"2025-03-28T10:33:04+00:00\" \/>\n<meta property=\"article:modified_time\" content=\"2025-03-28T10:34:55+00:00\" \/>\n<meta property=\"og:image\" content=\"https:\/\/iridia.cat\/wp-content\/uploads\/2025\/03\/RACISMO_026.webp\" \/>\n\t<meta property=\"og:image:width\" content=\"1200\" \/>\n\t<meta property=\"og:image:height\" content=\"900\" \/>\n\t<meta property=\"og:image:type\" content=\"image\/webp\" \/>\n<meta name=\"author\" content=\"Luc\u00eda Foraster\" \/>\n<meta name=\"twitter:card\" content=\"summary_large_image\" \/>\n<meta name=\"twitter:label1\" content=\"Written by\" \/>\n\t<meta name=\"twitter:data1\" content=\"Luc\u00eda Foraster\" \/>\n\t<meta name=\"twitter:label2\" content=\"Est. reading time\" \/>\n\t<meta name=\"twitter:data2\" content=\"4 minutes\" \/>\n<script type=\"application\/ld+json\" class=\"yoast-schema-graph\">{\"@context\":\"https:\\\/\\\/schema.org\",\"@graph\":[{\"@type\":\"Article\",\"@id\":\"https:\\\/\\\/iridia.cat\\\/es\\\/ley-mordaza-diez-anos-de-vulneraciones-de-derechos-humanos-y-promesas-incumplidas\\\/#article\",\"isPartOf\":{\"@id\":\"https:\\\/\\\/iridia.cat\\\/es\\\/ley-mordaza-diez-anos-de-vulneraciones-de-derechos-humanos-y-promesas-incumplidas\\\/\"},\"author\":{\"name\":\"Luc\u00eda Foraster\",\"@id\":\"https:\\\/\\\/test.iridia.cat\\\/#\\\/schema\\\/person\\\/35b3808e134cc68db1728427e96cc94a\"},\"headline\":\"Ley Mordaza: 10 a\u00f1os de vulneraciones de derechos humanos y promesas incumplidas\",\"datePublished\":\"2025-03-28T10:33:04+00:00\",\"dateModified\":\"2025-03-28T10:34:55+00:00\",\"mainEntityOfPage\":{\"@id\":\"https:\\\/\\\/iridia.cat\\\/es\\\/ley-mordaza-diez-anos-de-vulneraciones-de-derechos-humanos-y-promesas-incumplidas\\\/\"},\"wordCount\":728,\"publisher\":{\"@id\":\"https:\\\/\\\/test.iridia.cat\\\/#organization\"},\"image\":{\"@id\":\"https:\\\/\\\/iridia.cat\\\/es\\\/ley-mordaza-diez-anos-de-vulneraciones-de-derechos-humanos-y-promesas-incumplidas\\\/#primaryimage\"},\"thumbnailUrl\":\"https:\\\/\\\/iridia.cat\\\/wp-content\\\/uploads\\\/2025\\\/03\\\/RACISMO_026.webp\",\"keywords\":[\"Protesta\",\"Violencia institucional\"],\"articleSection\":[\"Comunicats\"],\"inLanguage\":\"es-ES\"},{\"@type\":\"WebPage\",\"@id\":\"https:\\\/\\\/iridia.cat\\\/es\\\/ley-mordaza-diez-anos-de-vulneraciones-de-derechos-humanos-y-promesas-incumplidas\\\/\",\"url\":\"https:\\\/\\\/iridia.cat\\\/es\\\/ley-mordaza-diez-anos-de-vulneraciones-de-derechos-humanos-y-promesas-incumplidas\\\/\",\"name\":\"Ley Mordaza: 10 a\u00f1os de vulneraciones de derechos humanos y promesas incumplidas\",\"isPartOf\":{\"@id\":\"https:\\\/\\\/test.iridia.cat\\\/#website\"},\"primaryImageOfPage\":{\"@id\":\"https:\\\/\\\/iridia.cat\\\/es\\\/ley-mordaza-diez-anos-de-vulneraciones-de-derechos-humanos-y-promesas-incumplidas\\\/#primaryimage\"},\"image\":{\"@id\":\"https:\\\/\\\/iridia.cat\\\/es\\\/ley-mordaza-diez-anos-de-vulneraciones-de-derechos-humanos-y-promesas-incumplidas\\\/#primaryimage\"},\"thumbnailUrl\":\"https:\\\/\\\/iridia.cat\\\/wp-content\\\/uploads\\\/2025\\\/03\\\/RACISMO_026.webp\",\"datePublished\":\"2025-03-28T10:33:04+00:00\",\"dateModified\":\"2025-03-28T10:34:55+00:00\",\"description\":\"Organizaciones de la sociedad civil exigen una reforma urgente de esta Ley en un acto que se celebra hoy en Madrid.\",\"breadcrumb\":{\"@id\":\"https:\\\/\\\/iridia.cat\\\/es\\\/ley-mordaza-diez-anos-de-vulneraciones-de-derechos-humanos-y-promesas-incumplidas\\\/#breadcrumb\"},\"inLanguage\":\"es-ES\",\"potentialAction\":[{\"@type\":\"ReadAction\",\"target\":[\"https:\\\/\\\/iridia.cat\\\/es\\\/ley-mordaza-diez-anos-de-vulneraciones-de-derechos-humanos-y-promesas-incumplidas\\\/\"]}]},{\"@type\":\"ImageObject\",\"inLanguage\":\"es-ES\",\"@id\":\"https:\\\/\\\/iridia.cat\\\/es\\\/ley-mordaza-diez-anos-de-vulneraciones-de-derechos-humanos-y-promesas-incumplidas\\\/#primaryimage\",\"url\":\"https:\\\/\\\/iridia.cat\\\/wp-content\\\/uploads\\\/2025\\\/03\\\/RACISMO_026.webp\",\"contentUrl\":\"https:\\\/\\\/iridia.cat\\\/wp-content\\\/uploads\\\/2025\\\/03\\\/RACISMO_026.webp\",\"width\":1200,\"height\":900,\"caption\":\"Parad el Racismo\"},{\"@type\":\"BreadcrumbList\",\"@id\":\"https:\\\/\\\/iridia.cat\\\/es\\\/ley-mordaza-diez-anos-de-vulneraciones-de-derechos-humanos-y-promesas-incumplidas\\\/#breadcrumb\",\"itemListElement\":[{\"@type\":\"ListItem\",\"position\":1,\"name\":\"Inici\",\"item\":\"https:\\\/\\\/iridia.cat\\\/es\\\/\"},{\"@type\":\"ListItem\",\"position\":2,\"name\":\"Ley Mordaza: 10 a\u00f1os de vulneraciones de derechos humanos y promesas incumplidas\"}]},{\"@type\":\"WebSite\",\"@id\":\"https:\\\/\\\/test.iridia.cat\\\/#website\",\"url\":\"https:\\\/\\\/test.iridia.cat\\\/\",\"name\":\"Ir\u00eddia\",\"description\":\"\",\"publisher\":{\"@id\":\"https:\\\/\\\/test.iridia.cat\\\/#organization\"},\"potentialAction\":[{\"@type\":\"SearchAction\",\"target\":{\"@type\":\"EntryPoint\",\"urlTemplate\":\"https:\\\/\\\/test.iridia.cat\\\/?s={search_term_string}\"},\"query-input\":{\"@type\":\"PropertyValueSpecification\",\"valueRequired\":true,\"valueName\":\"search_term_string\"}}],\"inLanguage\":\"es-ES\"},{\"@type\":\"Organization\",\"@id\":\"https:\\\/\\\/test.iridia.cat\\\/#organization\",\"name\":\"Ir\u00eddia\",\"url\":\"https:\\\/\\\/test.iridia.cat\\\/\",\"logo\":{\"@type\":\"ImageObject\",\"inLanguage\":\"es-ES\",\"@id\":\"https:\\\/\\\/test.iridia.cat\\\/#\\\/schema\\\/logo\\\/image\\\/\",\"url\":\"https:\\\/\\\/iridia.cat\\\/wp-content\\\/uploads\\\/2022\\\/10\\\/avatar_iridia.png\",\"contentUrl\":\"https:\\\/\\\/iridia.cat\\\/wp-content\\\/uploads\\\/2022\\\/10\\\/avatar_iridia.png\",\"width\":740,\"height\":220,\"caption\":\"Ir\u00eddia\"},\"image\":{\"@id\":\"https:\\\/\\\/test.iridia.cat\\\/#\\\/schema\\\/logo\\\/image\\\/\"}},{\"@type\":\"Person\",\"@id\":\"https:\\\/\\\/test.iridia.cat\\\/#\\\/schema\\\/person\\\/35b3808e134cc68db1728427e96cc94a\",\"name\":\"Luc\u00eda Foraster\",\"image\":{\"@type\":\"ImageObject\",\"inLanguage\":\"es-ES\",\"@id\":\"https:\\\/\\\/secure.gravatar.com\\\/avatar\\\/dbc1dbf299ca12d88468889446db05b32b820d9d37cb5a8c3ac17d2995f4f14c?s=96&d=mm&r=g\",\"url\":\"https:\\\/\\\/secure.gravatar.com\\\/avatar\\\/dbc1dbf299ca12d88468889446db05b32b820d9d37cb5a8c3ac17d2995f4f14c?s=96&d=mm&r=g\",\"contentUrl\":\"https:\\\/\\\/secure.gravatar.com\\\/avatar\\\/dbc1dbf299ca12d88468889446db05b32b820d9d37cb5a8c3ac17d2995f4f14c?s=96&d=mm&r=g\",\"caption\":\"Luc\u00eda Foraster\"},\"url\":\"https:\\\/\\\/iridia.cat\\\/es\\\/author\\\/luciaf\\\/\"}]}<\/script>\n<!-- \/ Yoast SEO plugin. -->","yoast_head_json":{"title":"Ley Mordaza: 10 a\u00f1os de vulneraciones de derechos humanos y promesas incumplidas","description":"Organizaciones de la sociedad civil exigen una reforma urgente de esta Ley en un acto que se celebra hoy en Madrid.","robots":{"index":"index","follow":"follow","max-snippet":"max-snippet:-1","max-image-preview":"max-image-preview:large","max-video-preview":"max-video-preview:-1"},"canonical":"https:\/\/iridia.cat\/es\/ley-mordaza-diez-anos-de-vulneraciones-de-derechos-humanos-y-promesas-incumplidas\/","og_locale":"es_ES","og_type":"article","og_title":"Ley Mordaza: 10 a\u00f1os de vulneraciones de derechos humanos y promesas incumplidas","og_description":"Organizaciones de la sociedad civil exigen una reforma urgente de esta Ley en un acto que se celebra hoy en Madrid.","og_url":"https:\/\/iridia.cat\/es\/ley-mordaza-diez-anos-de-vulneraciones-de-derechos-humanos-y-promesas-incumplidas\/","og_site_name":"Ir\u00eddia","article_published_time":"2025-03-28T10:33:04+00:00","article_modified_time":"2025-03-28T10:34:55+00:00","og_image":[{"width":1200,"height":900,"url":"https:\/\/iridia.cat\/wp-content\/uploads\/2025\/03\/RACISMO_026.webp","type":"image\/webp"}],"author":"Luc\u00eda Foraster","twitter_card":"summary_large_image","twitter_misc":{"Written by":"Luc\u00eda Foraster","Est. reading time":"4 minutes"},"schema":{"@context":"https:\/\/schema.org","@graph":[{"@type":"Article","@id":"https:\/\/iridia.cat\/es\/ley-mordaza-diez-anos-de-vulneraciones-de-derechos-humanos-y-promesas-incumplidas\/#article","isPartOf":{"@id":"https:\/\/iridia.cat\/es\/ley-mordaza-diez-anos-de-vulneraciones-de-derechos-humanos-y-promesas-incumplidas\/"},"author":{"name":"Luc\u00eda Foraster","@id":"https:\/\/test.iridia.cat\/#\/schema\/person\/35b3808e134cc68db1728427e96cc94a"},"headline":"Ley Mordaza: 10 a\u00f1os de vulneraciones de derechos humanos y promesas incumplidas","datePublished":"2025-03-28T10:33:04+00:00","dateModified":"2025-03-28T10:34:55+00:00","mainEntityOfPage":{"@id":"https:\/\/iridia.cat\/es\/ley-mordaza-diez-anos-de-vulneraciones-de-derechos-humanos-y-promesas-incumplidas\/"},"wordCount":728,"publisher":{"@id":"https:\/\/test.iridia.cat\/#organization"},"image":{"@id":"https:\/\/iridia.cat\/es\/ley-mordaza-diez-anos-de-vulneraciones-de-derechos-humanos-y-promesas-incumplidas\/#primaryimage"},"thumbnailUrl":"https:\/\/iridia.cat\/wp-content\/uploads\/2025\/03\/RACISMO_026.webp","keywords":["Protesta","Violencia institucional"],"articleSection":["Comunicats"],"inLanguage":"es-ES"},{"@type":"WebPage","@id":"https:\/\/iridia.cat\/es\/ley-mordaza-diez-anos-de-vulneraciones-de-derechos-humanos-y-promesas-incumplidas\/","url":"https:\/\/iridia.cat\/es\/ley-mordaza-diez-anos-de-vulneraciones-de-derechos-humanos-y-promesas-incumplidas\/","name":"Ley Mordaza: 10 a\u00f1os de vulneraciones de derechos humanos y promesas incumplidas","isPartOf":{"@id":"https:\/\/test.iridia.cat\/#website"},"primaryImageOfPage":{"@id":"https:\/\/iridia.cat\/es\/ley-mordaza-diez-anos-de-vulneraciones-de-derechos-humanos-y-promesas-incumplidas\/#primaryimage"},"image":{"@id":"https:\/\/iridia.cat\/es\/ley-mordaza-diez-anos-de-vulneraciones-de-derechos-humanos-y-promesas-incumplidas\/#primaryimage"},"thumbnailUrl":"https:\/\/iridia.cat\/wp-content\/uploads\/2025\/03\/RACISMO_026.webp","datePublished":"2025-03-28T10:33:04+00:00","dateModified":"2025-03-28T10:34:55+00:00","description":"Organizaciones de la sociedad civil exigen una reforma urgente de esta Ley en un acto que se celebra hoy en Madrid.","breadcrumb":{"@id":"https:\/\/iridia.cat\/es\/ley-mordaza-diez-anos-de-vulneraciones-de-derechos-humanos-y-promesas-incumplidas\/#breadcrumb"},"inLanguage":"es-ES","potentialAction":[{"@type":"ReadAction","target":["https:\/\/iridia.cat\/es\/ley-mordaza-diez-anos-de-vulneraciones-de-derechos-humanos-y-promesas-incumplidas\/"]}]},{"@type":"ImageObject","inLanguage":"es-ES","@id":"https:\/\/iridia.cat\/es\/ley-mordaza-diez-anos-de-vulneraciones-de-derechos-humanos-y-promesas-incumplidas\/#primaryimage","url":"https:\/\/iridia.cat\/wp-content\/uploads\/2025\/03\/RACISMO_026.webp","contentUrl":"https:\/\/iridia.cat\/wp-content\/uploads\/2025\/03\/RACISMO_026.webp","width":1200,"height":900,"caption":"Parad el Racismo"},{"@type":"BreadcrumbList","@id":"https:\/\/iridia.cat\/es\/ley-mordaza-diez-anos-de-vulneraciones-de-derechos-humanos-y-promesas-incumplidas\/#breadcrumb","itemListElement":[{"@type":"ListItem","position":1,"name":"Inici","item":"https:\/\/iridia.cat\/es\/"},{"@type":"ListItem","position":2,"name":"Ley Mordaza: 10 a\u00f1os de vulneraciones de derechos humanos y promesas incumplidas"}]},{"@type":"WebSite","@id":"https:\/\/test.iridia.cat\/#website","url":"https:\/\/test.iridia.cat\/","name":"Ir\u00eddia","description":"","publisher":{"@id":"https:\/\/test.iridia.cat\/#organization"},"potentialAction":[{"@type":"SearchAction","target":{"@type":"EntryPoint","urlTemplate":"https:\/\/test.iridia.cat\/?s={search_term_string}"},"query-input":{"@type":"PropertyValueSpecification","valueRequired":true,"valueName":"search_term_string"}}],"inLanguage":"es-ES"},{"@type":"Organization","@id":"https:\/\/test.iridia.cat\/#organization","name":"Ir\u00eddia","url":"https:\/\/test.iridia.cat\/","logo":{"@type":"ImageObject","inLanguage":"es-ES","@id":"https:\/\/test.iridia.cat\/#\/schema\/logo\/image\/","url":"https:\/\/iridia.cat\/wp-content\/uploads\/2022\/10\/avatar_iridia.png","contentUrl":"https:\/\/iridia.cat\/wp-content\/uploads\/2022\/10\/avatar_iridia.png","width":740,"height":220,"caption":"Ir\u00eddia"},"image":{"@id":"https:\/\/test.iridia.cat\/#\/schema\/logo\/image\/"}},{"@type":"Person","@id":"https:\/\/test.iridia.cat\/#\/schema\/person\/35b3808e134cc68db1728427e96cc94a","name":"Luc\u00eda Foraster","image":{"@type":"ImageObject","inLanguage":"es-ES","@id":"https:\/\/secure.gravatar.com\/avatar\/dbc1dbf299ca12d88468889446db05b32b820d9d37cb5a8c3ac17d2995f4f14c?s=96&d=mm&r=g","url":"https:\/\/secure.gravatar.com\/avatar\/dbc1dbf299ca12d88468889446db05b32b820d9d37cb5a8c3ac17d2995f4f14c?s=96&d=mm&r=g","contentUrl":"https:\/\/secure.gravatar.com\/avatar\/dbc1dbf299ca12d88468889446db05b32b820d9d37cb5a8c3ac17d2995f4f14c?s=96&d=mm&r=g","caption":"Luc\u00eda Foraster"},"url":"https:\/\/iridia.cat\/es\/author\/luciaf\/"}]}},"_links":{"self":[{"href":"https:\/\/iridia.cat\/es\/wp-json\/wp\/v2\/posts\/10946","targetHints":{"allow":["GET"]}}],"collection":[{"href":"https:\/\/iridia.cat\/es\/wp-json\/wp\/v2\/posts"}],"about":[{"href":"https:\/\/iridia.cat\/es\/wp-json\/wp\/v2\/types\/post"}],"author":[{"embeddable":true,"href":"https:\/\/iridia.cat\/es\/wp-json\/wp\/v2\/users\/1485"}],"replies":[{"embeddable":true,"href":"https:\/\/iridia.cat\/es\/wp-json\/wp\/v2\/comments?post=10946"}],"version-history":[{"count":2,"href":"https:\/\/iridia.cat\/es\/wp-json\/wp\/v2\/posts\/10946\/revisions"}],"predecessor-version":[{"id":10955,"href":"https:\/\/iridia.cat\/es\/wp-json\/wp\/v2\/posts\/10946\/revisions\/10955"}],"wp:featuredmedia":[{"embeddable":true,"href":"https:\/\/iridia.cat\/es\/wp-json\/wp\/v2\/media\/10947"}],"wp:attachment":[{"href":"https:\/\/iridia.cat\/es\/wp-json\/wp\/v2\/media?parent=10946"}],"wp:term":[{"taxonomy":"category","embeddable":true,"href":"https:\/\/iridia.cat\/es\/wp-json\/wp\/v2\/categories?post=10946"},{"taxonomy":"post_tag","embeddable":true,"href":"https:\/\/iridia.cat\/es\/wp-json\/wp\/v2\/tags?post=10946"}],"curies":[{"name":"wp","href":"https:\/\/api.w.org\/{rel}","templated":true}]}}