{"id":1291,"date":"2019-05-02T11:24:58","date_gmt":"2019-05-02T09:24:58","guid":{"rendered":"https:\/\/test.iridia.cat\/es\/comunicat-dos-interns-denuncien-agressions-al-cie-de-barcelona\/"},"modified":"2024-03-21T13:11:48","modified_gmt":"2024-03-21T12:11:48","slug":"comunicat-dos-interns-denuncien-agressions-al-cie-de-barcelona","status":"publish","type":"post","link":"https:\/\/iridia.cat\/es\/comunicat-dos-interns-denuncien-agressions-al-cie-de-barcelona\/","title":{"rendered":"[COMUNICADO] Dos internos denuncian agresiones en el CIE de Barcelona"},"content":{"rendered":"<p style=\"font-weight: 400;\"><strong>Desde Tanquem els CIEs y el centro IR\u00cdDIA, e<\/strong><strong>l s\u00e1bado 27 de abril presentamos una denuncia al juzgado de guardia en nombre de dos internos del CIE de Barcelona por las agresiones que aseguran que sufrieron el viernes en el comedor despu\u00e9s de cenar, por parte de agentes de polic\u00eda nacional.<\/strong><\/p>\n<p style=\"font-weight: 400;\">Luis Armando Ortiz estaba esperando para recibir su medicaci\u00f3n cuando empez\u00f3 una discusi\u00f3n con otro interno a causa de un malentendido. Entre empujones, se arrinconaron en una de las esquinas de la sala cuando en cuesti\u00f3n de segundos Luis Armando not\u00f3 fuertes golpes de porra en las costillas y, seguidamente, en la cabeza.\u00a0<strong>Entre 4 y 5 agentes del Cuerpo de Polic\u00eda Nacional que estaban vigilando el comedor, sin aviso previo, lo golpearon\u00a0<\/strong>con sus defensas en la cabeza, en las costillas, el pectoral, el b\u00edceps izquierdo, la parte derecha de la frente y un fuerte golpe en el ojo izquierdo. El otro interno, tal y como explica en la denuncia, recibi\u00f3 fuertes golpes en el pecho, en la mano izquierda, en la mano derecha y en la zona de los lumbares. Seg\u00fan relataron ambos internos a Tanquem els CIEs, algunos compa\u00f1eros que estaban en la zona tambi\u00e9n recibieron golpes de porra mientras gritaban a los agentes que pararan la agresi\u00f3n.<\/p>\n<p><a href=\"https:\/\/iridia.cat\/comunicat-dos-interns-denuncien-agressions-al-cie-de-barcelona\/attachment\/1\/\" rel=\"attachment wp-att-1270\"><img loading=\"lazy\" decoding=\"async\" class=\"alignnone wp-image-1270 size-large\" src=\"https:\/\/iridia.cat\/wp-content\/uploads\/2019\/05\/1-1024x586.jpg\" alt=\"\" width=\"1024\" height=\"586\" srcset=\"https:\/\/iridia.cat\/wp-content\/uploads\/2019\/05\/1-1024x586.jpg 1024w, https:\/\/iridia.cat\/wp-content\/uploads\/2019\/05\/1-300x172.jpg 300w, https:\/\/iridia.cat\/wp-content\/uploads\/2019\/05\/1-768x440.jpg 768w, https:\/\/iridia.cat\/wp-content\/uploads\/2019\/05\/1.jpg 1062w\" sizes=\"auto, (max-width: 1024px) 100vw, 1024px\" \/><\/a><\/p>\n<p><a href=\"https:\/\/iridia.cat\/comunicat-dos-interns-denuncien-agressions-al-cie-de-barcelona\/attachment\/2\/\" rel=\"attachment wp-att-1273\"><img loading=\"lazy\" decoding=\"async\" class=\"alignnone wp-image-1273 size-large\" src=\"https:\/\/iridia.cat\/wp-content\/uploads\/2019\/05\/2-1024x208.jpg\" alt=\"\" width=\"1024\" height=\"208\" srcset=\"https:\/\/iridia.cat\/wp-content\/uploads\/2019\/05\/2-1024x208.jpg 1024w, https:\/\/iridia.cat\/wp-content\/uploads\/2019\/05\/2-300x61.jpg 300w, https:\/\/iridia.cat\/wp-content\/uploads\/2019\/05\/2-768x156.jpg 768w, https:\/\/iridia.cat\/wp-content\/uploads\/2019\/05\/2.jpg 1059w\" sizes=\"auto, (max-width: 1024px) 100vw, 1024px\" \/><\/a><\/p>\n<p style=\"font-weight: 400;\"><b><span lang=\"es\">Los internos explican en la denuncia que la situaci\u00f3n de violencia ejercida por los 4 o 5 polic\u00edas dur\u00f3 entre cinco y siete minutos.<\/span><\/b><span lang=\"es\">\u00a0El agente que presuntamente hab\u00eda iniciado la agresi\u00f3n, al verse se\u00f1alado por los presentes en el comedor,\u00a0<b>se retir\u00f3 la banda delantera donde figuraba su n\u00famero de identificaci\u00f3n (TIP).<\/b>\u00a0Diversos agentes comenzaron lo que los internos describieron como un aut\u00e9ntico juego de intercambio de gorras, dificultando de ese modo su identificaci\u00f3n.<\/span><\/p>\n<p><a href=\"https:\/\/iridia.cat\/comunicat-dos-interns-denuncien-agressions-al-cie-de-barcelona\/attachment\/3\/\" rel=\"attachment wp-att-1276\"><img loading=\"lazy\" decoding=\"async\" class=\"alignnone wp-image-1276 size-full\" src=\"https:\/\/iridia.cat\/wp-content\/uploads\/2019\/05\/3.jpg\" alt=\"\" width=\"1017\" height=\"286\" srcset=\"https:\/\/iridia.cat\/wp-content\/uploads\/2019\/05\/3.jpg 1017w, https:\/\/iridia.cat\/wp-content\/uploads\/2019\/05\/3-300x84.jpg 300w, https:\/\/iridia.cat\/wp-content\/uploads\/2019\/05\/3-768x216.jpg 768w\" sizes=\"auto, (max-width: 1017px) 100vw, 1017px\" \/><\/a><\/p>\n<p><a href=\"https:\/\/iridia.cat\/comunicat-dos-interns-denuncien-agressions-al-cie-de-barcelona\/attachment\/4\/\" rel=\"attachment wp-att-1279\"><img loading=\"lazy\" decoding=\"async\" class=\"alignnone wp-image-1279 size-large\" src=\"https:\/\/iridia.cat\/wp-content\/uploads\/2019\/05\/4-1024x250.jpg\" alt=\"\" width=\"1024\" height=\"250\" srcset=\"https:\/\/iridia.cat\/wp-content\/uploads\/2019\/05\/4-1024x250.jpg 1024w, https:\/\/iridia.cat\/wp-content\/uploads\/2019\/05\/4-300x73.jpg 300w, https:\/\/iridia.cat\/wp-content\/uploads\/2019\/05\/4-768x187.jpg 768w, https:\/\/iridia.cat\/wp-content\/uploads\/2019\/05\/4.jpg 1062w\" sizes=\"auto, (max-width: 1024px) 100vw, 1024px\" \/><\/a><\/p>\n<p style=\"font-weight: 400;\">Ambos internos denunciantes fueron trasladados a la enfermer\u00eda, donde recibieron los cuidados m\u00ednimos necesarios para las varias heridas que les acababan de ocasionar. Sin embargo hay que decir que no est\u00e1n conformes con los partes m\u00e9dicos que les han hecho, ya que aunque las heridas indicaban de manera clara formas de porras, y lo internos hab\u00edan relatado que hab\u00edan sido agresiones policiales, el informe m\u00e9dico no recoge estos datos importantes<\/p>\n<p style=\"font-weight: 400;\">As\u00ed pues,\u00a0<strong>la abogada ha pedido con car\u00e1cter urgente que se adopten una serie de medidas cautelares<\/strong>, entre las cuales la\u00a0<strong>custodia de las c\u00e1maras de vigilanci<\/strong>a y la\u00a0<strong>suspensi\u00f3n de cualquier orden de expulsi\u00f3n de las personas que forman parte del proceso judicial<\/strong>\u00a0con tal de que se les tome declaraci\u00f3n y puedan formar parte de la investigaci\u00f3n de los hechos. Adem\u00e1s, se ha pedido la identificaci\u00f3n de todos los agentes implicados y que se los cite a declarar en calidad de investigados. Finalmente, se pide una evaluaci\u00f3n presencial por parte de un m\u00e9dico forense del estado f\u00edsico y psicol\u00f3gico de estos dos internos en la mayor brevedad posible.<\/p>\n<p><strong>Queremos dejar claro que estas agresiones no son un hecho aislado<\/strong>, sino que m\u00e1s bien son un hecho habitual en todos los centros de internamiento de extranjeros del Estado.\u00a0<strong>Tanquem els CIEs y el centro IR\u00cdDIA cuentan con el apoyo de la fundaci\u00f3n Bayt Al Thaqafa en la petici\u00f3n de que haya una investigaci\u00f3n para que se esclarezcan los hechos denunciados por los dos internos.<\/strong><\/p>\n<p>A pesar de las constantes denuncias a nivel legal y social no se ha iniciado ning\u00fan proceso de investigaci\u00f3n ni tampoco ning\u00fan paso hacia el cierre de estos centros, que no son m\u00e1s que la punta del iceberg del racismo institucional. Denunciamos, una vez m\u00e1s, que a la violencia racista ejercida por el Estado contra las personas migrantes amparada con la ley de extranjer\u00eda, se suma la violencia policial impune, oculta en la opacidad de estos centros.<\/p>\n<p style=\"font-weight: 400;\">ACTUALIZACI\u00d3N DE \u00daLTIMA HORA: La jueza de instrucci\u00f3n ha decretado el sobreseimiento por falta de pruebas, sin haber iniciado ning\u00fan tipo de investigaci\u00f3n. Es una decisi\u00f3n que implica ignorar la declaraci\u00f3n de dos personas que indican que sus derechos han sido vulnerados, implica no revisar las c\u00e1maras dejando v\u00eda libre a que las im\u00e1genes sean borradas, e implica tambi\u00e9n aumentar la situaci\u00f3n de indefensi\u00f3n de dos personas que seguir\u00e1n privadas de libertad en el CIE de Zona Franca.<\/p>\n<p>&nbsp;<\/p>\n<p><a href=\"https:\/\/iridia.cat\/logos-2\/\" rel=\"attachment wp-att-1282\"><img loading=\"lazy\" decoding=\"async\" class=\"wp-image-1282 size-large aligncenter\" src=\"https:\/\/iridia.cat\/wp-content\/uploads\/2019\/05\/logos-1024x168.jpg\" alt=\"\" width=\"1024\" height=\"168\" srcset=\"https:\/\/iridia.cat\/wp-content\/uploads\/2019\/05\/logos-1024x168.jpg 1024w, https:\/\/iridia.cat\/wp-content\/uploads\/2019\/05\/logos-300x49.jpg 300w, https:\/\/iridia.cat\/wp-content\/uploads\/2019\/05\/logos-768x126.jpg 768w, https:\/\/iridia.cat\/wp-content\/uploads\/2019\/05\/logos.jpg 1600w\" sizes=\"auto, (max-width: 1024px) 100vw, 1024px\" \/><\/a><\/p>\n","protected":false},"excerpt":{"rendered":"<p>Desde Tanquem els CIEs y el centro IR\u00cdDIA, el s\u00e1bado 27 de abril presentamos una denuncia al juzgado de guardia en nombre de dos internos del CIE de Barcelona por las agresiones que aseguran que sufrieron el viernes en el comedor despu\u00e9s de cenar, por parte de agentes de polic\u00eda nacional. Luis Armando Ortiz estaba [&hellip;]<\/p>\n","protected":false},"author":2,"featured_media":1287,"comment_status":"closed","ping_status":"closed","sticky":false,"template":"","format":"standard","meta":{"_acf_changed":false,"footnotes":""},"categories":[3],"tags":[58,144],"class_list":["post-1291","post","type-post","status-publish","format-standard","has-post-thumbnail","hentry","category-publicaciones","tag-comunicados-iridia","tag-migracions-es-2"],"acf":[],"yoast_head":"<!-- This site is optimized with the Yoast SEO plugin v27.4 - https:\/\/yoast.com\/product\/yoast-seo-wordpress\/ -->\n<title>[COMUNICADO] Dos internos denuncian agresiones en el CIE de Barcelona<\/title>\n<meta name=\"robots\" content=\"index, follow, max-snippet:-1, max-image-preview:large, max-video-preview:-1\" \/>\n<link rel=\"canonical\" href=\"https:\/\/iridia.cat\/es\/comunicat-dos-interns-denuncien-agressions-al-cie-de-barcelona\/\" \/>\n<meta property=\"og:locale\" content=\"es_ES\" \/>\n<meta property=\"og:type\" content=\"article\" \/>\n<meta property=\"og:title\" content=\"[COMUNICADO] Dos internos denuncian agresiones en el CIE de Barcelona\" \/>\n<meta property=\"og:description\" content=\"Desde Tanquem els CIEs y el centro IR\u00cdDIA, el s\u00e1bado 27 de abril presentamos una denuncia al juzgado de guardia en nombre de dos internos del CIE de Barcelona por las agresiones que aseguran que sufrieron el viernes en el comedor despu\u00e9s de cenar, por parte de agentes de polic\u00eda nacional. Luis Armando Ortiz estaba [&hellip;]\" \/>\n<meta property=\"og:url\" content=\"https:\/\/iridia.cat\/es\/comunicat-dos-interns-denuncien-agressions-al-cie-de-barcelona\/\" \/>\n<meta property=\"og:site_name\" content=\"Ir\u00eddia\" \/>\n<meta property=\"article:published_time\" content=\"2019-05-02T09:24:58+00:00\" \/>\n<meta property=\"article:modified_time\" content=\"2024-03-21T12:11:48+00:00\" \/>\n<meta property=\"og:image\" content=\"https:\/\/iridia.cat\/wp-content\/uploads\/2019\/05\/339283-600-338.jpg\" \/>\n\t<meta property=\"og:image:width\" content=\"600\" \/>\n\t<meta property=\"og:image:height\" content=\"338\" \/>\n\t<meta property=\"og:image:type\" content=\"image\/jpeg\" \/>\n<meta name=\"author\" content=\"Ir\u00eddia\" \/>\n<meta name=\"twitter:card\" content=\"summary_large_image\" \/>\n<meta name=\"twitter:label1\" content=\"Written by\" \/>\n\t<meta name=\"twitter:data1\" content=\"Ir\u00eddia\" \/>\n\t<meta name=\"twitter:label2\" content=\"Est. reading time\" \/>\n\t<meta name=\"twitter:data2\" content=\"5 minutes\" \/>\n<script type=\"application\/ld+json\" class=\"yoast-schema-graph\">{\"@context\":\"https:\\\/\\\/schema.org\",\"@graph\":[{\"@type\":\"Article\",\"@id\":\"https:\\\/\\\/iridia.cat\\\/es\\\/comunicat-dos-interns-denuncien-agressions-al-cie-de-barcelona\\\/#article\",\"isPartOf\":{\"@id\":\"https:\\\/\\\/iridia.cat\\\/es\\\/comunicat-dos-interns-denuncien-agressions-al-cie-de-barcelona\\\/\"},\"author\":{\"name\":\"Ir\u00eddia\",\"@id\":\"https:\\\/\\\/test.iridia.cat\\\/#\\\/schema\\\/person\\\/4cd6357ca92585af3bb3f05b5c669d5f\"},\"headline\":\"[COMUNICADO] Dos internos denuncian agresiones en el CIE de Barcelona\",\"datePublished\":\"2019-05-02T09:24:58+00:00\",\"dateModified\":\"2024-03-21T12:11:48+00:00\",\"mainEntityOfPage\":{\"@id\":\"https:\\\/\\\/iridia.cat\\\/es\\\/comunicat-dos-interns-denuncien-agressions-al-cie-de-barcelona\\\/\"},\"wordCount\":759,\"publisher\":{\"@id\":\"https:\\\/\\\/test.iridia.cat\\\/#organization\"},\"image\":{\"@id\":\"https:\\\/\\\/iridia.cat\\\/es\\\/comunicat-dos-interns-denuncien-agressions-al-cie-de-barcelona\\\/#primaryimage\"},\"thumbnailUrl\":\"https:\\\/\\\/iridia.cat\\\/wp-content\\\/uploads\\\/2019\\\/05\\\/339283-600-338.jpg\",\"keywords\":[\"Comunicados\",\"Migraciones\"],\"articleSection\":[\"Publicaciones\"],\"inLanguage\":\"es-ES\"},{\"@type\":\"WebPage\",\"@id\":\"https:\\\/\\\/iridia.cat\\\/es\\\/comunicat-dos-interns-denuncien-agressions-al-cie-de-barcelona\\\/\",\"url\":\"https:\\\/\\\/iridia.cat\\\/es\\\/comunicat-dos-interns-denuncien-agressions-al-cie-de-barcelona\\\/\",\"name\":\"[COMUNICADO] Dos internos denuncian agresiones en el CIE de Barcelona\",\"isPartOf\":{\"@id\":\"https:\\\/\\\/test.iridia.cat\\\/#website\"},\"primaryImageOfPage\":{\"@id\":\"https:\\\/\\\/iridia.cat\\\/es\\\/comunicat-dos-interns-denuncien-agressions-al-cie-de-barcelona\\\/#primaryimage\"},\"image\":{\"@id\":\"https:\\\/\\\/iridia.cat\\\/es\\\/comunicat-dos-interns-denuncien-agressions-al-cie-de-barcelona\\\/#primaryimage\"},\"thumbnailUrl\":\"https:\\\/\\\/iridia.cat\\\/wp-content\\\/uploads\\\/2019\\\/05\\\/339283-600-338.jpg\",\"datePublished\":\"2019-05-02T09:24:58+00:00\",\"dateModified\":\"2024-03-21T12:11:48+00:00\",\"breadcrumb\":{\"@id\":\"https:\\\/\\\/iridia.cat\\\/es\\\/comunicat-dos-interns-denuncien-agressions-al-cie-de-barcelona\\\/#breadcrumb\"},\"inLanguage\":\"es-ES\",\"potentialAction\":[{\"@type\":\"ReadAction\",\"target\":[\"https:\\\/\\\/iridia.cat\\\/es\\\/comunicat-dos-interns-denuncien-agressions-al-cie-de-barcelona\\\/\"]}]},{\"@type\":\"ImageObject\",\"inLanguage\":\"es-ES\",\"@id\":\"https:\\\/\\\/iridia.cat\\\/es\\\/comunicat-dos-interns-denuncien-agressions-al-cie-de-barcelona\\\/#primaryimage\",\"url\":\"https:\\\/\\\/iridia.cat\\\/wp-content\\\/uploads\\\/2019\\\/05\\\/339283-600-338.jpg\",\"contentUrl\":\"https:\\\/\\\/iridia.cat\\\/wp-content\\\/uploads\\\/2019\\\/05\\\/339283-600-338.jpg\",\"width\":600,\"height\":338},{\"@type\":\"BreadcrumbList\",\"@id\":\"https:\\\/\\\/iridia.cat\\\/es\\\/comunicat-dos-interns-denuncien-agressions-al-cie-de-barcelona\\\/#breadcrumb\",\"itemListElement\":[{\"@type\":\"ListItem\",\"position\":1,\"name\":\"Inici\",\"item\":\"https:\\\/\\\/iridia.cat\\\/es\\\/\"},{\"@type\":\"ListItem\",\"position\":2,\"name\":\"[COMUNICADO] Dos internos denuncian agresiones en el CIE de Barcelona\"}]},{\"@type\":\"WebSite\",\"@id\":\"https:\\\/\\\/test.iridia.cat\\\/#website\",\"url\":\"https:\\\/\\\/test.iridia.cat\\\/\",\"name\":\"Ir\u00eddia\",\"description\":\"\",\"publisher\":{\"@id\":\"https:\\\/\\\/test.iridia.cat\\\/#organization\"},\"potentialAction\":[{\"@type\":\"SearchAction\",\"target\":{\"@type\":\"EntryPoint\",\"urlTemplate\":\"https:\\\/\\\/test.iridia.cat\\\/?s={search_term_string}\"},\"query-input\":{\"@type\":\"PropertyValueSpecification\",\"valueRequired\":true,\"valueName\":\"search_term_string\"}}],\"inLanguage\":\"es-ES\"},{\"@type\":\"Organization\",\"@id\":\"https:\\\/\\\/test.iridia.cat\\\/#organization\",\"name\":\"Ir\u00eddia\",\"url\":\"https:\\\/\\\/test.iridia.cat\\\/\",\"logo\":{\"@type\":\"ImageObject\",\"inLanguage\":\"es-ES\",\"@id\":\"https:\\\/\\\/test.iridia.cat\\\/#\\\/schema\\\/logo\\\/image\\\/\",\"url\":\"https:\\\/\\\/iridia.cat\\\/wp-content\\\/uploads\\\/2022\\\/10\\\/avatar_iridia.png\",\"contentUrl\":\"https:\\\/\\\/iridia.cat\\\/wp-content\\\/uploads\\\/2022\\\/10\\\/avatar_iridia.png\",\"width\":740,\"height\":220,\"caption\":\"Ir\u00eddia\"},\"image\":{\"@id\":\"https:\\\/\\\/test.iridia.cat\\\/#\\\/schema\\\/logo\\\/image\\\/\"}},{\"@type\":\"Person\",\"@id\":\"https:\\\/\\\/test.iridia.cat\\\/#\\\/schema\\\/person\\\/4cd6357ca92585af3bb3f05b5c669d5f\",\"name\":\"Ir\u00eddia\",\"image\":{\"@type\":\"ImageObject\",\"inLanguage\":\"es-ES\",\"@id\":\"https:\\\/\\\/secure.gravatar.com\\\/avatar\\\/5b7e0123885b2270f0bc833c606fa7b6ae733761d3e80d47e23ba829fe3bd7f7?s=96&d=mm&r=g\",\"url\":\"https:\\\/\\\/secure.gravatar.com\\\/avatar\\\/5b7e0123885b2270f0bc833c606fa7b6ae733761d3e80d47e23ba829fe3bd7f7?s=96&d=mm&r=g\",\"contentUrl\":\"https:\\\/\\\/secure.gravatar.com\\\/avatar\\\/5b7e0123885b2270f0bc833c606fa7b6ae733761d3e80d47e23ba829fe3bd7f7?s=96&d=mm&r=g\",\"caption\":\"Ir\u00eddia\"},\"url\":\"https:\\\/\\\/iridia.cat\\\/es\\\/author\\\/iridia\\\/\"}]}<\/script>\n<!-- \/ Yoast SEO plugin. -->","yoast_head_json":{"title":"[COMUNICADO] Dos internos denuncian agresiones en el CIE de Barcelona","robots":{"index":"index","follow":"follow","max-snippet":"max-snippet:-1","max-image-preview":"max-image-preview:large","max-video-preview":"max-video-preview:-1"},"canonical":"https:\/\/iridia.cat\/es\/comunicat-dos-interns-denuncien-agressions-al-cie-de-barcelona\/","og_locale":"es_ES","og_type":"article","og_title":"[COMUNICADO] Dos internos denuncian agresiones en el CIE de Barcelona","og_description":"Desde Tanquem els CIEs y el centro IR\u00cdDIA, el s\u00e1bado 27 de abril presentamos una denuncia al juzgado de guardia en nombre de dos internos del CIE de Barcelona por las agresiones que aseguran que sufrieron el viernes en el comedor despu\u00e9s de cenar, por parte de agentes de polic\u00eda nacional. Luis Armando Ortiz estaba [&hellip;]","og_url":"https:\/\/iridia.cat\/es\/comunicat-dos-interns-denuncien-agressions-al-cie-de-barcelona\/","og_site_name":"Ir\u00eddia","article_published_time":"2019-05-02T09:24:58+00:00","article_modified_time":"2024-03-21T12:11:48+00:00","og_image":[{"width":600,"height":338,"url":"https:\/\/iridia.cat\/wp-content\/uploads\/2019\/05\/339283-600-338.jpg","type":"image\/jpeg"}],"author":"Ir\u00eddia","twitter_card":"summary_large_image","twitter_misc":{"Written by":"Ir\u00eddia","Est. reading time":"5 minutes"},"schema":{"@context":"https:\/\/schema.org","@graph":[{"@type":"Article","@id":"https:\/\/iridia.cat\/es\/comunicat-dos-interns-denuncien-agressions-al-cie-de-barcelona\/#article","isPartOf":{"@id":"https:\/\/iridia.cat\/es\/comunicat-dos-interns-denuncien-agressions-al-cie-de-barcelona\/"},"author":{"name":"Ir\u00eddia","@id":"https:\/\/test.iridia.cat\/#\/schema\/person\/4cd6357ca92585af3bb3f05b5c669d5f"},"headline":"[COMUNICADO] Dos internos denuncian agresiones en el CIE de Barcelona","datePublished":"2019-05-02T09:24:58+00:00","dateModified":"2024-03-21T12:11:48+00:00","mainEntityOfPage":{"@id":"https:\/\/iridia.cat\/es\/comunicat-dos-interns-denuncien-agressions-al-cie-de-barcelona\/"},"wordCount":759,"publisher":{"@id":"https:\/\/test.iridia.cat\/#organization"},"image":{"@id":"https:\/\/iridia.cat\/es\/comunicat-dos-interns-denuncien-agressions-al-cie-de-barcelona\/#primaryimage"},"thumbnailUrl":"https:\/\/iridia.cat\/wp-content\/uploads\/2019\/05\/339283-600-338.jpg","keywords":["Comunicados","Migraciones"],"articleSection":["Publicaciones"],"inLanguage":"es-ES"},{"@type":"WebPage","@id":"https:\/\/iridia.cat\/es\/comunicat-dos-interns-denuncien-agressions-al-cie-de-barcelona\/","url":"https:\/\/iridia.cat\/es\/comunicat-dos-interns-denuncien-agressions-al-cie-de-barcelona\/","name":"[COMUNICADO] Dos internos denuncian agresiones en el CIE de Barcelona","isPartOf":{"@id":"https:\/\/test.iridia.cat\/#website"},"primaryImageOfPage":{"@id":"https:\/\/iridia.cat\/es\/comunicat-dos-interns-denuncien-agressions-al-cie-de-barcelona\/#primaryimage"},"image":{"@id":"https:\/\/iridia.cat\/es\/comunicat-dos-interns-denuncien-agressions-al-cie-de-barcelona\/#primaryimage"},"thumbnailUrl":"https:\/\/iridia.cat\/wp-content\/uploads\/2019\/05\/339283-600-338.jpg","datePublished":"2019-05-02T09:24:58+00:00","dateModified":"2024-03-21T12:11:48+00:00","breadcrumb":{"@id":"https:\/\/iridia.cat\/es\/comunicat-dos-interns-denuncien-agressions-al-cie-de-barcelona\/#breadcrumb"},"inLanguage":"es-ES","potentialAction":[{"@type":"ReadAction","target":["https:\/\/iridia.cat\/es\/comunicat-dos-interns-denuncien-agressions-al-cie-de-barcelona\/"]}]},{"@type":"ImageObject","inLanguage":"es-ES","@id":"https:\/\/iridia.cat\/es\/comunicat-dos-interns-denuncien-agressions-al-cie-de-barcelona\/#primaryimage","url":"https:\/\/iridia.cat\/wp-content\/uploads\/2019\/05\/339283-600-338.jpg","contentUrl":"https:\/\/iridia.cat\/wp-content\/uploads\/2019\/05\/339283-600-338.jpg","width":600,"height":338},{"@type":"BreadcrumbList","@id":"https:\/\/iridia.cat\/es\/comunicat-dos-interns-denuncien-agressions-al-cie-de-barcelona\/#breadcrumb","itemListElement":[{"@type":"ListItem","position":1,"name":"Inici","item":"https:\/\/iridia.cat\/es\/"},{"@type":"ListItem","position":2,"name":"[COMUNICADO] Dos internos denuncian agresiones en el CIE de Barcelona"}]},{"@type":"WebSite","@id":"https:\/\/test.iridia.cat\/#website","url":"https:\/\/test.iridia.cat\/","name":"Ir\u00eddia","description":"","publisher":{"@id":"https:\/\/test.iridia.cat\/#organization"},"potentialAction":[{"@type":"SearchAction","target":{"@type":"EntryPoint","urlTemplate":"https:\/\/test.iridia.cat\/?s={search_term_string}"},"query-input":{"@type":"PropertyValueSpecification","valueRequired":true,"valueName":"search_term_string"}}],"inLanguage":"es-ES"},{"@type":"Organization","@id":"https:\/\/test.iridia.cat\/#organization","name":"Ir\u00eddia","url":"https:\/\/test.iridia.cat\/","logo":{"@type":"ImageObject","inLanguage":"es-ES","@id":"https:\/\/test.iridia.cat\/#\/schema\/logo\/image\/","url":"https:\/\/iridia.cat\/wp-content\/uploads\/2022\/10\/avatar_iridia.png","contentUrl":"https:\/\/iridia.cat\/wp-content\/uploads\/2022\/10\/avatar_iridia.png","width":740,"height":220,"caption":"Ir\u00eddia"},"image":{"@id":"https:\/\/test.iridia.cat\/#\/schema\/logo\/image\/"}},{"@type":"Person","@id":"https:\/\/test.iridia.cat\/#\/schema\/person\/4cd6357ca92585af3bb3f05b5c669d5f","name":"Ir\u00eddia","image":{"@type":"ImageObject","inLanguage":"es-ES","@id":"https:\/\/secure.gravatar.com\/avatar\/5b7e0123885b2270f0bc833c606fa7b6ae733761d3e80d47e23ba829fe3bd7f7?s=96&d=mm&r=g","url":"https:\/\/secure.gravatar.com\/avatar\/5b7e0123885b2270f0bc833c606fa7b6ae733761d3e80d47e23ba829fe3bd7f7?s=96&d=mm&r=g","contentUrl":"https:\/\/secure.gravatar.com\/avatar\/5b7e0123885b2270f0bc833c606fa7b6ae733761d3e80d47e23ba829fe3bd7f7?s=96&d=mm&r=g","caption":"Ir\u00eddia"},"url":"https:\/\/iridia.cat\/es\/author\/iridia\/"}]}},"_links":{"self":[{"href":"https:\/\/iridia.cat\/es\/wp-json\/wp\/v2\/posts\/1291","targetHints":{"allow":["GET"]}}],"collection":[{"href":"https:\/\/iridia.cat\/es\/wp-json\/wp\/v2\/posts"}],"about":[{"href":"https:\/\/iridia.cat\/es\/wp-json\/wp\/v2\/types\/post"}],"author":[{"embeddable":true,"href":"https:\/\/iridia.cat\/es\/wp-json\/wp\/v2\/users\/2"}],"replies":[{"embeddable":true,"href":"https:\/\/iridia.cat\/es\/wp-json\/wp\/v2\/comments?post=1291"}],"version-history":[{"count":3,"href":"https:\/\/iridia.cat\/es\/wp-json\/wp\/v2\/posts\/1291\/revisions"}],"predecessor-version":[{"id":1294,"href":"https:\/\/iridia.cat\/es\/wp-json\/wp\/v2\/posts\/1291\/revisions\/1294"}],"wp:featuredmedia":[{"embeddable":true,"href":"https:\/\/iridia.cat\/es\/wp-json\/wp\/v2\/media\/1287"}],"wp:attachment":[{"href":"https:\/\/iridia.cat\/es\/wp-json\/wp\/v2\/media?parent=1291"}],"wp:term":[{"taxonomy":"category","embeddable":true,"href":"https:\/\/iridia.cat\/es\/wp-json\/wp\/v2\/categories?post=1291"},{"taxonomy":"post_tag","embeddable":true,"href":"https:\/\/iridia.cat\/es\/wp-json\/wp\/v2\/tags?post=1291"}],"curies":[{"name":"wp","href":"https:\/\/api.w.org\/{rel}","templated":true}]}}