{"id":1731,"date":"2019-11-26T16:19:42","date_gmt":"2019-11-26T15:19:42","guid":{"rendered":"https:\/\/test.iridia.cat\/la-reforma-de-la-normativa-didentificacions-dels-agents-policials-un-pas-mes-per-a-la-transparencia-i-el-respecte-als-drets-humans\/"},"modified":"2019-11-27T17:43:46","modified_gmt":"2019-11-27T16:43:46","slug":"la-reforma-de-la-normativa-didentificacions-dels-agents-policials-un-pas-mes-per-a-la-transparencia-i-el-respecte-als-drets-humans","status":"publish","type":"post","link":"https:\/\/iridia.cat\/es\/la-reforma-de-la-normativa-didentificacions-dels-agents-policials-un-pas-mes-per-a-la-transparencia-i-el-respecte-als-drets-humans\/","title":{"rendered":"La reforma de la normativa de identificaciones de los agentes policiales, un paso m\u00e1s hacia la transparencia y el respecto a los derechos humanos"},"content":{"rendered":"<p><strong>Despu\u00e9s de a\u00f1os de trabajo conjunto de diferentes organizaciones de la sociedad civil y de un profundo di\u00e1logo con los diferentes grupos, el Pleno de el\u00a0Parlamento de Catalu\u00f1a\u00a0aprob\u00f3 el 12 de noviembre la revisi\u00f3n y reforma de la normativa de identificaci\u00f3n policial de los agentes en funciones de orden p\u00fablico.<\/strong><\/p>\n<p>La propuesta, impulsada por Amnist\u00eda Internacional Catalu\u00f1a y el Centro Ir\u00eddia y con el apoyo otras organizaciones de la sociedad civil y de defensa de los derechos humanos* (ve\u00e1is el listado completo debajo), ha sido aprobada con el apoyo de los grupos Catalu\u00f1a en Com\u00fa Podem, CUP-Crida Constituent, Junts per Catalunya, Grup Republic\u00e0, y Socialistes-Units per Avan\u00e7ar.<\/p>\n<p>Seg\u00fan los est\u00e1ndares internacionales de derechos humanos,\u00a0<strong>la polic\u00eda tiene que actuar en base a los principios de oportunidad, congruencia y proporcionalidad.<\/strong> En consecuencia, cuando se produce una actuaci\u00f3n policial indebida o que vulnera estos principios, las autoridades policiales y judiciales tienen que actuar porque los agentes responsables, en caso de demostrarse su responsabilidad, comparezcan ante la justicia.<\/p>\n<p><strong>Una de las salvaguardias para garantizar la prevenci\u00f3n y la rendici\u00f3n de cuentas es la correcta identificaci\u00f3n.<\/strong> La imposibilidad de identificar los agentes que presuntamente han cometido un uso desproporcionado de la fuerza o alguna otra acci\u00f3n censurable es una de las principales causas de impunidad, puesto que muchas denuncias son archivadas por carencia de identificaci\u00f3n de los responsables. Adem\u00e1s, una correcta identificaci\u00f3n constituye una garant\u00eda para las personas que ejercen su derecho de reuni\u00f3n y manifestaci\u00f3n pac\u00edfica, adem\u00e1s de proteger al mismo cuerpo policial, puesto que favorece la correcci\u00f3n de actuaciones ilegales.<\/p>\n<p>La resoluci\u00f3n aprobada por el Pleno del Parlamento el 12 de noviembre establece:<\/p>\n<p>El Parlamento de Catalu\u00f1a insta en el Gobierno de la Generalitat a velar por una f\u00e1cil identificaci\u00f3n, por parte de la ciudadan\u00eda, de todos los agentes policiales que desarrollan funciones de orden p\u00fablico a trav\u00e9s de su <strong>n\u00famero operativo policial (NOP)<\/strong>, garantizando as\u00ed el cumplimiento de la norma por la cual hace falta que este NOP siempre sea visible:<\/p>\n<ul>\n<li>Revisar la normativa de identificaci\u00f3n de los agentes policiales con funciones de orden p\u00fablico en el plazo de seis meses, porque sea obligatoria para todos los agentes policiales que desarrollen estas funciones y establecer una nueva tipolog\u00eda de identificaci\u00f3n que sea visible por delante y por detr\u00e1s, incluido el casco, desde una distancia de seguridad y con un c\u00f3digo corto, f\u00e1cil de recordar.<\/li>\n<li>Hasta que no se apruebe una nueva regulaci\u00f3n, la Direcci\u00f3n General de Polic\u00eda tiene que garantizar que todas las unidades del Cuerpo de los Mossos d&#8217;Esquadra que desarrollen funciones de orden p\u00fablico cumplan con la Instrucci\u00f3n 6\/2013 y lleven siempre visible el n\u00famero de operativo policial (NOP)\u00a0a la parte posterior superior del uniforme, independientemente otras piezas de protecci\u00f3n.<\/li>\n<li>La aprobaci\u00f3n de esta resoluci\u00f3n supone un paso firme porque la Polic\u00eda de Catalu\u00f1a-Mossos d&#8217;Esquadra sea m\u00e1s transparente y respetuosa con los derechos humanos y para preservar la confianza que la ciudadan\u00eda deposita.<\/li>\n<\/ul>\n<p>Finalmente, desde diferentes entidades y colectivos de derechos humanos hemos trasladado a las instituciones p\u00fablicas catalanas nuestra predisposici\u00f3n a trabajar conjuntamente y contribuir en el debate sobre el modelo actual de orden p\u00fablico en Catalu\u00f1a.<\/p>\n<p><em>*SomDefensores, Stop Bales de Goma, Ojo con tu ojo, NOVACT, Observatori DESC, Sodepau, Institut de Drets Humans de Catalunya, Associaci\u00f3 Catalana per la Defensa dels Drets Humans, Comissi\u00f3 de Defensa de l\u2019ICAB, Entrepobles, Obsevatori del Sistema Penal i Drets Humans (UB), SIRECOVI, IACTA, Ecologistes en Acci\u00f3, Espai Coordinaci\u00f3 Antirepressiva<\/em><\/p>\n","protected":false},"excerpt":{"rendered":"<p>Despu\u00e9s de a\u00f1os de trabajo conjunto de diferentes organizaciones de la sociedad civil y de un profundo di\u00e1logo con los diferentes grupos, el Pleno de el\u00a0Parlamento de Catalu\u00f1a\u00a0aprob\u00f3 el 12 de noviembre la revisi\u00f3n y reforma de la normativa de identificaci\u00f3n policial de los agentes en funciones de orden p\u00fablico. La propuesta, impulsada por Amnist\u00eda [&hellip;]<\/p>\n","protected":false},"author":2,"featured_media":1724,"comment_status":"closed","ping_status":"closed","sticky":false,"template":"","format":"standard","meta":{"_acf_changed":false,"footnotes":""},"categories":[3],"tags":[51],"class_list":["post-1731","post","type-post","status-publish","format-standard","has-post-thumbnail","hentry","category-publicaciones","tag-protesta"],"acf":[],"yoast_head":"<!-- This site is optimized with the Yoast SEO plugin v27.4 - https:\/\/yoast.com\/product\/yoast-seo-wordpress\/ -->\n<title>La reforma de la normativa de identificaciones de los agentes policiales, un paso m\u00e1s hacia la transparencia y el respecto a los derechos humanos<\/title>\n<meta name=\"robots\" content=\"index, follow, max-snippet:-1, max-image-preview:large, max-video-preview:-1\" \/>\n<link rel=\"canonical\" href=\"https:\/\/iridia.cat\/es\/la-reforma-de-la-normativa-didentificacions-dels-agents-policials-un-pas-mes-per-a-la-transparencia-i-el-respecte-als-drets-humans\/\" \/>\n<meta property=\"og:locale\" content=\"es_ES\" \/>\n<meta property=\"og:type\" content=\"article\" \/>\n<meta property=\"og:title\" content=\"La reforma de la normativa de identificaciones de los agentes policiales, un paso m\u00e1s hacia la transparencia y el respecto a los derechos humanos\" \/>\n<meta property=\"og:description\" content=\"Despu\u00e9s de a\u00f1os de trabajo conjunto de diferentes organizaciones de la sociedad civil y de un profundo di\u00e1logo con los diferentes grupos, el Pleno de el\u00a0Parlamento de Catalu\u00f1a\u00a0aprob\u00f3 el 12 de noviembre la revisi\u00f3n y reforma de la normativa de identificaci\u00f3n policial de los agentes en funciones de orden p\u00fablico. La propuesta, impulsada por Amnist\u00eda [&hellip;]\" \/>\n<meta property=\"og:url\" content=\"https:\/\/iridia.cat\/es\/la-reforma-de-la-normativa-didentificacions-dels-agents-policials-un-pas-mes-per-a-la-transparencia-i-el-respecte-als-drets-humans\/\" \/>\n<meta property=\"og:site_name\" content=\"Ir\u00eddia\" \/>\n<meta property=\"article:published_time\" content=\"2019-11-26T15:19:42+00:00\" \/>\n<meta property=\"article:modified_time\" content=\"2019-11-27T16:43:46+00:00\" \/>\n<meta property=\"og:image\" content=\"https:\/\/iridia.cat\/wp-content\/uploads\/2019\/11\/lcB6goN1.jpeg\" \/>\n\t<meta property=\"og:image:width\" content=\"2048\" \/>\n\t<meta property=\"og:image:height\" content=\"1365\" \/>\n\t<meta property=\"og:image:type\" content=\"image\/jpeg\" \/>\n<meta name=\"author\" content=\"Ir\u00eddia\" \/>\n<meta name=\"twitter:card\" content=\"summary_large_image\" \/>\n<meta name=\"twitter:label1\" content=\"Written by\" \/>\n\t<meta name=\"twitter:data1\" content=\"Ir\u00eddia\" \/>\n\t<meta name=\"twitter:label2\" content=\"Est. reading time\" \/>\n\t<meta name=\"twitter:data2\" content=\"3 minutes\" \/>\n<script type=\"application\/ld+json\" class=\"yoast-schema-graph\">{\"@context\":\"https:\\\/\\\/schema.org\",\"@graph\":[{\"@type\":\"Article\",\"@id\":\"https:\\\/\\\/iridia.cat\\\/es\\\/la-reforma-de-la-normativa-didentificacions-dels-agents-policials-un-pas-mes-per-a-la-transparencia-i-el-respecte-als-drets-humans\\\/#article\",\"isPartOf\":{\"@id\":\"https:\\\/\\\/iridia.cat\\\/es\\\/la-reforma-de-la-normativa-didentificacions-dels-agents-policials-un-pas-mes-per-a-la-transparencia-i-el-respecte-als-drets-humans\\\/\"},\"author\":{\"name\":\"Ir\u00eddia\",\"@id\":\"https:\\\/\\\/test.iridia.cat\\\/#\\\/schema\\\/person\\\/4cd6357ca92585af3bb3f05b5c669d5f\"},\"headline\":\"La reforma de la normativa de identificaciones de los agentes policiales, un paso m\u00e1s hacia la transparencia y el respecto a los derechos humanos\",\"datePublished\":\"2019-11-26T15:19:42+00:00\",\"dateModified\":\"2019-11-27T16:43:46+00:00\",\"mainEntityOfPage\":{\"@id\":\"https:\\\/\\\/iridia.cat\\\/es\\\/la-reforma-de-la-normativa-didentificacions-dels-agents-policials-un-pas-mes-per-a-la-transparencia-i-el-respecte-als-drets-humans\\\/\"},\"wordCount\":658,\"publisher\":{\"@id\":\"https:\\\/\\\/test.iridia.cat\\\/#organization\"},\"image\":{\"@id\":\"https:\\\/\\\/iridia.cat\\\/es\\\/la-reforma-de-la-normativa-didentificacions-dels-agents-policials-un-pas-mes-per-a-la-transparencia-i-el-respecte-als-drets-humans\\\/#primaryimage\"},\"thumbnailUrl\":\"https:\\\/\\\/iridia.cat\\\/wp-content\\\/uploads\\\/2019\\\/11\\\/lcB6goN1.jpeg\",\"keywords\":[\"Protesta\"],\"articleSection\":[\"Publicaciones\"],\"inLanguage\":\"es-ES\"},{\"@type\":\"WebPage\",\"@id\":\"https:\\\/\\\/iridia.cat\\\/es\\\/la-reforma-de-la-normativa-didentificacions-dels-agents-policials-un-pas-mes-per-a-la-transparencia-i-el-respecte-als-drets-humans\\\/\",\"url\":\"https:\\\/\\\/iridia.cat\\\/es\\\/la-reforma-de-la-normativa-didentificacions-dels-agents-policials-un-pas-mes-per-a-la-transparencia-i-el-respecte-als-drets-humans\\\/\",\"name\":\"La reforma de la normativa de identificaciones de los agentes policiales, un paso m\u00e1s hacia la transparencia y el respecto a los derechos humanos\",\"isPartOf\":{\"@id\":\"https:\\\/\\\/test.iridia.cat\\\/#website\"},\"primaryImageOfPage\":{\"@id\":\"https:\\\/\\\/iridia.cat\\\/es\\\/la-reforma-de-la-normativa-didentificacions-dels-agents-policials-un-pas-mes-per-a-la-transparencia-i-el-respecte-als-drets-humans\\\/#primaryimage\"},\"image\":{\"@id\":\"https:\\\/\\\/iridia.cat\\\/es\\\/la-reforma-de-la-normativa-didentificacions-dels-agents-policials-un-pas-mes-per-a-la-transparencia-i-el-respecte-als-drets-humans\\\/#primaryimage\"},\"thumbnailUrl\":\"https:\\\/\\\/iridia.cat\\\/wp-content\\\/uploads\\\/2019\\\/11\\\/lcB6goN1.jpeg\",\"datePublished\":\"2019-11-26T15:19:42+00:00\",\"dateModified\":\"2019-11-27T16:43:46+00:00\",\"breadcrumb\":{\"@id\":\"https:\\\/\\\/iridia.cat\\\/es\\\/la-reforma-de-la-normativa-didentificacions-dels-agents-policials-un-pas-mes-per-a-la-transparencia-i-el-respecte-als-drets-humans\\\/#breadcrumb\"},\"inLanguage\":\"es-ES\",\"potentialAction\":[{\"@type\":\"ReadAction\",\"target\":[\"https:\\\/\\\/iridia.cat\\\/es\\\/la-reforma-de-la-normativa-didentificacions-dels-agents-policials-un-pas-mes-per-a-la-transparencia-i-el-respecte-als-drets-humans\\\/\"]}]},{\"@type\":\"ImageObject\",\"inLanguage\":\"es-ES\",\"@id\":\"https:\\\/\\\/iridia.cat\\\/es\\\/la-reforma-de-la-normativa-didentificacions-dels-agents-policials-un-pas-mes-per-a-la-transparencia-i-el-respecte-als-drets-humans\\\/#primaryimage\",\"url\":\"https:\\\/\\\/iridia.cat\\\/wp-content\\\/uploads\\\/2019\\\/11\\\/lcB6goN1.jpeg\",\"contentUrl\":\"https:\\\/\\\/iridia.cat\\\/wp-content\\\/uploads\\\/2019\\\/11\\\/lcB6goN1.jpeg\",\"width\":2048,\"height\":1365,\"caption\":\"Foto: Victor Serri\"},{\"@type\":\"BreadcrumbList\",\"@id\":\"https:\\\/\\\/iridia.cat\\\/es\\\/la-reforma-de-la-normativa-didentificacions-dels-agents-policials-un-pas-mes-per-a-la-transparencia-i-el-respecte-als-drets-humans\\\/#breadcrumb\",\"itemListElement\":[{\"@type\":\"ListItem\",\"position\":1,\"name\":\"Inici\",\"item\":\"https:\\\/\\\/iridia.cat\\\/es\\\/\"},{\"@type\":\"ListItem\",\"position\":2,\"name\":\"La reforma de la normativa de identificaciones de los agentes policiales, un paso m\u00e1s hacia la transparencia y el respecto a los derechos humanos\"}]},{\"@type\":\"WebSite\",\"@id\":\"https:\\\/\\\/test.iridia.cat\\\/#website\",\"url\":\"https:\\\/\\\/test.iridia.cat\\\/\",\"name\":\"Ir\u00eddia\",\"description\":\"\",\"publisher\":{\"@id\":\"https:\\\/\\\/test.iridia.cat\\\/#organization\"},\"potentialAction\":[{\"@type\":\"SearchAction\",\"target\":{\"@type\":\"EntryPoint\",\"urlTemplate\":\"https:\\\/\\\/test.iridia.cat\\\/?s={search_term_string}\"},\"query-input\":{\"@type\":\"PropertyValueSpecification\",\"valueRequired\":true,\"valueName\":\"search_term_string\"}}],\"inLanguage\":\"es-ES\"},{\"@type\":\"Organization\",\"@id\":\"https:\\\/\\\/test.iridia.cat\\\/#organization\",\"name\":\"Ir\u00eddia\",\"url\":\"https:\\\/\\\/test.iridia.cat\\\/\",\"logo\":{\"@type\":\"ImageObject\",\"inLanguage\":\"es-ES\",\"@id\":\"https:\\\/\\\/test.iridia.cat\\\/#\\\/schema\\\/logo\\\/image\\\/\",\"url\":\"https:\\\/\\\/iridia.cat\\\/wp-content\\\/uploads\\\/2022\\\/10\\\/avatar_iridia.png\",\"contentUrl\":\"https:\\\/\\\/iridia.cat\\\/wp-content\\\/uploads\\\/2022\\\/10\\\/avatar_iridia.png\",\"width\":740,\"height\":220,\"caption\":\"Ir\u00eddia\"},\"image\":{\"@id\":\"https:\\\/\\\/test.iridia.cat\\\/#\\\/schema\\\/logo\\\/image\\\/\"}},{\"@type\":\"Person\",\"@id\":\"https:\\\/\\\/test.iridia.cat\\\/#\\\/schema\\\/person\\\/4cd6357ca92585af3bb3f05b5c669d5f\",\"name\":\"Ir\u00eddia\",\"image\":{\"@type\":\"ImageObject\",\"inLanguage\":\"es-ES\",\"@id\":\"https:\\\/\\\/secure.gravatar.com\\\/avatar\\\/5b7e0123885b2270f0bc833c606fa7b6ae733761d3e80d47e23ba829fe3bd7f7?s=96&d=mm&r=g\",\"url\":\"https:\\\/\\\/secure.gravatar.com\\\/avatar\\\/5b7e0123885b2270f0bc833c606fa7b6ae733761d3e80d47e23ba829fe3bd7f7?s=96&d=mm&r=g\",\"contentUrl\":\"https:\\\/\\\/secure.gravatar.com\\\/avatar\\\/5b7e0123885b2270f0bc833c606fa7b6ae733761d3e80d47e23ba829fe3bd7f7?s=96&d=mm&r=g\",\"caption\":\"Ir\u00eddia\"},\"url\":\"https:\\\/\\\/iridia.cat\\\/es\\\/author\\\/iridia\\\/\"}]}<\/script>\n<!-- \/ Yoast SEO plugin. -->","yoast_head_json":{"title":"La reforma de la normativa de identificaciones de los agentes policiales, un paso m\u00e1s hacia la transparencia y el respecto a los derechos humanos","robots":{"index":"index","follow":"follow","max-snippet":"max-snippet:-1","max-image-preview":"max-image-preview:large","max-video-preview":"max-video-preview:-1"},"canonical":"https:\/\/iridia.cat\/es\/la-reforma-de-la-normativa-didentificacions-dels-agents-policials-un-pas-mes-per-a-la-transparencia-i-el-respecte-als-drets-humans\/","og_locale":"es_ES","og_type":"article","og_title":"La reforma de la normativa de identificaciones de los agentes policiales, un paso m\u00e1s hacia la transparencia y el respecto a los derechos humanos","og_description":"Despu\u00e9s de a\u00f1os de trabajo conjunto de diferentes organizaciones de la sociedad civil y de un profundo di\u00e1logo con los diferentes grupos, el Pleno de el\u00a0Parlamento de Catalu\u00f1a\u00a0aprob\u00f3 el 12 de noviembre la revisi\u00f3n y reforma de la normativa de identificaci\u00f3n policial de los agentes en funciones de orden p\u00fablico. La propuesta, impulsada por Amnist\u00eda [&hellip;]","og_url":"https:\/\/iridia.cat\/es\/la-reforma-de-la-normativa-didentificacions-dels-agents-policials-un-pas-mes-per-a-la-transparencia-i-el-respecte-als-drets-humans\/","og_site_name":"Ir\u00eddia","article_published_time":"2019-11-26T15:19:42+00:00","article_modified_time":"2019-11-27T16:43:46+00:00","og_image":[{"width":2048,"height":1365,"url":"https:\/\/iridia.cat\/wp-content\/uploads\/2019\/11\/lcB6goN1.jpeg","type":"image\/jpeg"}],"author":"Ir\u00eddia","twitter_card":"summary_large_image","twitter_misc":{"Written by":"Ir\u00eddia","Est. reading time":"3 minutes"},"schema":{"@context":"https:\/\/schema.org","@graph":[{"@type":"Article","@id":"https:\/\/iridia.cat\/es\/la-reforma-de-la-normativa-didentificacions-dels-agents-policials-un-pas-mes-per-a-la-transparencia-i-el-respecte-als-drets-humans\/#article","isPartOf":{"@id":"https:\/\/iridia.cat\/es\/la-reforma-de-la-normativa-didentificacions-dels-agents-policials-un-pas-mes-per-a-la-transparencia-i-el-respecte-als-drets-humans\/"},"author":{"name":"Ir\u00eddia","@id":"https:\/\/test.iridia.cat\/#\/schema\/person\/4cd6357ca92585af3bb3f05b5c669d5f"},"headline":"La reforma de la normativa de identificaciones de los agentes policiales, un paso m\u00e1s hacia la transparencia y el respecto a los derechos humanos","datePublished":"2019-11-26T15:19:42+00:00","dateModified":"2019-11-27T16:43:46+00:00","mainEntityOfPage":{"@id":"https:\/\/iridia.cat\/es\/la-reforma-de-la-normativa-didentificacions-dels-agents-policials-un-pas-mes-per-a-la-transparencia-i-el-respecte-als-drets-humans\/"},"wordCount":658,"publisher":{"@id":"https:\/\/test.iridia.cat\/#organization"},"image":{"@id":"https:\/\/iridia.cat\/es\/la-reforma-de-la-normativa-didentificacions-dels-agents-policials-un-pas-mes-per-a-la-transparencia-i-el-respecte-als-drets-humans\/#primaryimage"},"thumbnailUrl":"https:\/\/iridia.cat\/wp-content\/uploads\/2019\/11\/lcB6goN1.jpeg","keywords":["Protesta"],"articleSection":["Publicaciones"],"inLanguage":"es-ES"},{"@type":"WebPage","@id":"https:\/\/iridia.cat\/es\/la-reforma-de-la-normativa-didentificacions-dels-agents-policials-un-pas-mes-per-a-la-transparencia-i-el-respecte-als-drets-humans\/","url":"https:\/\/iridia.cat\/es\/la-reforma-de-la-normativa-didentificacions-dels-agents-policials-un-pas-mes-per-a-la-transparencia-i-el-respecte-als-drets-humans\/","name":"La reforma de la normativa de identificaciones de los agentes policiales, un paso m\u00e1s hacia la transparencia y el respecto a los derechos humanos","isPartOf":{"@id":"https:\/\/test.iridia.cat\/#website"},"primaryImageOfPage":{"@id":"https:\/\/iridia.cat\/es\/la-reforma-de-la-normativa-didentificacions-dels-agents-policials-un-pas-mes-per-a-la-transparencia-i-el-respecte-als-drets-humans\/#primaryimage"},"image":{"@id":"https:\/\/iridia.cat\/es\/la-reforma-de-la-normativa-didentificacions-dels-agents-policials-un-pas-mes-per-a-la-transparencia-i-el-respecte-als-drets-humans\/#primaryimage"},"thumbnailUrl":"https:\/\/iridia.cat\/wp-content\/uploads\/2019\/11\/lcB6goN1.jpeg","datePublished":"2019-11-26T15:19:42+00:00","dateModified":"2019-11-27T16:43:46+00:00","breadcrumb":{"@id":"https:\/\/iridia.cat\/es\/la-reforma-de-la-normativa-didentificacions-dels-agents-policials-un-pas-mes-per-a-la-transparencia-i-el-respecte-als-drets-humans\/#breadcrumb"},"inLanguage":"es-ES","potentialAction":[{"@type":"ReadAction","target":["https:\/\/iridia.cat\/es\/la-reforma-de-la-normativa-didentificacions-dels-agents-policials-un-pas-mes-per-a-la-transparencia-i-el-respecte-als-drets-humans\/"]}]},{"@type":"ImageObject","inLanguage":"es-ES","@id":"https:\/\/iridia.cat\/es\/la-reforma-de-la-normativa-didentificacions-dels-agents-policials-un-pas-mes-per-a-la-transparencia-i-el-respecte-als-drets-humans\/#primaryimage","url":"https:\/\/iridia.cat\/wp-content\/uploads\/2019\/11\/lcB6goN1.jpeg","contentUrl":"https:\/\/iridia.cat\/wp-content\/uploads\/2019\/11\/lcB6goN1.jpeg","width":2048,"height":1365,"caption":"Foto: Victor Serri"},{"@type":"BreadcrumbList","@id":"https:\/\/iridia.cat\/es\/la-reforma-de-la-normativa-didentificacions-dels-agents-policials-un-pas-mes-per-a-la-transparencia-i-el-respecte-als-drets-humans\/#breadcrumb","itemListElement":[{"@type":"ListItem","position":1,"name":"Inici","item":"https:\/\/iridia.cat\/es\/"},{"@type":"ListItem","position":2,"name":"La reforma de la normativa de identificaciones de los agentes policiales, un paso m\u00e1s hacia la transparencia y el respecto a los derechos humanos"}]},{"@type":"WebSite","@id":"https:\/\/test.iridia.cat\/#website","url":"https:\/\/test.iridia.cat\/","name":"Ir\u00eddia","description":"","publisher":{"@id":"https:\/\/test.iridia.cat\/#organization"},"potentialAction":[{"@type":"SearchAction","target":{"@type":"EntryPoint","urlTemplate":"https:\/\/test.iridia.cat\/?s={search_term_string}"},"query-input":{"@type":"PropertyValueSpecification","valueRequired":true,"valueName":"search_term_string"}}],"inLanguage":"es-ES"},{"@type":"Organization","@id":"https:\/\/test.iridia.cat\/#organization","name":"Ir\u00eddia","url":"https:\/\/test.iridia.cat\/","logo":{"@type":"ImageObject","inLanguage":"es-ES","@id":"https:\/\/test.iridia.cat\/#\/schema\/logo\/image\/","url":"https:\/\/iridia.cat\/wp-content\/uploads\/2022\/10\/avatar_iridia.png","contentUrl":"https:\/\/iridia.cat\/wp-content\/uploads\/2022\/10\/avatar_iridia.png","width":740,"height":220,"caption":"Ir\u00eddia"},"image":{"@id":"https:\/\/test.iridia.cat\/#\/schema\/logo\/image\/"}},{"@type":"Person","@id":"https:\/\/test.iridia.cat\/#\/schema\/person\/4cd6357ca92585af3bb3f05b5c669d5f","name":"Ir\u00eddia","image":{"@type":"ImageObject","inLanguage":"es-ES","@id":"https:\/\/secure.gravatar.com\/avatar\/5b7e0123885b2270f0bc833c606fa7b6ae733761d3e80d47e23ba829fe3bd7f7?s=96&d=mm&r=g","url":"https:\/\/secure.gravatar.com\/avatar\/5b7e0123885b2270f0bc833c606fa7b6ae733761d3e80d47e23ba829fe3bd7f7?s=96&d=mm&r=g","contentUrl":"https:\/\/secure.gravatar.com\/avatar\/5b7e0123885b2270f0bc833c606fa7b6ae733761d3e80d47e23ba829fe3bd7f7?s=96&d=mm&r=g","caption":"Ir\u00eddia"},"url":"https:\/\/iridia.cat\/es\/author\/iridia\/"}]}},"_links":{"self":[{"href":"https:\/\/iridia.cat\/es\/wp-json\/wp\/v2\/posts\/1731","targetHints":{"allow":["GET"]}}],"collection":[{"href":"https:\/\/iridia.cat\/es\/wp-json\/wp\/v2\/posts"}],"about":[{"href":"https:\/\/iridia.cat\/es\/wp-json\/wp\/v2\/types\/post"}],"author":[{"embeddable":true,"href":"https:\/\/iridia.cat\/es\/wp-json\/wp\/v2\/users\/2"}],"replies":[{"embeddable":true,"href":"https:\/\/iridia.cat\/es\/wp-json\/wp\/v2\/comments?post=1731"}],"version-history":[{"count":2,"href":"https:\/\/iridia.cat\/es\/wp-json\/wp\/v2\/posts\/1731\/revisions"}],"predecessor-version":[{"id":1733,"href":"https:\/\/iridia.cat\/es\/wp-json\/wp\/v2\/posts\/1731\/revisions\/1733"}],"wp:featuredmedia":[{"embeddable":true,"href":"https:\/\/iridia.cat\/es\/wp-json\/wp\/v2\/media\/1724"}],"wp:attachment":[{"href":"https:\/\/iridia.cat\/es\/wp-json\/wp\/v2\/media?parent=1731"}],"wp:term":[{"taxonomy":"category","embeddable":true,"href":"https:\/\/iridia.cat\/es\/wp-json\/wp\/v2\/categories?post=1731"},{"taxonomy":"post_tag","embeddable":true,"href":"https:\/\/iridia.cat\/es\/wp-json\/wp\/v2\/tags?post=1731"}],"curies":[{"name":"wp","href":"https:\/\/api.w.org\/{rel}","templated":true}]}}