{"id":1895,"date":"2020-03-16T12:33:30","date_gmt":"2020-03-16T11:33:30","guid":{"rendered":"https:\/\/test.iridia.cat\/?p=1895"},"modified":"2020-03-16T12:42:36","modified_gmt":"2020-03-16T11:42:36","slug":"mas-de-20-organizaciones-solicitan-medidas-urgentes-al-ministerio-del-interior-e-instituciones-penitenciarias","status":"publish","type":"post","link":"https:\/\/iridia.cat\/es\/mas-de-20-organizaciones-solicitan-medidas-urgentes-al-ministerio-del-interior-e-instituciones-penitenciarias\/","title":{"rendered":"M\u00e1s de 20 organizaciones solicitan medidas urgentes al Ministerio del Interior e Instituciones Penitenciarias"},"content":{"rendered":"<blockquote>\n<h3><a href=\"https:\/\/iridia.cat\/wp-content\/uploads\/2020\/03\/APDHA_16.03.2020.pdf\">Escrito APDHA<\/a><\/h3>\n<\/blockquote>\n<h3>Entre otras medidas solicitan reforzar las plantillas de personal sanitario dentro de prisi\u00f3n o la excarcelaci\u00f3n de aquellas personas con un estado de salud m\u00e1s grave.<\/h3>\n<p><strong>[<\/strong><strong>Catalu\u00f1a], 15 de marzo de 2020<\/strong>. Esta ma\u00f1ana m\u00e1s dos decenas de organizaciones han registrado un escrito ante el Ministerio del Interior y la Secretar\u00eda General de Instituciones Penitenciarias solicitando \u201c<strong>una serie de medidas urgentes para velar por los derechos fundamentales de las personas privadas de libertad<\/strong>\u201d. Las organizaciones, entre las que se encuentran el Observatori del Sistema Penal i els Drets Humans, la Red Jur\u00eddica, Ir\u00eddia o la Coordinadora de Barrios, <strong>muestran su preocupaci\u00f3n por \u201clos efectos que puede tener el coronavirus en la salud y en los derechos de las personas presas\u201d<\/strong>.<\/p>\n<p>En el escrito remitido a la Administraci\u00f3n penitenciaria al Ministerio dirigido por Grande-Marlaska se advierte que, seg\u00fan la jurisprudencia del Tribunal Europeo de Derechos Humanos, un \u201c<strong>servicio m\u00e9dico inadecuado dentro de prisi\u00f3n puede llegar a constituir un trato inhumano o degradante<\/strong>\u201d. Por ello, se\u00f1alan que \u201c<strong>pueden darse situaciones en las que la correcta administraci\u00f3n de la justicia penal requiera la adopci\u00f3n de medidas humanitarias tales como la excarcelaci\u00f3n o la detenci\u00f3<\/strong><strong>n domiciliaria<\/strong>\u201d. En ese sentido, apuntan que \u201c<strong>nuestro ordenamiento jur\u00eddico, por ejemplo, cuenta con medidas alternativas a la privaci\u00f3n de libertad dentro de prisi\u00f3n para aquellas personas enfermas o mayores<\/strong>\u201d.<\/p>\n<p>Por ello, dada la cr\u00edtica situaci\u00f3n de la asistencia sanitaria dentro de prisi\u00f3n y de los efectos que el coronavirus puede tener en una poblaci\u00f3n especialmente vulnerable, las organizaciones han solicitado a la Administraci\u00f3n Penitenciaria que, en primer lugar, \u201c<strong>refuerce de inmediato las plantillas de personal sanitario dentro de prisi\u00f3n<\/strong>, as\u00ed como el <strong>aislamiento de las personas afectadas por el coronavirus se produzca en una instalaci\u00f3n m\u00e9dica en lugar de una celda<\/strong>\u201d. En segundo lugar, entre las medidas de excarcelaci\u00f3n por razones humanitarias, solicitan \u201cla <strong>excarcelaci\u00f3n inmediata de internos enfermos graves y de m\u00e1<\/strong><strong>s de 70 a<\/strong><strong>\u00f1os por constituir un grupo con doble riesgo<\/strong> del mismo modo que el de la <strong>poblaci\u00f3<\/strong><strong>n preventiva<\/strong> estableciendo otro tipo de controles en caso de ser necesarios\u201d. En tercer lugar, respecto a la comunicaci\u00f3n entre familiares y personas presas, solicitan la \u201c<strong>gratuidad de las llamadas telef\u00f3nicas extras y el incremento de las comunicaciones orales ordinarias a trav\u00e9s de locutorios<\/strong>\u201d.<\/p>\n<p>Asimismo, a<strong>nte el anuncio de cancelaci\u00f3n de todo tipo de comunicaciones <\/strong>realizado por el Ministerio de Interior a lo cual nos oponemos, solicitamos que se instale con car\u00e1cter urgente un<strong> sistema de videollamadas en todas las c\u00e1rceles entre las personas presas y las personas con las que realizan comunicaciones ordinarias<\/strong>. No tiene sentido en estos momentos no implementar, tambi\u00e9n en las c\u00e1rceles, las tecnolog\u00edas de comunicaci\u00f3n con las que cuenta el resto de la ciudadan\u00eda.<\/p>\n<p>Se trata, como se\u00f1alan las organizaciones, de \u201c<strong>adoptar medidas urgentes que eviten, por un lado, la propagaci\u00f3n del coronavirus dentro de las c\u00e1rceles y que, por otro, garanticen los derechos fundamentales de las privadas de libertad<\/strong>\u201d.<\/p>\n","protected":false},"excerpt":{"rendered":"<p>Escrito APDHA Entre otras medidas solicitan reforzar las plantillas de personal sanitario dentro de prisi\u00f3n o la excarcelaci\u00f3n de aquellas personas con un estado de salud m\u00e1s grave. [Catalu\u00f1a], 15 de marzo de 2020. Esta ma\u00f1ana m\u00e1s dos decenas de organizaciones han registrado un escrito ante el Ministerio del Interior y la Secretar\u00eda General de [&hellip;]<\/p>\n","protected":false},"author":2,"featured_media":1897,"comment_status":"closed","ping_status":"closed","sticky":false,"template":"","format":"standard","meta":{"_acf_changed":false,"footnotes":""},"categories":[3],"tags":[],"class_list":["post-1895","post","type-post","status-publish","format-standard","has-post-thumbnail","hentry","category-publicaciones"],"acf":[],"yoast_head":"<!-- This site is optimized with the Yoast SEO plugin v27.4 - https:\/\/yoast.com\/product\/yoast-seo-wordpress\/ -->\n<title>M\u00e1s de 20 organizaciones solicitan medidas urgentes al Ministerio del Interior e Instituciones Penitenciarias<\/title>\n<meta name=\"robots\" content=\"index, follow, max-snippet:-1, max-image-preview:large, max-video-preview:-1\" \/>\n<link rel=\"canonical\" href=\"https:\/\/iridia.cat\/es\/mas-de-20-organizaciones-solicitan-medidas-urgentes-al-ministerio-del-interior-e-instituciones-penitenciarias\/\" \/>\n<meta property=\"og:locale\" content=\"es_ES\" \/>\n<meta property=\"og:type\" content=\"article\" \/>\n<meta property=\"og:title\" content=\"M\u00e1s de 20 organizaciones solicitan medidas urgentes al Ministerio del Interior e Instituciones Penitenciarias\" \/>\n<meta property=\"og:description\" content=\"Escrito APDHA Entre otras medidas solicitan reforzar las plantillas de personal sanitario dentro de prisi\u00f3n o la excarcelaci\u00f3n de aquellas personas con un estado de salud m\u00e1s grave. [Catalu\u00f1a], 15 de marzo de 2020. Esta ma\u00f1ana m\u00e1s dos decenas de organizaciones han registrado un escrito ante el Ministerio del Interior y la Secretar\u00eda General de [&hellip;]\" \/>\n<meta property=\"og:url\" content=\"https:\/\/iridia.cat\/es\/mas-de-20-organizaciones-solicitan-medidas-urgentes-al-ministerio-del-interior-e-instituciones-penitenciarias\/\" \/>\n<meta property=\"og:site_name\" content=\"Ir\u00eddia\" \/>\n<meta property=\"article:published_time\" content=\"2020-03-16T11:33:30+00:00\" \/>\n<meta property=\"article:modified_time\" content=\"2020-03-16T11:42:36+00:00\" \/>\n<meta property=\"og:image\" content=\"https:\/\/iridia.cat\/wp-content\/uploads\/2020\/03\/3.4.2-Protocol-prevencio\u0301-sui\u0308cidis-DSC_0118-1024x683.jpg\" \/>\n\t<meta property=\"og:image:width\" content=\"1024\" \/>\n\t<meta property=\"og:image:height\" content=\"683\" \/>\n\t<meta property=\"og:image:type\" content=\"image\/jpeg\" \/>\n<meta name=\"author\" content=\"Ir\u00eddia\" \/>\n<meta name=\"twitter:card\" content=\"summary_large_image\" \/>\n<meta name=\"twitter:label1\" content=\"Written by\" \/>\n\t<meta name=\"twitter:data1\" content=\"Ir\u00eddia\" \/>\n\t<meta name=\"twitter:label2\" content=\"Est. reading time\" \/>\n\t<meta name=\"twitter:data2\" content=\"3 minutes\" \/>\n<script type=\"application\/ld+json\" class=\"yoast-schema-graph\">{\"@context\":\"https:\\\/\\\/schema.org\",\"@graph\":[{\"@type\":\"Article\",\"@id\":\"https:\\\/\\\/iridia.cat\\\/es\\\/mas-de-20-organizaciones-solicitan-medidas-urgentes-al-ministerio-del-interior-e-instituciones-penitenciarias\\\/#article\",\"isPartOf\":{\"@id\":\"https:\\\/\\\/iridia.cat\\\/es\\\/mas-de-20-organizaciones-solicitan-medidas-urgentes-al-ministerio-del-interior-e-instituciones-penitenciarias\\\/\"},\"author\":{\"name\":\"Ir\u00eddia\",\"@id\":\"https:\\\/\\\/test.iridia.cat\\\/#\\\/schema\\\/person\\\/4cd6357ca92585af3bb3f05b5c669d5f\"},\"headline\":\"M\u00e1s de 20 organizaciones solicitan medidas urgentes al Ministerio del Interior e Instituciones Penitenciarias\",\"datePublished\":\"2020-03-16T11:33:30+00:00\",\"dateModified\":\"2020-03-16T11:42:36+00:00\",\"mainEntityOfPage\":{\"@id\":\"https:\\\/\\\/iridia.cat\\\/es\\\/mas-de-20-organizaciones-solicitan-medidas-urgentes-al-ministerio-del-interior-e-instituciones-penitenciarias\\\/\"},\"wordCount\":548,\"publisher\":{\"@id\":\"https:\\\/\\\/test.iridia.cat\\\/#organization\"},\"image\":{\"@id\":\"https:\\\/\\\/iridia.cat\\\/es\\\/mas-de-20-organizaciones-solicitan-medidas-urgentes-al-ministerio-del-interior-e-instituciones-penitenciarias\\\/#primaryimage\"},\"thumbnailUrl\":\"https:\\\/\\\/iridia.cat\\\/wp-content\\\/uploads\\\/2020\\\/03\\\/3.4.2-Protocol-prevencio\u0301-sui\u0308cidis-DSC_0118.jpg\",\"articleSection\":[\"Publicaciones\"],\"inLanguage\":\"es-ES\"},{\"@type\":\"WebPage\",\"@id\":\"https:\\\/\\\/iridia.cat\\\/es\\\/mas-de-20-organizaciones-solicitan-medidas-urgentes-al-ministerio-del-interior-e-instituciones-penitenciarias\\\/\",\"url\":\"https:\\\/\\\/iridia.cat\\\/es\\\/mas-de-20-organizaciones-solicitan-medidas-urgentes-al-ministerio-del-interior-e-instituciones-penitenciarias\\\/\",\"name\":\"M\u00e1s de 20 organizaciones solicitan medidas urgentes al Ministerio del Interior e Instituciones Penitenciarias\",\"isPartOf\":{\"@id\":\"https:\\\/\\\/test.iridia.cat\\\/#website\"},\"primaryImageOfPage\":{\"@id\":\"https:\\\/\\\/iridia.cat\\\/es\\\/mas-de-20-organizaciones-solicitan-medidas-urgentes-al-ministerio-del-interior-e-instituciones-penitenciarias\\\/#primaryimage\"},\"image\":{\"@id\":\"https:\\\/\\\/iridia.cat\\\/es\\\/mas-de-20-organizaciones-solicitan-medidas-urgentes-al-ministerio-del-interior-e-instituciones-penitenciarias\\\/#primaryimage\"},\"thumbnailUrl\":\"https:\\\/\\\/iridia.cat\\\/wp-content\\\/uploads\\\/2020\\\/03\\\/3.4.2-Protocol-prevencio\u0301-sui\u0308cidis-DSC_0118.jpg\",\"datePublished\":\"2020-03-16T11:33:30+00:00\",\"dateModified\":\"2020-03-16T11:42:36+00:00\",\"breadcrumb\":{\"@id\":\"https:\\\/\\\/iridia.cat\\\/es\\\/mas-de-20-organizaciones-solicitan-medidas-urgentes-al-ministerio-del-interior-e-instituciones-penitenciarias\\\/#breadcrumb\"},\"inLanguage\":\"es-ES\",\"potentialAction\":[{\"@type\":\"ReadAction\",\"target\":[\"https:\\\/\\\/iridia.cat\\\/es\\\/mas-de-20-organizaciones-solicitan-medidas-urgentes-al-ministerio-del-interior-e-instituciones-penitenciarias\\\/\"]}]},{\"@type\":\"ImageObject\",\"inLanguage\":\"es-ES\",\"@id\":\"https:\\\/\\\/iridia.cat\\\/es\\\/mas-de-20-organizaciones-solicitan-medidas-urgentes-al-ministerio-del-interior-e-instituciones-penitenciarias\\\/#primaryimage\",\"url\":\"https:\\\/\\\/iridia.cat\\\/wp-content\\\/uploads\\\/2020\\\/03\\\/3.4.2-Protocol-prevencio\u0301-sui\u0308cidis-DSC_0118.jpg\",\"contentUrl\":\"https:\\\/\\\/iridia.cat\\\/wp-content\\\/uploads\\\/2020\\\/03\\\/3.4.2-Protocol-prevencio\u0301-sui\u0308cidis-DSC_0118.jpg\",\"width\":5434,\"height\":3623,\"caption\":\"Foto: S\u00f2nia Calv\u00f3\"},{\"@type\":\"BreadcrumbList\",\"@id\":\"https:\\\/\\\/iridia.cat\\\/es\\\/mas-de-20-organizaciones-solicitan-medidas-urgentes-al-ministerio-del-interior-e-instituciones-penitenciarias\\\/#breadcrumb\",\"itemListElement\":[{\"@type\":\"ListItem\",\"position\":1,\"name\":\"Inici\",\"item\":\"https:\\\/\\\/iridia.cat\\\/es\\\/\"},{\"@type\":\"ListItem\",\"position\":2,\"name\":\"M\u00e1s de 20 organizaciones solicitan medidas urgentes al Ministerio del Interior e Instituciones Penitenciarias\"}]},{\"@type\":\"WebSite\",\"@id\":\"https:\\\/\\\/test.iridia.cat\\\/#website\",\"url\":\"https:\\\/\\\/test.iridia.cat\\\/\",\"name\":\"Ir\u00eddia\",\"description\":\"\",\"publisher\":{\"@id\":\"https:\\\/\\\/test.iridia.cat\\\/#organization\"},\"potentialAction\":[{\"@type\":\"SearchAction\",\"target\":{\"@type\":\"EntryPoint\",\"urlTemplate\":\"https:\\\/\\\/test.iridia.cat\\\/?s={search_term_string}\"},\"query-input\":{\"@type\":\"PropertyValueSpecification\",\"valueRequired\":true,\"valueName\":\"search_term_string\"}}],\"inLanguage\":\"es-ES\"},{\"@type\":\"Organization\",\"@id\":\"https:\\\/\\\/test.iridia.cat\\\/#organization\",\"name\":\"Ir\u00eddia\",\"url\":\"https:\\\/\\\/test.iridia.cat\\\/\",\"logo\":{\"@type\":\"ImageObject\",\"inLanguage\":\"es-ES\",\"@id\":\"https:\\\/\\\/test.iridia.cat\\\/#\\\/schema\\\/logo\\\/image\\\/\",\"url\":\"https:\\\/\\\/iridia.cat\\\/wp-content\\\/uploads\\\/2022\\\/10\\\/avatar_iridia.png\",\"contentUrl\":\"https:\\\/\\\/iridia.cat\\\/wp-content\\\/uploads\\\/2022\\\/10\\\/avatar_iridia.png\",\"width\":740,\"height\":220,\"caption\":\"Ir\u00eddia\"},\"image\":{\"@id\":\"https:\\\/\\\/test.iridia.cat\\\/#\\\/schema\\\/logo\\\/image\\\/\"}},{\"@type\":\"Person\",\"@id\":\"https:\\\/\\\/test.iridia.cat\\\/#\\\/schema\\\/person\\\/4cd6357ca92585af3bb3f05b5c669d5f\",\"name\":\"Ir\u00eddia\",\"image\":{\"@type\":\"ImageObject\",\"inLanguage\":\"es-ES\",\"@id\":\"https:\\\/\\\/secure.gravatar.com\\\/avatar\\\/5b7e0123885b2270f0bc833c606fa7b6ae733761d3e80d47e23ba829fe3bd7f7?s=96&d=mm&r=g\",\"url\":\"https:\\\/\\\/secure.gravatar.com\\\/avatar\\\/5b7e0123885b2270f0bc833c606fa7b6ae733761d3e80d47e23ba829fe3bd7f7?s=96&d=mm&r=g\",\"contentUrl\":\"https:\\\/\\\/secure.gravatar.com\\\/avatar\\\/5b7e0123885b2270f0bc833c606fa7b6ae733761d3e80d47e23ba829fe3bd7f7?s=96&d=mm&r=g\",\"caption\":\"Ir\u00eddia\"},\"url\":\"https:\\\/\\\/iridia.cat\\\/es\\\/author\\\/iridia\\\/\"}]}<\/script>\n<!-- \/ Yoast SEO plugin. -->","yoast_head_json":{"title":"M\u00e1s de 20 organizaciones solicitan medidas urgentes al Ministerio del Interior e Instituciones Penitenciarias","robots":{"index":"index","follow":"follow","max-snippet":"max-snippet:-1","max-image-preview":"max-image-preview:large","max-video-preview":"max-video-preview:-1"},"canonical":"https:\/\/iridia.cat\/es\/mas-de-20-organizaciones-solicitan-medidas-urgentes-al-ministerio-del-interior-e-instituciones-penitenciarias\/","og_locale":"es_ES","og_type":"article","og_title":"M\u00e1s de 20 organizaciones solicitan medidas urgentes al Ministerio del Interior e Instituciones Penitenciarias","og_description":"Escrito APDHA Entre otras medidas solicitan reforzar las plantillas de personal sanitario dentro de prisi\u00f3n o la excarcelaci\u00f3n de aquellas personas con un estado de salud m\u00e1s grave. [Catalu\u00f1a], 15 de marzo de 2020. Esta ma\u00f1ana m\u00e1s dos decenas de organizaciones han registrado un escrito ante el Ministerio del Interior y la Secretar\u00eda General de [&hellip;]","og_url":"https:\/\/iridia.cat\/es\/mas-de-20-organizaciones-solicitan-medidas-urgentes-al-ministerio-del-interior-e-instituciones-penitenciarias\/","og_site_name":"Ir\u00eddia","article_published_time":"2020-03-16T11:33:30+00:00","article_modified_time":"2020-03-16T11:42:36+00:00","og_image":[{"width":1024,"height":683,"url":"https:\/\/iridia.cat\/wp-content\/uploads\/2020\/03\/3.4.2-Protocol-prevencio\u0301-sui\u0308cidis-DSC_0118-1024x683.jpg","type":"image\/jpeg"}],"author":"Ir\u00eddia","twitter_card":"summary_large_image","twitter_misc":{"Written by":"Ir\u00eddia","Est. reading time":"3 minutes"},"schema":{"@context":"https:\/\/schema.org","@graph":[{"@type":"Article","@id":"https:\/\/iridia.cat\/es\/mas-de-20-organizaciones-solicitan-medidas-urgentes-al-ministerio-del-interior-e-instituciones-penitenciarias\/#article","isPartOf":{"@id":"https:\/\/iridia.cat\/es\/mas-de-20-organizaciones-solicitan-medidas-urgentes-al-ministerio-del-interior-e-instituciones-penitenciarias\/"},"author":{"name":"Ir\u00eddia","@id":"https:\/\/test.iridia.cat\/#\/schema\/person\/4cd6357ca92585af3bb3f05b5c669d5f"},"headline":"M\u00e1s de 20 organizaciones solicitan medidas urgentes al Ministerio del Interior e Instituciones Penitenciarias","datePublished":"2020-03-16T11:33:30+00:00","dateModified":"2020-03-16T11:42:36+00:00","mainEntityOfPage":{"@id":"https:\/\/iridia.cat\/es\/mas-de-20-organizaciones-solicitan-medidas-urgentes-al-ministerio-del-interior-e-instituciones-penitenciarias\/"},"wordCount":548,"publisher":{"@id":"https:\/\/test.iridia.cat\/#organization"},"image":{"@id":"https:\/\/iridia.cat\/es\/mas-de-20-organizaciones-solicitan-medidas-urgentes-al-ministerio-del-interior-e-instituciones-penitenciarias\/#primaryimage"},"thumbnailUrl":"https:\/\/iridia.cat\/wp-content\/uploads\/2020\/03\/3.4.2-Protocol-prevencio\u0301-sui\u0308cidis-DSC_0118.jpg","articleSection":["Publicaciones"],"inLanguage":"es-ES"},{"@type":"WebPage","@id":"https:\/\/iridia.cat\/es\/mas-de-20-organizaciones-solicitan-medidas-urgentes-al-ministerio-del-interior-e-instituciones-penitenciarias\/","url":"https:\/\/iridia.cat\/es\/mas-de-20-organizaciones-solicitan-medidas-urgentes-al-ministerio-del-interior-e-instituciones-penitenciarias\/","name":"M\u00e1s de 20 organizaciones solicitan medidas urgentes al Ministerio del Interior e Instituciones Penitenciarias","isPartOf":{"@id":"https:\/\/test.iridia.cat\/#website"},"primaryImageOfPage":{"@id":"https:\/\/iridia.cat\/es\/mas-de-20-organizaciones-solicitan-medidas-urgentes-al-ministerio-del-interior-e-instituciones-penitenciarias\/#primaryimage"},"image":{"@id":"https:\/\/iridia.cat\/es\/mas-de-20-organizaciones-solicitan-medidas-urgentes-al-ministerio-del-interior-e-instituciones-penitenciarias\/#primaryimage"},"thumbnailUrl":"https:\/\/iridia.cat\/wp-content\/uploads\/2020\/03\/3.4.2-Protocol-prevencio\u0301-sui\u0308cidis-DSC_0118.jpg","datePublished":"2020-03-16T11:33:30+00:00","dateModified":"2020-03-16T11:42:36+00:00","breadcrumb":{"@id":"https:\/\/iridia.cat\/es\/mas-de-20-organizaciones-solicitan-medidas-urgentes-al-ministerio-del-interior-e-instituciones-penitenciarias\/#breadcrumb"},"inLanguage":"es-ES","potentialAction":[{"@type":"ReadAction","target":["https:\/\/iridia.cat\/es\/mas-de-20-organizaciones-solicitan-medidas-urgentes-al-ministerio-del-interior-e-instituciones-penitenciarias\/"]}]},{"@type":"ImageObject","inLanguage":"es-ES","@id":"https:\/\/iridia.cat\/es\/mas-de-20-organizaciones-solicitan-medidas-urgentes-al-ministerio-del-interior-e-instituciones-penitenciarias\/#primaryimage","url":"https:\/\/iridia.cat\/wp-content\/uploads\/2020\/03\/3.4.2-Protocol-prevencio\u0301-sui\u0308cidis-DSC_0118.jpg","contentUrl":"https:\/\/iridia.cat\/wp-content\/uploads\/2020\/03\/3.4.2-Protocol-prevencio\u0301-sui\u0308cidis-DSC_0118.jpg","width":5434,"height":3623,"caption":"Foto: S\u00f2nia Calv\u00f3"},{"@type":"BreadcrumbList","@id":"https:\/\/iridia.cat\/es\/mas-de-20-organizaciones-solicitan-medidas-urgentes-al-ministerio-del-interior-e-instituciones-penitenciarias\/#breadcrumb","itemListElement":[{"@type":"ListItem","position":1,"name":"Inici","item":"https:\/\/iridia.cat\/es\/"},{"@type":"ListItem","position":2,"name":"M\u00e1s de 20 organizaciones solicitan medidas urgentes al Ministerio del Interior e Instituciones Penitenciarias"}]},{"@type":"WebSite","@id":"https:\/\/test.iridia.cat\/#website","url":"https:\/\/test.iridia.cat\/","name":"Ir\u00eddia","description":"","publisher":{"@id":"https:\/\/test.iridia.cat\/#organization"},"potentialAction":[{"@type":"SearchAction","target":{"@type":"EntryPoint","urlTemplate":"https:\/\/test.iridia.cat\/?s={search_term_string}"},"query-input":{"@type":"PropertyValueSpecification","valueRequired":true,"valueName":"search_term_string"}}],"inLanguage":"es-ES"},{"@type":"Organization","@id":"https:\/\/test.iridia.cat\/#organization","name":"Ir\u00eddia","url":"https:\/\/test.iridia.cat\/","logo":{"@type":"ImageObject","inLanguage":"es-ES","@id":"https:\/\/test.iridia.cat\/#\/schema\/logo\/image\/","url":"https:\/\/iridia.cat\/wp-content\/uploads\/2022\/10\/avatar_iridia.png","contentUrl":"https:\/\/iridia.cat\/wp-content\/uploads\/2022\/10\/avatar_iridia.png","width":740,"height":220,"caption":"Ir\u00eddia"},"image":{"@id":"https:\/\/test.iridia.cat\/#\/schema\/logo\/image\/"}},{"@type":"Person","@id":"https:\/\/test.iridia.cat\/#\/schema\/person\/4cd6357ca92585af3bb3f05b5c669d5f","name":"Ir\u00eddia","image":{"@type":"ImageObject","inLanguage":"es-ES","@id":"https:\/\/secure.gravatar.com\/avatar\/5b7e0123885b2270f0bc833c606fa7b6ae733761d3e80d47e23ba829fe3bd7f7?s=96&d=mm&r=g","url":"https:\/\/secure.gravatar.com\/avatar\/5b7e0123885b2270f0bc833c606fa7b6ae733761d3e80d47e23ba829fe3bd7f7?s=96&d=mm&r=g","contentUrl":"https:\/\/secure.gravatar.com\/avatar\/5b7e0123885b2270f0bc833c606fa7b6ae733761d3e80d47e23ba829fe3bd7f7?s=96&d=mm&r=g","caption":"Ir\u00eddia"},"url":"https:\/\/iridia.cat\/es\/author\/iridia\/"}]}},"_links":{"self":[{"href":"https:\/\/iridia.cat\/es\/wp-json\/wp\/v2\/posts\/1895","targetHints":{"allow":["GET"]}}],"collection":[{"href":"https:\/\/iridia.cat\/es\/wp-json\/wp\/v2\/posts"}],"about":[{"href":"https:\/\/iridia.cat\/es\/wp-json\/wp\/v2\/types\/post"}],"author":[{"embeddable":true,"href":"https:\/\/iridia.cat\/es\/wp-json\/wp\/v2\/users\/2"}],"replies":[{"embeddable":true,"href":"https:\/\/iridia.cat\/es\/wp-json\/wp\/v2\/comments?post=1895"}],"version-history":[{"count":2,"href":"https:\/\/iridia.cat\/es\/wp-json\/wp\/v2\/posts\/1895\/revisions"}],"predecessor-version":[{"id":1900,"href":"https:\/\/iridia.cat\/es\/wp-json\/wp\/v2\/posts\/1895\/revisions\/1900"}],"wp:featuredmedia":[{"embeddable":true,"href":"https:\/\/iridia.cat\/es\/wp-json\/wp\/v2\/media\/1897"}],"wp:attachment":[{"href":"https:\/\/iridia.cat\/es\/wp-json\/wp\/v2\/media?parent=1895"}],"wp:term":[{"taxonomy":"category","embeddable":true,"href":"https:\/\/iridia.cat\/es\/wp-json\/wp\/v2\/categories?post=1895"},{"taxonomy":"post_tag","embeddable":true,"href":"https:\/\/iridia.cat\/es\/wp-json\/wp\/v2\/tags?post=1895"}],"curies":[{"name":"wp","href":"https:\/\/api.w.org\/{rel}","templated":true}]}}