{"id":1918,"date":"2020-03-16T13:34:06","date_gmt":"2020-03-16T12:34:06","guid":{"rendered":"https:\/\/test.iridia.cat\/lexcepcionalitat-actual-exigeix-clausurar-el-cie-i-alliberar-tots-els-interns-immediatament\/"},"modified":"2024-03-21T13:10:17","modified_gmt":"2024-03-21T12:10:17","slug":"lexcepcionalitat-actual-exigeix-clausurar-el-cie-i-alliberar-tots-els-interns-immediatament","status":"publish","type":"post","link":"https:\/\/iridia.cat\/es\/lexcepcionalitat-actual-exigeix-clausurar-el-cie-i-alliberar-tots-els-interns-immediatament\/","title":{"rendered":"[COMUNICADO] La excepcionalidad actual exige clausurar el CIE y liberar a todos los internos inmediatamente"},"content":{"rendered":"<h3><b><a href=\"http:\/\/www.migrastudium.org\/\" target=\"_blank\" rel=\"noopener noreferrer\">Migra Studium<\/a>, Tanquem els CIE,\u00a0<a href=\"https:\/\/iridia.cat\/\" target=\"_blank\" rel=\"noopener noreferrer\">Ir\u00eddia<\/a> y\u00a0<a href=\"http:\/\/www.sosracisme.org\/\" target=\"_blank\" rel=\"noopener noreferrer\">SOS Racisme<\/a> exigimos la clausura inmediada del CIE de la Zona Franca y la liberaci\u00f3n de las personas internadas en \u00e9l, por las circunstancias excepcionales que concurren en la actualidad.<\/b><\/h3>\n<p>&nbsp;<\/p>\n<p><strong>Estado de Alarma y deportaciones imposibles<\/strong><\/p>\n<p>La pandemia por el coronavirus \u00a0<strong>SARS-CoV-2<\/strong>\u00a0est\u00e1 provocando una cascada de decisiones pol\u00edticas, sociales, econ\u00f3micas y jur\u00eddicas que eran impensables en nuestro pa\u00eds hace unas pocas semanas. La declaraci\u00f3n del\u00a0<strong>Estado de Alarma<\/strong>, previsto en el art. 116 de la Constituci\u00f3n, es el ejemplo m\u00e1s notorio.<\/p>\n<p>Los Centros de Internamiento de Extranjeros y las pol\u00edticas migratorias de expulsi\u00f3n e internamiento no pod\u00edan quedar al margen y tambi\u00e9n, por la v\u00eda de los hechos, se est\u00e1n viendo afectados.<\/p>\n<p>En primer lugar,\u00a0<strong>m\u00e1s de la mitad de los 196 pa\u00edses del mundo han vetado la entrada de viajeros procedentes de Espa\u00f1a\u00a0<\/strong><em>(11)<\/em>, entre ellos\u00a0<strong>Marruecos<\/strong>, pa\u00eds al que se verifica el mayor porcentaje de expulsiones y devoluciones de extranjeros desde hace a\u00f1os. Ya sea por el n\u00famero de nacionales marroqu\u00edes expulsados o tambi\u00e9n porque Marruecos admite las expulsiones en su territorio de nacionales de terceros pa\u00edses, sobre todo del \u00c1frica subsahariana\u00a0<em>(12)<\/em>.<\/p>\n<p>En un pa\u00eds confinado, con la libertad deambulatoria de los ciudadanos y los desplazamientos terrestres, a\u00e9reos y mar\u00edtimos gravemente restringidos, se puede hablar, sin temor a exagerar, de un bloqueo t\u00e9cnico de los medios de transporte y el cruce de fronteras necesarios para ejecutar las expulsiones\u00a0<em>(13)<\/em>.\u00a0<strong>Las expulsiones resultan, hoy por hoy, imposibles<\/strong>.<\/p>\n<p>&nbsp;<\/p>\n<p><strong>Sin expulsi\u00f3n no puede haber internamiento<\/strong><\/p>\n<p>La naturaleza de los CIE los convierte en dispositivos en los cuales se cumple la\u00a0<strong>medida cautelar de internamiento<\/strong>\u00a0 prevista en el art. 61 de la Ley de Extranjer\u00eda. Solamente en el caso de que haya posibilidad de expulsar es legal privar de libertad en un CIE. Por eso, la ley impone un l\u00edmite a los internamientos: \u00a0<em>\u201cdurante el tiempo m\u00ednimo e imprescindible\u201d (14)<\/em>\u00a0para verificar la expulsi\u00f3n.<\/p>\n<p>En el momento actual, imposibilitadas las expulsiones y devoluciones por el cierre de fronteras, los CIE son dispositivos\u00a0<strong>ineficientes y sin objecto<\/strong>, son incapaces de conseguir el efecto para el que fueron creados. En las actuales y excepcionales circunstancias, el\u00a0<strong>internamiento conlleva un sufrimiento in\u00fatil y un recurso no solamente ileg\u00edtimo, sino totalmente injustificado.<\/strong><\/p>\n<p>&nbsp;<\/p>\n<p><strong>Internamiento in\u00fatil, insalubre e inseguro<\/strong><\/p>\n<p>Debemos no olvidar el \u00a0<strong>d\u00e9ficit sist\u00e9mico y habitual de la asistencia sanitaria<\/strong>, de las medidas de higiene y de las condiciones de vida en el interior del CIE. Hace poco menos de ocho meses denunci\u00e1bamos las deplorables condiciones de insalubridad del centro durante la sofocante ola de calor de fines del pasado mes de julio\u00a0<em>(15)<\/em>.<\/p>\n<p><a href=\"http:\/\/www.tanquemelscie.cat\/2020\/03\/ante-el-coronavirus-exigimos-la.html\">Como resum\u00eda la\u00a0<strong><em>Campa\u00f1a Estatal por el cierre de los CIE y el fin de las deportaciones<\/em><\/strong><\/a>\u00a0hace pocas horas, las personas en el CIE est\u00e1n encerradas en celdas colectivas y son obligadas a compartir ba\u00f1o\u00a0<em>(16)<\/em>. No tienen acceso libre y constante a agua corriente y para la mayor\u00eda de movimientos (incluso para ir al ba\u00f1o) los internos deben ser acompa\u00f1ados por un agente de la polic\u00eda, incrementando el riesgo de contagio. El jab\u00f3n, las s\u00e1banas limpias, los contenedores de desechos y la ropa limpia est\u00e1n racionados o son manifiestamente insuficientes. Es imposible garantizar la desinfecci\u00f3n realista de los centros, al ser lugares distribuidos en zonas comunes en las que se concentra constantemente un elevado n\u00famero de personas.<\/p>\n<p>En el pasado, los episodios con brotes de enfermedades infectocontagiosas (tuberculosis, sarna &#8230;) a menudo han significado el cierre de los centros para su desinfecci\u00f3n y limpieza, en concreto los casos m\u00e1s recientes ocurridos en febrero tanto en el CIE de Zapadores (Valencia) como en el CIE de Aluche (Madrid)\u00a0<em>(17)<\/em>.<\/p>\n<p>Es sabido que la atenci\u00f3n del servicio sanitario prestado por la mercantil privada Cl\u00ednica Madrid no est\u00e1 presente del mismo modo en todos los centros de internamiento y, en los que opera, ni es continua, ni cuenta con los medios adecuados y necesarios. Para los casos que salen de la mera administraci\u00f3n de control farmacol\u00f3gico o de la atenci\u00f3n de dolencias muy leves, \u00a0<strong>el servicio sanitario del CIE recurre sistem\u00e1tica y repetidamente a los recursos p\u00fablicos de urgencias hospitalarias\u00a0<\/strong>(Hospital Cl\u00ednic). Recursos p\u00fablicos que, como todos sabemos, ya se encuentran sometidos a una fuerte demanda y presi\u00f3n desde hace d\u00edas.<\/p>\n<p>Los agentes del Cuerpo Nacional de Polic\u00eda, el personal de limpieza y servicios, los miembros de Cruz Roja encargados de la atenci\u00f3n social en los centros no est\u00e1n exentos de ser \u00a0<strong>transmisores y\/o receptores\u00a0<\/strong>del virus. Su entrada y salida expone a las personas internas privadas de libertad. Los mismos internos el pasado s\u00e1bado se quejaban de que se les privaba de visitas de familiares y ONG pero en cambio los operarios de las obras de reforma siguen entrando y saliendo del CIE, a\u00f1adiendo, pues, m\u00e1s riesgo. Hay, adem\u00e1s, personas internas que padecen enfermedades cr\u00f3nicas de riesgo frente al virus SARS-CoV-2.<\/p>\n<p>Los internos del CIE de la Zona Franca son conscientes de que las deportaciones y expulsiones ahora mismo no se pueden hacer efectivas. Ante lo absurdo de la situaci\u00f3n, llevan desde el s\u00e1bado en actitud de protesta pac\u00edfica, neg\u00e1ndose a entrar en el comedor ni queriendo subir a las celdas, exigiendo una respuesta por parte de la Direcci\u00f3n del centro. Repetidos incidentes en el pasado hacen pensar que existe un riesgo real de que esta protesta leg\u00edtima por parte de los internos sea gestionada por parte de la polic\u00eda con fuerza excesiva o incluso con violencia y agresiones f\u00edsicas\u00a0<em>(18)<\/em>. Despu\u00e9s de a\u00f1os de ejercer de juez de control del CIE de Aluche, Ramiro Garc\u00eda de Dios declaraba:\u00a0<em>\u201clos CIE son Centros de sufrimiento y espacios de opacidad e impunidad policial\u201d(19).<\/em><\/p>\n<p>&nbsp;<\/p>\n<p><strong>Internamiento injustificado y libertad inmediata<\/strong><\/p>\n<p>La Directiva Europea 115\/2008 de Retorno establece claramente en su art. 15.4\u00a0<em>(20)<\/em>\u00a0que si desaparecen las perspectivas razonables de llevar a cabo las expulsiones, por cualquier circunstancia sobrevenida,\u00a0<strong>el internamiento es injustificado.<\/strong>. En ese caso, inmediatamente la persona migrante privada de libertad en un CIE debe ser liberada. No cabe otra interpretaci\u00f3n posible de la lectura de las leyes aplicables.<\/p>\n<p>Si en la normalidad estamos en contra de la detenci\u00f3n migratoria y las expulsiones, en la excepcionalidad no se justifica de manera alguna su continuidad, menos cuando lo que se pone en riesgo es la salud.<\/p>\n<p>Por todas las razones expuestas, consideramos que se re\u00fanen las condiciones legales necesarias para\u00a0<strong>clausurar el CIE\u00a0<\/strong>de la Zona Franca,<strong>\u00a0poner en libertad<\/strong>\u00a0a la cuarentena de internos que todav\u00eda se encuentra en \u00e9l y, finalmente,\u00a0<strong>reflexionar\u00a0<\/strong>con profundidad y honestidad, como sociedad, sobre los supuestos beneficios que nos proporcionan las inhumanas pol\u00edticas de internamiento y de expulsi\u00f3n de personas migrantes, apostando por una reforma migratoria integral, proponiendo pol\u00edticas de acogida y no de deportaciones.<\/p>\n<p>&nbsp;<\/p>\n<h6><em>(1) <\/em><a href=\"https:\/\/elpais.com\/elpais\/2020\/03\/11\/paco_nadal\/1583936505_767374.html\">https:\/\/elpais.com\/elpais\/2020\/03\/11\/paco_nadal\/1583936505_767374.html<\/a><\/h6>\n<h6><em>(2) <\/em>Durante 2019, el 46% de todos los internos acompa\u00f1ados por Migra Studium el CIE de la Zona Franca eran marroqu\u00edes; a los que hay que a\u00f1adir un 34% de magreb\u00edes (Argelia, T\u00fanez y Libia) y un 5% de subsaharianos (Camer\u00fan, R.D. Congo, Senegal, Nigeria y Guinea Bissau), haciendo un total de 83%.<\/h6>\n<h6><em>(3)<\/em>\u00a0Es perfectamente aplicable en este sentido el art. 9.2 b) de la Directiva Europea 115\/2008, sobre expulsiones:\u00a0<em>\u201c2. Los Estados miembros podr\u00e1n aplazar la expulsi\u00f3n durante un per\u00edodo oportuno de tiempo, teniendo en cuenta las circunstancias espec\u00edficas del caso concreto. En particular, los Estados miembros tendr\u00e1n en cuenta: [\u2026] b) razones t\u00e9cnicas, tales como la falta de capacidad de transporte o la imposibilidad de ejecutar la expulsi\u00f3n [\u2026]\u201d<\/em><\/h6>\n<h6><em>(4) <\/em>Art. 62.2 de la LO 4\/2000.<\/h6>\n<h6>(5)<a href=\"https:\/\/www.migrastudium.org\/denunciem-al-cie-de-la-zona-franca-falta-de-ventilacio-i-condicions-insalubres\">https:\/\/www.migrastudium.org\/denunciem-al-cie-de-la-zona-franca-falta-de-ventilacio-i-condicions-insalubres<\/a><\/h6>\n<h6>(6)<a href=\"https:\/\/directa.cat\/interns-del-cie-de-barcelona-protesten-per-la-manca-de-mesures-sanitaries-davant-la-crisi-del-coronavirus\/\">https:\/\/directa.cat\/interns-del-cie-de-barcelona-protesten-per-la-manca-de-mesures-sanitaries-davant-la-crisi-del-coronavirus\/<\/a><\/h6>\n<h6>(7)<a href=\"https:\/\/www.lavanguardia.com\/local\/madrid\/20200217\/473631785245\/cuarentena-cie-aluche-tuberculosis.html\">https:\/\/www.lavanguardia.com\/local\/madrid\/20200217\/473631785245\/cuarentena-cie-aluche-tuberculosis.html<\/a><\/h6>\n<h6>(8)<a href=\"https:\/\/iridia.cat\/comunicat-dos-interns-denuncien-agressions-al-cie-de-barcelona\/\">https:\/\/iridia.cat\/comunicat-dos-interns-denuncien-agressions-al-cie-de-barcelona\/<\/a>\u00a0y\u00a0<a href=\"https:\/\/www.ara.cat\/societat\/CIE-Barcelona-video-policies-colpegen-persones-fuga_0_2355964490.html\">https:\/\/www.ara.cat\/societat\/CIE-Barcelona-video-policies-colpegen-persones-fuga_0_2355964490.html<\/a><\/h6>\n<h6>(9) <a href=\"http:\/\/revistes.ub.edu\/index.php\/CriticaPenalPoder\/article\/view\/30502\">http:\/\/revistes.ub.edu\/index.php\/CriticaPenalPoder\/article\/view\/30502<\/a><\/h6>\n<h6><em>(10) \u201cInternamiento. 4. Cuando parezca haber desaparecido la perspectiva razonable de expulsi\u00f3n, bien por motivos jur\u00eddicos o por otras consideraciones, o que hayan dejado de cumplirse las condiciones descritas en el apartado 1, dejar\u00e1 de estar justificado el internamiento y la persona de que se trate ser\u00e1 puesta en libertad inmediatamente.\u201d<\/em><\/h6>\n<h6><\/h6>\n<h6><\/h6>\n","protected":false},"excerpt":{"rendered":"<p>Migra Studium, Tanquem els CIE,\u00a0Ir\u00eddia y\u00a0SOS Racisme exigimos la clausura inmediada del CIE de la Zona Franca y la liberaci\u00f3n de las personas internadas en \u00e9l, por las circunstancias excepcionales que concurren en la actualidad. &nbsp; Estado de Alarma y deportaciones imposibles La pandemia por el coronavirus \u00a0SARS-CoV-2\u00a0est\u00e1 provocando una cascada de decisiones pol\u00edticas, sociales, [&hellip;]<\/p>\n","protected":false},"author":2,"featured_media":1902,"comment_status":"closed","ping_status":"closed","sticky":false,"template":"","format":"standard","meta":{"_acf_changed":false,"footnotes":""},"categories":[3],"tags":[58,144],"class_list":["post-1918","post","type-post","status-publish","format-standard","has-post-thumbnail","hentry","category-publicaciones","tag-comunicados-iridia","tag-migracions-es-2"],"acf":[],"yoast_head":"<!-- This site is optimized with the Yoast SEO plugin v27.4 - https:\/\/yoast.com\/product\/yoast-seo-wordpress\/ -->\n<title>[COMUNICADO] La excepcionalidad actual exige clausurar el CIE y liberar a todos los internos inmediatamente<\/title>\n<meta name=\"robots\" content=\"index, follow, max-snippet:-1, max-image-preview:large, max-video-preview:-1\" \/>\n<link rel=\"canonical\" href=\"https:\/\/iridia.cat\/es\/lexcepcionalitat-actual-exigeix-clausurar-el-cie-i-alliberar-tots-els-interns-immediatament\/\" \/>\n<meta property=\"og:locale\" content=\"es_ES\" \/>\n<meta property=\"og:type\" content=\"article\" \/>\n<meta property=\"og:title\" content=\"[COMUNICADO] La excepcionalidad actual exige clausurar el CIE y liberar a todos los internos inmediatamente\" \/>\n<meta property=\"og:description\" content=\"Migra Studium, Tanquem els CIE,\u00a0Ir\u00eddia y\u00a0SOS Racisme exigimos la clausura inmediada del CIE de la Zona Franca y la liberaci\u00f3n de las personas internadas en \u00e9l, por las circunstancias excepcionales que concurren en la actualidad. &nbsp; Estado de Alarma y deportaciones imposibles La pandemia por el coronavirus \u00a0SARS-CoV-2\u00a0est\u00e1 provocando una cascada de decisiones pol\u00edticas, sociales, [&hellip;]\" \/>\n<meta property=\"og:url\" content=\"https:\/\/iridia.cat\/es\/lexcepcionalitat-actual-exigeix-clausurar-el-cie-i-alliberar-tots-els-interns-immediatament\/\" \/>\n<meta property=\"og:site_name\" content=\"Ir\u00eddia\" \/>\n<meta property=\"article:published_time\" content=\"2020-03-16T12:34:06+00:00\" \/>\n<meta property=\"article:modified_time\" content=\"2024-03-21T12:10:17+00:00\" \/>\n<meta property=\"og:image\" content=\"https:\/\/iridia.cat\/wp-content\/uploads\/2020\/03\/photo6015944508526668445.jpg\" \/>\n\t<meta property=\"og:image:width\" content=\"980\" \/>\n\t<meta property=\"og:image:height\" content=\"559\" \/>\n\t<meta property=\"og:image:type\" content=\"image\/jpeg\" \/>\n<meta name=\"author\" content=\"Ir\u00eddia\" \/>\n<meta name=\"twitter:card\" content=\"summary_large_image\" \/>\n<meta name=\"twitter:label1\" content=\"Written by\" \/>\n\t<meta name=\"twitter:data1\" content=\"Ir\u00eddia\" \/>\n\t<meta name=\"twitter:label2\" content=\"Est. reading time\" \/>\n\t<meta name=\"twitter:data2\" content=\"8 minutes\" \/>\n<script type=\"application\/ld+json\" class=\"yoast-schema-graph\">{\"@context\":\"https:\\\/\\\/schema.org\",\"@graph\":[{\"@type\":\"Article\",\"@id\":\"https:\\\/\\\/iridia.cat\\\/es\\\/lexcepcionalitat-actual-exigeix-clausurar-el-cie-i-alliberar-tots-els-interns-immediatament\\\/#article\",\"isPartOf\":{\"@id\":\"https:\\\/\\\/iridia.cat\\\/es\\\/lexcepcionalitat-actual-exigeix-clausurar-el-cie-i-alliberar-tots-els-interns-immediatament\\\/\"},\"author\":{\"name\":\"Ir\u00eddia\",\"@id\":\"https:\\\/\\\/test.iridia.cat\\\/#\\\/schema\\\/person\\\/4cd6357ca92585af3bb3f05b5c669d5f\"},\"headline\":\"[COMUNICADO] La excepcionalidad actual exige clausurar el CIE y liberar a todos los internos inmediatamente\",\"datePublished\":\"2020-03-16T12:34:06+00:00\",\"dateModified\":\"2024-03-21T12:10:17+00:00\",\"mainEntityOfPage\":{\"@id\":\"https:\\\/\\\/iridia.cat\\\/es\\\/lexcepcionalitat-actual-exigeix-clausurar-el-cie-i-alliberar-tots-els-interns-immediatament\\\/\"},\"wordCount\":1436,\"publisher\":{\"@id\":\"https:\\\/\\\/test.iridia.cat\\\/#organization\"},\"image\":{\"@id\":\"https:\\\/\\\/iridia.cat\\\/es\\\/lexcepcionalitat-actual-exigeix-clausurar-el-cie-i-alliberar-tots-els-interns-immediatament\\\/#primaryimage\"},\"thumbnailUrl\":\"https:\\\/\\\/iridia.cat\\\/wp-content\\\/uploads\\\/2020\\\/03\\\/photo6015944508526668445.jpg\",\"keywords\":[\"Comunicados\",\"Migraciones\"],\"articleSection\":[\"Publicaciones\"],\"inLanguage\":\"es-ES\"},{\"@type\":\"WebPage\",\"@id\":\"https:\\\/\\\/iridia.cat\\\/es\\\/lexcepcionalitat-actual-exigeix-clausurar-el-cie-i-alliberar-tots-els-interns-immediatament\\\/\",\"url\":\"https:\\\/\\\/iridia.cat\\\/es\\\/lexcepcionalitat-actual-exigeix-clausurar-el-cie-i-alliberar-tots-els-interns-immediatament\\\/\",\"name\":\"[COMUNICADO] La excepcionalidad actual exige clausurar el CIE y liberar a todos los internos inmediatamente\",\"isPartOf\":{\"@id\":\"https:\\\/\\\/test.iridia.cat\\\/#website\"},\"primaryImageOfPage\":{\"@id\":\"https:\\\/\\\/iridia.cat\\\/es\\\/lexcepcionalitat-actual-exigeix-clausurar-el-cie-i-alliberar-tots-els-interns-immediatament\\\/#primaryimage\"},\"image\":{\"@id\":\"https:\\\/\\\/iridia.cat\\\/es\\\/lexcepcionalitat-actual-exigeix-clausurar-el-cie-i-alliberar-tots-els-interns-immediatament\\\/#primaryimage\"},\"thumbnailUrl\":\"https:\\\/\\\/iridia.cat\\\/wp-content\\\/uploads\\\/2020\\\/03\\\/photo6015944508526668445.jpg\",\"datePublished\":\"2020-03-16T12:34:06+00:00\",\"dateModified\":\"2024-03-21T12:10:17+00:00\",\"breadcrumb\":{\"@id\":\"https:\\\/\\\/iridia.cat\\\/es\\\/lexcepcionalitat-actual-exigeix-clausurar-el-cie-i-alliberar-tots-els-interns-immediatament\\\/#breadcrumb\"},\"inLanguage\":\"es-ES\",\"potentialAction\":[{\"@type\":\"ReadAction\",\"target\":[\"https:\\\/\\\/iridia.cat\\\/es\\\/lexcepcionalitat-actual-exigeix-clausurar-el-cie-i-alliberar-tots-els-interns-immediatament\\\/\"]}]},{\"@type\":\"ImageObject\",\"inLanguage\":\"es-ES\",\"@id\":\"https:\\\/\\\/iridia.cat\\\/es\\\/lexcepcionalitat-actual-exigeix-clausurar-el-cie-i-alliberar-tots-els-interns-immediatament\\\/#primaryimage\",\"url\":\"https:\\\/\\\/iridia.cat\\\/wp-content\\\/uploads\\\/2020\\\/03\\\/photo6015944508526668445.jpg\",\"contentUrl\":\"https:\\\/\\\/iridia.cat\\\/wp-content\\\/uploads\\\/2020\\\/03\\\/photo6015944508526668445.jpg\",\"width\":980,\"height\":559},{\"@type\":\"BreadcrumbList\",\"@id\":\"https:\\\/\\\/iridia.cat\\\/es\\\/lexcepcionalitat-actual-exigeix-clausurar-el-cie-i-alliberar-tots-els-interns-immediatament\\\/#breadcrumb\",\"itemListElement\":[{\"@type\":\"ListItem\",\"position\":1,\"name\":\"Inici\",\"item\":\"https:\\\/\\\/iridia.cat\\\/es\\\/\"},{\"@type\":\"ListItem\",\"position\":2,\"name\":\"[COMUNICADO] La excepcionalidad actual exige clausurar el CIE y liberar a todos los internos inmediatamente\"}]},{\"@type\":\"WebSite\",\"@id\":\"https:\\\/\\\/test.iridia.cat\\\/#website\",\"url\":\"https:\\\/\\\/test.iridia.cat\\\/\",\"name\":\"Ir\u00eddia\",\"description\":\"\",\"publisher\":{\"@id\":\"https:\\\/\\\/test.iridia.cat\\\/#organization\"},\"potentialAction\":[{\"@type\":\"SearchAction\",\"target\":{\"@type\":\"EntryPoint\",\"urlTemplate\":\"https:\\\/\\\/test.iridia.cat\\\/?s={search_term_string}\"},\"query-input\":{\"@type\":\"PropertyValueSpecification\",\"valueRequired\":true,\"valueName\":\"search_term_string\"}}],\"inLanguage\":\"es-ES\"},{\"@type\":\"Organization\",\"@id\":\"https:\\\/\\\/test.iridia.cat\\\/#organization\",\"name\":\"Ir\u00eddia\",\"url\":\"https:\\\/\\\/test.iridia.cat\\\/\",\"logo\":{\"@type\":\"ImageObject\",\"inLanguage\":\"es-ES\",\"@id\":\"https:\\\/\\\/test.iridia.cat\\\/#\\\/schema\\\/logo\\\/image\\\/\",\"url\":\"https:\\\/\\\/iridia.cat\\\/wp-content\\\/uploads\\\/2022\\\/10\\\/avatar_iridia.png\",\"contentUrl\":\"https:\\\/\\\/iridia.cat\\\/wp-content\\\/uploads\\\/2022\\\/10\\\/avatar_iridia.png\",\"width\":740,\"height\":220,\"caption\":\"Ir\u00eddia\"},\"image\":{\"@id\":\"https:\\\/\\\/test.iridia.cat\\\/#\\\/schema\\\/logo\\\/image\\\/\"}},{\"@type\":\"Person\",\"@id\":\"https:\\\/\\\/test.iridia.cat\\\/#\\\/schema\\\/person\\\/4cd6357ca92585af3bb3f05b5c669d5f\",\"name\":\"Ir\u00eddia\",\"image\":{\"@type\":\"ImageObject\",\"inLanguage\":\"es-ES\",\"@id\":\"https:\\\/\\\/secure.gravatar.com\\\/avatar\\\/5b7e0123885b2270f0bc833c606fa7b6ae733761d3e80d47e23ba829fe3bd7f7?s=96&d=mm&r=g\",\"url\":\"https:\\\/\\\/secure.gravatar.com\\\/avatar\\\/5b7e0123885b2270f0bc833c606fa7b6ae733761d3e80d47e23ba829fe3bd7f7?s=96&d=mm&r=g\",\"contentUrl\":\"https:\\\/\\\/secure.gravatar.com\\\/avatar\\\/5b7e0123885b2270f0bc833c606fa7b6ae733761d3e80d47e23ba829fe3bd7f7?s=96&d=mm&r=g\",\"caption\":\"Ir\u00eddia\"},\"url\":\"https:\\\/\\\/iridia.cat\\\/es\\\/author\\\/iridia\\\/\"}]}<\/script>\n<!-- \/ Yoast SEO plugin. -->","yoast_head_json":{"title":"[COMUNICADO] La excepcionalidad actual exige clausurar el CIE y liberar a todos los internos inmediatamente","robots":{"index":"index","follow":"follow","max-snippet":"max-snippet:-1","max-image-preview":"max-image-preview:large","max-video-preview":"max-video-preview:-1"},"canonical":"https:\/\/iridia.cat\/es\/lexcepcionalitat-actual-exigeix-clausurar-el-cie-i-alliberar-tots-els-interns-immediatament\/","og_locale":"es_ES","og_type":"article","og_title":"[COMUNICADO] La excepcionalidad actual exige clausurar el CIE y liberar a todos los internos inmediatamente","og_description":"Migra Studium, Tanquem els CIE,\u00a0Ir\u00eddia y\u00a0SOS Racisme exigimos la clausura inmediada del CIE de la Zona Franca y la liberaci\u00f3n de las personas internadas en \u00e9l, por las circunstancias excepcionales que concurren en la actualidad. &nbsp; Estado de Alarma y deportaciones imposibles La pandemia por el coronavirus \u00a0SARS-CoV-2\u00a0est\u00e1 provocando una cascada de decisiones pol\u00edticas, sociales, [&hellip;]","og_url":"https:\/\/iridia.cat\/es\/lexcepcionalitat-actual-exigeix-clausurar-el-cie-i-alliberar-tots-els-interns-immediatament\/","og_site_name":"Ir\u00eddia","article_published_time":"2020-03-16T12:34:06+00:00","article_modified_time":"2024-03-21T12:10:17+00:00","og_image":[{"width":980,"height":559,"url":"https:\/\/iridia.cat\/wp-content\/uploads\/2020\/03\/photo6015944508526668445.jpg","type":"image\/jpeg"}],"author":"Ir\u00eddia","twitter_card":"summary_large_image","twitter_misc":{"Written by":"Ir\u00eddia","Est. reading time":"8 minutes"},"schema":{"@context":"https:\/\/schema.org","@graph":[{"@type":"Article","@id":"https:\/\/iridia.cat\/es\/lexcepcionalitat-actual-exigeix-clausurar-el-cie-i-alliberar-tots-els-interns-immediatament\/#article","isPartOf":{"@id":"https:\/\/iridia.cat\/es\/lexcepcionalitat-actual-exigeix-clausurar-el-cie-i-alliberar-tots-els-interns-immediatament\/"},"author":{"name":"Ir\u00eddia","@id":"https:\/\/test.iridia.cat\/#\/schema\/person\/4cd6357ca92585af3bb3f05b5c669d5f"},"headline":"[COMUNICADO] La excepcionalidad actual exige clausurar el CIE y liberar a todos los internos inmediatamente","datePublished":"2020-03-16T12:34:06+00:00","dateModified":"2024-03-21T12:10:17+00:00","mainEntityOfPage":{"@id":"https:\/\/iridia.cat\/es\/lexcepcionalitat-actual-exigeix-clausurar-el-cie-i-alliberar-tots-els-interns-immediatament\/"},"wordCount":1436,"publisher":{"@id":"https:\/\/test.iridia.cat\/#organization"},"image":{"@id":"https:\/\/iridia.cat\/es\/lexcepcionalitat-actual-exigeix-clausurar-el-cie-i-alliberar-tots-els-interns-immediatament\/#primaryimage"},"thumbnailUrl":"https:\/\/iridia.cat\/wp-content\/uploads\/2020\/03\/photo6015944508526668445.jpg","keywords":["Comunicados","Migraciones"],"articleSection":["Publicaciones"],"inLanguage":"es-ES"},{"@type":"WebPage","@id":"https:\/\/iridia.cat\/es\/lexcepcionalitat-actual-exigeix-clausurar-el-cie-i-alliberar-tots-els-interns-immediatament\/","url":"https:\/\/iridia.cat\/es\/lexcepcionalitat-actual-exigeix-clausurar-el-cie-i-alliberar-tots-els-interns-immediatament\/","name":"[COMUNICADO] La excepcionalidad actual exige clausurar el CIE y liberar a todos los internos inmediatamente","isPartOf":{"@id":"https:\/\/test.iridia.cat\/#website"},"primaryImageOfPage":{"@id":"https:\/\/iridia.cat\/es\/lexcepcionalitat-actual-exigeix-clausurar-el-cie-i-alliberar-tots-els-interns-immediatament\/#primaryimage"},"image":{"@id":"https:\/\/iridia.cat\/es\/lexcepcionalitat-actual-exigeix-clausurar-el-cie-i-alliberar-tots-els-interns-immediatament\/#primaryimage"},"thumbnailUrl":"https:\/\/iridia.cat\/wp-content\/uploads\/2020\/03\/photo6015944508526668445.jpg","datePublished":"2020-03-16T12:34:06+00:00","dateModified":"2024-03-21T12:10:17+00:00","breadcrumb":{"@id":"https:\/\/iridia.cat\/es\/lexcepcionalitat-actual-exigeix-clausurar-el-cie-i-alliberar-tots-els-interns-immediatament\/#breadcrumb"},"inLanguage":"es-ES","potentialAction":[{"@type":"ReadAction","target":["https:\/\/iridia.cat\/es\/lexcepcionalitat-actual-exigeix-clausurar-el-cie-i-alliberar-tots-els-interns-immediatament\/"]}]},{"@type":"ImageObject","inLanguage":"es-ES","@id":"https:\/\/iridia.cat\/es\/lexcepcionalitat-actual-exigeix-clausurar-el-cie-i-alliberar-tots-els-interns-immediatament\/#primaryimage","url":"https:\/\/iridia.cat\/wp-content\/uploads\/2020\/03\/photo6015944508526668445.jpg","contentUrl":"https:\/\/iridia.cat\/wp-content\/uploads\/2020\/03\/photo6015944508526668445.jpg","width":980,"height":559},{"@type":"BreadcrumbList","@id":"https:\/\/iridia.cat\/es\/lexcepcionalitat-actual-exigeix-clausurar-el-cie-i-alliberar-tots-els-interns-immediatament\/#breadcrumb","itemListElement":[{"@type":"ListItem","position":1,"name":"Inici","item":"https:\/\/iridia.cat\/es\/"},{"@type":"ListItem","position":2,"name":"[COMUNICADO] La excepcionalidad actual exige clausurar el CIE y liberar a todos los internos inmediatamente"}]},{"@type":"WebSite","@id":"https:\/\/test.iridia.cat\/#website","url":"https:\/\/test.iridia.cat\/","name":"Ir\u00eddia","description":"","publisher":{"@id":"https:\/\/test.iridia.cat\/#organization"},"potentialAction":[{"@type":"SearchAction","target":{"@type":"EntryPoint","urlTemplate":"https:\/\/test.iridia.cat\/?s={search_term_string}"},"query-input":{"@type":"PropertyValueSpecification","valueRequired":true,"valueName":"search_term_string"}}],"inLanguage":"es-ES"},{"@type":"Organization","@id":"https:\/\/test.iridia.cat\/#organization","name":"Ir\u00eddia","url":"https:\/\/test.iridia.cat\/","logo":{"@type":"ImageObject","inLanguage":"es-ES","@id":"https:\/\/test.iridia.cat\/#\/schema\/logo\/image\/","url":"https:\/\/iridia.cat\/wp-content\/uploads\/2022\/10\/avatar_iridia.png","contentUrl":"https:\/\/iridia.cat\/wp-content\/uploads\/2022\/10\/avatar_iridia.png","width":740,"height":220,"caption":"Ir\u00eddia"},"image":{"@id":"https:\/\/test.iridia.cat\/#\/schema\/logo\/image\/"}},{"@type":"Person","@id":"https:\/\/test.iridia.cat\/#\/schema\/person\/4cd6357ca92585af3bb3f05b5c669d5f","name":"Ir\u00eddia","image":{"@type":"ImageObject","inLanguage":"es-ES","@id":"https:\/\/secure.gravatar.com\/avatar\/5b7e0123885b2270f0bc833c606fa7b6ae733761d3e80d47e23ba829fe3bd7f7?s=96&d=mm&r=g","url":"https:\/\/secure.gravatar.com\/avatar\/5b7e0123885b2270f0bc833c606fa7b6ae733761d3e80d47e23ba829fe3bd7f7?s=96&d=mm&r=g","contentUrl":"https:\/\/secure.gravatar.com\/avatar\/5b7e0123885b2270f0bc833c606fa7b6ae733761d3e80d47e23ba829fe3bd7f7?s=96&d=mm&r=g","caption":"Ir\u00eddia"},"url":"https:\/\/iridia.cat\/es\/author\/iridia\/"}]}},"_links":{"self":[{"href":"https:\/\/iridia.cat\/es\/wp-json\/wp\/v2\/posts\/1918","targetHints":{"allow":["GET"]}}],"collection":[{"href":"https:\/\/iridia.cat\/es\/wp-json\/wp\/v2\/posts"}],"about":[{"href":"https:\/\/iridia.cat\/es\/wp-json\/wp\/v2\/types\/post"}],"author":[{"embeddable":true,"href":"https:\/\/iridia.cat\/es\/wp-json\/wp\/v2\/users\/2"}],"replies":[{"embeddable":true,"href":"https:\/\/iridia.cat\/es\/wp-json\/wp\/v2\/comments?post=1918"}],"version-history":[{"count":5,"href":"https:\/\/iridia.cat\/es\/wp-json\/wp\/v2\/posts\/1918\/revisions"}],"predecessor-version":[{"id":1920,"href":"https:\/\/iridia.cat\/es\/wp-json\/wp\/v2\/posts\/1918\/revisions\/1920"}],"wp:featuredmedia":[{"embeddable":true,"href":"https:\/\/iridia.cat\/es\/wp-json\/wp\/v2\/media\/1902"}],"wp:attachment":[{"href":"https:\/\/iridia.cat\/es\/wp-json\/wp\/v2\/media?parent=1918"}],"wp:term":[{"taxonomy":"category","embeddable":true,"href":"https:\/\/iridia.cat\/es\/wp-json\/wp\/v2\/categories?post=1918"},{"taxonomy":"post_tag","embeddable":true,"href":"https:\/\/iridia.cat\/es\/wp-json\/wp\/v2\/tags?post=1918"}],"curies":[{"name":"wp","href":"https:\/\/api.w.org\/{rel}","templated":true}]}}