{"id":2133,"date":"2020-04-30T11:17:26","date_gmt":"2020-04-30T09:17:26","guid":{"rendered":"https:\/\/test.iridia.cat\/?p=2133"},"modified":"2020-05-05T19:55:52","modified_gmt":"2020-05-05T17:55:52","slug":"manifiesto-exigimos-al-gobierno-que-no-deporte-al-colectivo-de-personas-tunecinas-que-se-encuentra-en-el-ceti-de-melilla-y-que-sean-trasladadas-a-la-peninsula-de-manera-urgente","status":"publish","type":"post","link":"https:\/\/iridia.cat\/es\/manifiesto-exigimos-al-gobierno-que-no-deporte-al-colectivo-de-personas-tunecinas-que-se-encuentra-en-el-ceti-de-melilla-y-que-sean-trasladadas-a-la-peninsula-de-manera-urgente\/","title":{"rendered":"[MANIFIESTO] 183 organizaciones exigimos al Gobierno que no deporte al colectivo de personas tunecinas que se encuentra en el CETI de Melilla y que sean trasladadas a la pen\u00ednsula de manera urgente"},"content":{"rendered":"<blockquote><p><strong><a href=\"https:\/\/docs.google.com\/forms\/d\/e\/1FAIpQLSe9nqdTdalqBHChRlMn_Kk64sxwU_gOz4yR4MFIeJMxLxIMiQ\/viewform\">QUIERO ADHERIRME AL MANIFIESTO<\/a><\/strong><\/p><\/blockquote>\n<h3><i><span style=\"font-weight: 400;\">En tiempos de pandemia global, el Ministro de Interior, Fernando Grande-Marlaska, ha anunciado en rueda de prensa que est\u00e1n realizando gestiones, en plena emergencia sanitaria, para deportar a m\u00e1s de 600 personas que proceden de T\u00fanez y que se encuentran en el Centro de Estancia Temporal de Inmigrantes (CETI) de Melilla desde el verano de 2019.<\/span><\/i><\/h3>\n<p>&nbsp;<\/p>\n<p><b>#MarlaskaNoDeportes <\/b><b>#TrasladoUrgente<\/b><\/p>\n<p><span style=\"font-weight: 400;\">Este grupo de personas procedentes de T\u00fanez, entre ellas familias con ni\u00f1os o personas mayores, lleva alrededor de ocho meses en el CETI, esperando su posible traslado a la pen\u00ednsula ib\u00e9rica. A estos meses de espera, y ante la incertidumbre de su situaci\u00f3n al no ser trasladados a la pen\u00ednsula (como pasa normalmente con las personas migrantes que llegan a Melilla), se les ha sumado, por un lado, la amenaza de la pandemia en un CETI hacinado con m\u00e1s del doble de personas de la capacidad que puede albergar, y, por otro lado, el anuncio de su eventual futura deportaci\u00f3n a T\u00fanez.\u00a0<\/span><\/p>\n<p><span style=\"font-weight: 400;\">En el CETI de Melilla permanecen actualmente en hacinamiento y malas condiciones sanitarias alrededor de 1.600 personas procedentes de varios pa\u00edses, cuando su capacidad es solo para 780. Dentro del CETI de Melilla es imposible cumplir con las recomendaciones que se han hecho al resto de la poblaci\u00f3n. El confinamiento, la aglomeraci\u00f3n, la falta de higiene y el p\u00e1nico han provocado protestas desde hace d\u00edas. Cuando han empezado a protestar y manifestar su miedo, desde el centro han llamado a la Polic\u00eda, seg\u00fan la asociaci\u00f3n <\/span><i><span style=\"font-weight: 400;\">Terre pour Tous<\/span><\/i><span style=\"font-weight: 400;\">, que desde T\u00fanez est\u00e1 en contacto con los j\u00f3venes recluidos desde hace meses en el CETI. Seg\u00fan el <\/span><i><span style=\"font-weight: 400;\">F\u00f3rum tunecino por los Derechos Sociales y Econ\u00f3micos<\/span><\/i><span style=\"font-weight: 400;\"> creen que \u201cse trata de una presi\u00f3n hacia las autoridades tunecinas por parte de las autoridades espa\u00f1olas para que se firme alg\u00fan tipo de acuerdo relacionado con la devoluci\u00f3n de los migrantes\u201d.\u00a0 Desde el F\u00f3rum creen que bloquear a la gente en Melilla es una presi\u00f3n para alertar a sus familiares en T\u00fanez y enviar el mensaje de que la ruta migratoria a trav\u00e9s de Marruecos y Melilla est\u00e1 cerrada.<\/span><\/p>\n<p><span style=\"font-weight: 400;\">El colectivo de personas procedentes de T\u00fanez se encuentra en el CETI desde hace meses, en una situaci\u00f3n que se ha prolongado de manera no justificada, oblig\u00e1ndoles a esperar hacinados en unas instalaciones sobreocupadas, para al final decidir su deportaci\u00f3n durante la pandemia. La situaci\u00f3n se ha incluso agravado en los \u00faltimos d\u00edas con el inicio de una huelga de hambre por parte de algunos afectados por la deportaci\u00f3n en grupo<\/span><span style=\"font-weight: 400;\">. Todo ello incumple el respeto a la vida, la salud y la dignidad de las personas. Asimismo, queremos recordar que el art 4 del <\/span><b>Protocolo n\u00famero 4 al <\/b><a href=\"https:\/\/www.derechoshumanos.net\/Convenio-Europeo-de-Derechos-Humanos-CEDH\/index.htm\"><b>Convenio <\/b><\/a><b>Europeo de Derecho Humanos<\/b><span style=\"font-weight: 400;\"> proh\u00edbe las expulsiones colectivas de personas extranjeras. Por todas las citadas razones solicitamos:<\/span><\/p>\n<ol>\n<li style=\"font-weight: 400;\"><span style=\"font-weight: 400;\">La paralizaci\u00f3n del proceso de deportaci\u00f3n del grupo de personas de nacionalidad tunecina que ha anunciado el Ministro de Interior, Fernando Grande-Marlaska.<\/span><\/li>\n<li style=\"font-weight: 400;\"><span style=\"font-weight: 400;\">El traslado urgente de todas las personas que se encuentran en el CETI de Melilla a la Pen\u00ednsula y que se inicie un proceso para su regularizaci\u00f3n.\u00a0<\/span><\/li>\n<\/ol>\n<p class=\"p1\"><span class=\"s1\">Adhesiones<\/span><\/p>\n<p class=\"p1\"><span class=\"s1\">1.<span class=\"Apple-converted-space\">\u00a0 \u00a0 <\/span>AFFENoR<\/span><\/p>\n<p class=\"p1\"><span class=\"s1\">2.<span class=\"Apple-converted-space\">\u00a0 \u00a0 <\/span>ACATHI<\/span><\/p>\n<p class=\"p1\"><span class=\"s1\">3.<span class=\"Apple-converted-space\">\u00a0 \u00a0 <\/span>Acci\u00f3n en Red Madrid<\/span><\/p>\n<p class=\"p1\"><span class=\"s1\">4.<span class=\"Apple-converted-space\">\u00a0 \u00a0 <\/span>Accionenred<\/span><\/p>\n<p class=\"p1\"><span class=\"s1\">5.<span class=\"Apple-converted-space\">\u00a0 \u00a0 <\/span>Animals without Borders, Croatia<\/span><\/p>\n<p class=\"p1\"><span class=\"s1\">6.<span class=\"Apple-converted-space\">\u00a0 \u00a0 <\/span>Animal Save Movement<\/span><\/p>\n<p class=\"p1\"><span class=\"s1\">7.<span class=\"Apple-converted-space\">\u00a0 \u00a0 <\/span>Antirrumores<\/span><\/p>\n<p class=\"p1\"><span class=\"s1\">8.<span class=\"Apple-converted-space\">\u00a0 \u00a0 <\/span>Asamblea antimilitarista de Madrid<\/span><\/p>\n<p class=\"p1\"><span class=\"s1\">9.<span class=\"Apple-converted-space\">\u00a0 \u00a0 <\/span>Asamblea contra el CIE de Aluche<\/span><\/p>\n<p class=\"p1\"><span class=\"s1\">10.<span class=\"Apple-converted-space\">\u00a0 \u00a0 <\/span>Asociacion After Perdices<\/span><\/p>\n<p class=\"p1\"><span class=\"s1\">11.<span class=\"Apple-converted-space\">\u00a0 \u00a0 <\/span>Asociaci\u00f3n AMIARTE<\/span><\/p>\n<p class=\"p1\"><span class=\"s1\">12.<span class=\"Apple-converted-space\">\u00a0 \u00a0 <\/span>Asociaci\u00f3n Apoyo<\/span><\/p>\n<p class=\"p1\"><span class=\"s1\">13.<span class=\"Apple-converted-space\">\u00a0 \u00a0 <\/span>Asociaci\u00f3n Arena<\/span><\/p>\n<p class=\"p1\"><span class=\"s1\">14.<span class=\"Apple-converted-space\">\u00a0 \u00a0 <\/span>Asociaci\u00f3n Casa Da Gente Brasil Catalunya<\/span><\/p>\n<p class=\"p1\"><span class=\"s1\">15.<span class=\"Apple-converted-space\">\u00a0 \u00a0 <\/span>Asociaci\u00f3n Darna barcelona<\/span><\/p>\n<p class=\"p1\"><span class=\"s1\">16.<span class=\"Apple-converted-space\">\u00a0 \u00a0 <\/span>Asociaci\u00f3n de Familias Solidarias para el Desarrollo<\/span><\/p>\n<p class=\"p1\"><span class=\"s1\">17.<span class=\"Apple-converted-space\">\u00a0 \u00a0 <\/span>Asamblea de Personas afectadas por el Caos en la RVI<\/span><\/p>\n<p class=\"p1\"><span class=\"s1\">18.<span class=\"Apple-converted-space\">\u00a0 \u00a0 <\/span>Asociaci\u00f3n Espacios Berakah<\/span><\/p>\n<p class=\"p1\"><span class=\"s1\">19.<span class=\"Apple-converted-space\">\u00a0 \u00a0 <\/span>Asociaci\u00f3n Infancia Cultura y Educaci\u00f3n<\/span><\/p>\n<p class=\"p1\"><span class=\"s1\">20.<span class=\"Apple-converted-space\">\u00a0 \u00a0 <\/span>Asociaci\u00f3n Intercultural de Profesionales del Hogar y de los cuidados<\/span><\/p>\n<p class=\"p1\"><span class=\"s1\">21.<span class=\"Apple-converted-space\">\u00a0 \u00a0 <\/span>Asociaci\u00f3n Pro Derechos Humanos de Andaluc\u00eda<\/span><\/p>\n<p class=\"p1\"><span class=\"s1\">22.<span class=\"Apple-converted-space\">\u00a0 \u00a0 <\/span>Association Citoyennet\u00e9, D\u00e9veloppement, Cultures &amp; Migrations Des Deux Rives<\/span><\/p>\n<p class=\"p1\"><span class=\"s1\">23.<span class=\"Apple-converted-space\">\u00a0 \u00a0 <\/span>Association Psychologues Solidaires (Tunez)<\/span><\/p>\n<p class=\"p1\"><span class=\"s1\">24.<span class=\"Apple-converted-space\">\u00a0 \u00a0 <\/span>Association Tunisienne de Pr\u00e9vention Positive<\/span><\/p>\n<p class=\"p1\"><span class=\"s1\">25.<span class=\"Apple-converted-space\">\u00a0 \u00a0 <\/span>Asociaci\u00f3n SEDOAC<\/span><\/p>\n<p class=\"p1\"><span class=\"s1\">26.<span class=\"Apple-converted-space\">\u00a0 \u00a0 <\/span>Asociaci\u00f3n Solidaridad Igualdad Sostenibilidad Trabajo Integral ASISTI<\/span><\/p>\n<p class=\"p1\"><span class=\"s1\">27.<span class=\"Apple-converted-space\">\u00a0 \u00a0 <\/span>Asociaci\u00f3n t.i.c.t.a.c. Barcelona<\/span><\/p>\n<p class=\"p1\"><span class=\"s1\">28.<span class=\"Apple-converted-space\">\u00a0 \u00a0 <\/span>Assemblea local de la cup de Santa Perpetua de Mogoda<\/span><\/p>\n<p class=\"p1\"><span class=\"s1\">29.<span class=\"Apple-converted-space\">\u00a0 \u00a0 <\/span>Assemblea Nacional de Catalunya<\/span><\/p>\n<p class=\"p1\"><span class=\"s1\">30.<span class=\"Apple-converted-space\">\u00a0 \u00a0 <\/span>Associaci\u00f3 Huruma<\/span><\/p>\n<p class=\"p1\"><span class=\"s1\">31.<span class=\"Apple-converted-space\">\u00a0 \u00a0 <\/span>Associaci\u00f3 Institut de les Desigualtats<\/span><\/p>\n<p class=\"p1\"><span class=\"s1\">32.<span class=\"Apple-converted-space\">\u00a0 \u00a0 <\/span>Associacio Veines I Veines Sagrada Familia<\/span><\/p>\n<p class=\"p1\"><span class=\"s1\">33.<span class=\"Apple-converted-space\">\u00a0 \u00a0 <\/span>Association Nachaz-Dissonances<\/span><\/p>\n<p class=\"p1\"><span class=\"s1\">34.<span class=\"Apple-converted-space\">\u00a0 \u00a0 <\/span>AVV poblenou<\/span><\/p>\n<p class=\"p1\"><span class=\"s1\">35.<span class=\"Apple-converted-space\">\u00a0 \u00a0 <\/span>AYRE S\u00d3LIDARIO<\/span><\/p>\n<p class=\"p1\"><span class=\"s1\">36.<span class=\"Apple-converted-space\">\u00a0 \u00a0 <\/span>Badalona acull<\/span><\/p>\n<p class=\"p1\"><span class=\"s1\">37.<span class=\"Apple-converted-space\">\u00a0 \u00a0 <\/span>Barcelona en comu<\/span><\/p>\n<p class=\"p1\"><span class=\"s1\">38.<span class=\"Apple-converted-space\">\u00a0 \u00a0 <\/span>Barrio en pie<\/span><\/p>\n<p class=\"p1\"><span class=\"s1\">39.<span class=\"Apple-converted-space\">\u00a0 \u00a0 <\/span>BCN en Com\u00fa \/ Podem<\/span><\/p>\n<p class=\"p1\"><span class=\"s1\">40.<span class=\"Apple-converted-space\">\u00a0 \u00a0 <\/span>Bienvenid@S Refugiad@S De La Rioja<\/span><\/p>\n<p class=\"p1\"><span class=\"s1\">41.<span class=\"Apple-converted-space\">\u00a0 \u00a0 <\/span>Boza Jornadas<\/span><\/p>\n<p class=\"p1\"><span class=\"s1\">42.<span class=\"Apple-converted-space\">\u00a0 \u00a0 <\/span>Ca la dona<\/span><\/p>\n<p class=\"p1\"><span class=\"s1\">43.<span class=\"Apple-converted-space\">\u00a0 \u00a0 <\/span>Ca la Dona (espai d accio feminista)<\/span><\/p>\n<p class=\"p1\"><span class=\"s1\">44.<span class=\"Apple-converted-space\">\u00a0 \u00a0 <\/span>Caminando Fronteras<\/span><\/p>\n<p class=\"p1\"><span class=\"s1\">45.<span class=\"Apple-converted-space\">\u00a0 \u00a0 <\/span>Campa\u00f1a Estatal por el Cierre de los CIE y el Fin de las Deportaciones<\/span><\/p>\n<p class=\"p1\"><span class=\"s1\">46.<span class=\"Apple-converted-space\">\u00a0 \u00a0 <\/span>Campa\u00f1a CIEs No Valencia<\/span><\/p>\n<p class=\"p1\"><span class=\"s1\">47.<span class=\"Apple-converted-space\">\u00a0 \u00a0 <\/span>Candela. Cooperativa d&#8217;Acci\u00f3 Comunit\u00e0ria i Feminista<\/span><\/p>\n<p class=\"p1\"><span class=\"s1\">48.<span class=\"Apple-converted-space\">\u00a0 \u00a0 <\/span>Candidatura d&#8217;Unitat Popular CUP-Begues<\/span><\/p>\n<p class=\"p1\"><span class=\"s1\">49.<span class=\"Apple-converted-space\">\u00a0 \u00a0 <\/span>Caravana Abriendo Fronteras<\/span><\/p>\n<p class=\"p1\"><span class=\"s1\">50.<span class=\"Apple-converted-space\">\u00a0 \u00a0 <\/span>Caravana Obrim Fronteres Catalunya<\/span><\/p>\n<p class=\"p1\"><span class=\"s1\">51.<span class=\"Apple-converted-space\">\u00a0 \u00a0 <\/span>Caravana Obrim Fronteres Menorca<\/span><\/p>\n<p class=\"p1\"><span class=\"s1\">52.<span class=\"Apple-converted-space\">\u00a0 \u00a0 <\/span>Caravana Abriendo Fronteras Sevilla<\/span><\/p>\n<p class=\"p1\"><span class=\"s1\">53.<span class=\"Apple-converted-space\">\u00a0 \u00a0 <\/span>Caritas Bizkaia<\/span><\/p>\n<p class=\"p1\"><span class=\"s1\">54.<span class=\"Apple-converted-space\">\u00a0 \u00a0 <\/span>Casal Popular El Rebotim<\/span><\/p>\n<p class=\"p1\"><span class=\"s1\">55.<span class=\"Apple-converted-space\">\u00a0 \u00a0 <\/span>Cepaim<\/span><\/p>\n<p class=\"p1\"><span class=\"s1\">56.<span class=\"Apple-converted-space\">\u00a0 \u00a0 <\/span>Cepaim Valencia<\/span><\/p>\n<p class=\"p1\"><span class=\"s1\">57.<span class=\"Apple-converted-space\">\u00a0 \u00a0 <\/span>Garesko Herria mugimendua<\/span><\/p>\n<p class=\"p1\"><span class=\"s1\">58.<span class=\"Apple-converted-space\">\u00a0 \u00a0 <\/span>CGT Barcelona<\/span><\/p>\n<p class=\"p1\"><span class=\"s1\">59.<span class=\"Apple-converted-space\">\u00a0 \u00a0 <\/span>CGTCeuta<\/span><\/p>\n<p class=\"p1\"><span class=\"s1\">60.<span class=\"Apple-converted-space\">\u00a0 \u00a0 <\/span>CGT Confederal<\/span><\/p>\n<p class=\"p1\"><span class=\"s1\">61.<span class=\"Apple-converted-space\">\u00a0 \u00a0 <\/span>CGT Metal Madrid<\/span><\/p>\n<p class=\"p1\"><span class=\"s1\">62.<span class=\"Apple-converted-space\">\u00a0 \u00a0 <\/span>Climate Save Movement<\/span><\/p>\n<p class=\"p1\"><span class=\"s1\">63.<span class=\"Apple-converted-space\">\u00a0 \u00a0 <\/span>Colectivo Afrofeminista<\/span><\/p>\n<p class=\"p1\"><span class=\"s1\">64.<span class=\"Apple-converted-space\">\u00a0 \u00a0 <\/span>Colectivo de Apoyo a Mujeres Presas en Arag\u00f3n<\/span><\/p>\n<p class=\"p1\"><span class=\"s1\">65.<span class=\"Apple-converted-space\">\u00a0 \u00a0 <\/span>Colectivo de Prostitutas de Sevilla\u00a0<\/span><\/p>\n<p class=\"p1\"><span class=\"s1\">66.<span class=\"Apple-converted-space\">\u00a0 \u00a0 <\/span>Colectivo de Trabajadores Africanos<\/span><\/p>\n<p class=\"p1\"><span class=\"s1\">67.<span class=\"Apple-converted-space\">\u00a0 \u00a0 <\/span>Colectivo Indignado Valladolid<\/span><\/p>\n<p class=\"p1\"><span class=\"s1\">68.<span class=\"Apple-converted-space\">\u00a0 \u00a0 <\/span>Colectivo Vejer Sin Fronteras<\/span><\/p>\n<p class=\"p1\"><span class=\"s1\">69.<span class=\"Apple-converted-space\">\u00a0 \u00a0 <\/span>Col.lectiu Hourria<\/span><\/p>\n<p class=\"p1\"><span class=\"s1\">71.<span class=\"Apple-converted-space\">\u00a0 \u00a0 <\/span>Comit\u00e8 feminista de Santa Perp\u00e8tua de Mogoda<\/span><\/p>\n<p class=\"p1\"><span class=\"s1\">72.<span class=\"Apple-converted-space\">\u00a0 \u00a0 <\/span>Comisi\u00f3n Justicia y Paz territorio Espa\u00f1a y Portugal<\/span><\/p>\n<p class=\"p1\"><span class=\"s1\">73.<span class=\"Apple-converted-space\">\u00a0 \u00a0 <\/span>Comisi\u00f3n Legal Sol<\/span><\/p>\n<p class=\"p1\"><span class=\"s1\">74.<span class=\"Apple-converted-space\">\u00a0 \u00a0 <\/span>Comunidades Cristianas Populares_Sevills<\/span><\/p>\n<p class=\"p1\"><span class=\"s1\">75.<span class=\"Apple-converted-space\">\u00a0 \u00a0 <\/span>Comuns Federalistes<\/span><\/p>\n<p class=\"p1\"><span class=\"s1\">76.<span class=\"Apple-converted-space\">\u00a0 \u00a0 <\/span>Convivir Sin Racismo<\/span><\/p>\n<p class=\"p1\"><span class=\"s1\">77.<span class=\"Apple-converted-space\">\u00a0 \u00a0 <\/span>Coordinaci\u00f3n Baladre<\/span><\/p>\n<p class=\"p1\"><span class=\"s1\">78.<span class=\"Apple-converted-space\">\u00a0 \u00a0 <\/span>Coordinadora 12D En Pie de Paz<\/span><\/p>\n<p class=\"p1\"><span class=\"s1\">79.<span class=\"Apple-converted-space\">\u00a0 \u00a0 <\/span>Coordinadora Obrim Fronteres<\/span><\/p>\n<p class=\"p1\"><span class=\"s1\">80.<span class=\"Apple-converted-space\">\u00a0 \u00a0 <\/span>Cordada AEE<\/span><\/p>\n<p class=\"p1\"><span class=\"s1\">82.<span class=\"Apple-converted-space\">\u00a0 \u00a0 <\/span>Danseurs citoyens sud<\/span><\/p>\n<p class=\"p1\"><span class=\"s1\">83.<span class=\"Apple-converted-space\">\u00a0 \u00a0 <\/span>Desarma Madrid<\/span><\/p>\n<p class=\"p1\"><span class=\"s1\">84.<span class=\"Apple-converted-space\">\u00a0 \u00a0 <\/span>Di\u00e1logos Para Construir<\/span><\/p>\n<p class=\"p1\"><span class=\"s1\">85.<span class=\"Apple-converted-space\">\u00a0 \u00a0 <\/span>Dimbali F\u00fatbol Sala<\/span><\/p>\n<p class=\"p1\"><span class=\"s1\">86.<span class=\"Apple-converted-space\">\u00a0 \u00a0 <\/span>Donesxdones<\/span><\/p>\n<p class=\"p1\"><span class=\"s1\">87.<span class=\"Apple-converted-space\">\u00a0 \u00a0 <\/span>Ecologistas en Acci\u00f3n La Rioja<\/span><\/p>\n<p class=\"p1\"><span class=\"s1\">88.<span class=\"Apple-converted-space\">\u00a0 \u00a0 <\/span>Eix de migracions i refugi de bcomu<\/span><\/p>\n<p class=\"p1\"><span class=\"s1\">89.<span class=\"Apple-converted-space\">\u00a0 \u00a0 <\/span>Emakumeok gerraren aurka-Mujeres contra la guerra<\/span><\/p>\n<p class=\"p1\"><span class=\"s1\">90.<span class=\"Apple-converted-space\">\u00a0 \u00a0 <\/span>Ens Movem Sant Joan<\/span><\/p>\n<p class=\"p1\"><span class=\"s1\">91.<span class=\"Apple-converted-space\">\u00a0 \u00a0 <\/span>Erletxea. Oficina de Informaci\u00f3n y Denuncia Social<\/span><\/p>\n<p class=\"p1\"><span class=\"s1\">92.<span class=\"Apple-converted-space\">\u00a0 \u00a0 <\/span>Escuela Con Alma-Skola Sa Dusom<\/span><\/p>\n<p class=\"p1\"><span class=\"s1\">93.<span class=\"Apple-converted-space\">\u00a0 \u00a0 <\/span>Esquerra Eixample Acull<\/span><\/p>\n<p class=\"p1\"><span class=\"s1\">94.<span class=\"Apple-converted-space\">\u00a0 \u00a0 <\/span>Esquerra Unida i Alternativa<\/span><\/p>\n<p class=\"p1\"><span class=\"s1\">95.<span class=\"Apple-converted-space\">\u00a0 \u00a0 <\/span>Espacios Berakah<\/span><\/p>\n<p class=\"p1\"><span class=\"s1\">96.<span class=\"Apple-converted-space\">\u00a0 \u00a0 <\/span>Esquerra Republicana de Catalunya<\/span><\/p>\n<p class=\"p1\"><span class=\"s1\">97.<span class=\"Apple-converted-space\">\u00a0 \u00a0 <\/span>Euskal Herriko Kristau Elkarteak<\/span><\/p>\n<p class=\"p1\"><span class=\"s1\">98.<span class=\"Apple-converted-space\">\u00a0 \u00a0 <\/span>Faada<\/span><\/p>\n<p class=\"p1\"><span class=\"s1\">99.<span class=\"Apple-converted-space\">\u00a0 \u00a0 <\/span>Federaci\u00f3n Andaluc\u00eda Acoge<\/span><\/p>\n<p class=\"p1\"><span class=\"s1\">100.<span class=\"Apple-converted-space\">\u00a0 \u00a0 <\/span>Feministalde<\/span><\/p>\n<p class=\"p1\"><span class=\"s1\">101.<span class=\"Apple-converted-space\">\u00a0 \u00a0 <\/span>Fondacion Ahmed Tlili por la cultura democratica<\/span><\/p>\n<p class=\"p1\"><span class=\"s1\">102.<span class=\"Apple-converted-space\">\u00a0 \u00a0 <\/span>F\u00f3rum Tunecino por los Derechos Sociales y Econ\u00f3micos<\/span><\/p>\n<p class=\"p1\"><span class=\"s1\">103.<span class=\"Apple-converted-space\">\u00a0 \u00a0 <\/span>Fundaci\u00f3 Casa del Tibet<\/span><\/p>\n<p class=\"p1\"><span class=\"s1\">104.<span class=\"Apple-converted-space\">\u00a0 \u00a0 <\/span>Fundaci\u00f3n Ahmed tlili por la cultura democr\u00e1tica<\/span><\/p>\n<p class=\"p1\"><span class=\"s1\">105.<span class=\"Apple-converted-space\">\u00a0 \u00a0 <\/span>Fundaci\u00f3n Bachue<\/span><\/p>\n<p class=\"p1\"><span class=\"s1\">106.<span class=\"Apple-converted-space\">\u00a0 \u00a0 <\/span>Grupo Antimilitarista de Carabanchel<\/span><\/p>\n<p class=\"p1\"><span class=\"s1\">107.<span class=\"Apple-converted-space\">\u00a0 \u00a0 <\/span>Grupo Derechos Civiles 15M Zaragoza<\/span><\/p>\n<p class=\"p1\"><span class=\"s1\">108.<span class=\"Apple-converted-space\">\u00a0 \u00a0 <\/span>Guanyem Sitges<\/span><\/p>\n<p class=\"p1\"><span class=\"s1\">109.<span class=\"Apple-converted-space\">\u00a0 \u00a0 <\/span>Hegoa<\/span><\/p>\n<p class=\"p1\"><span class=\"s1\">110.<span class=\"Apple-converted-space\">\u00a0 \u00a0 <\/span>Help-NA (Nafarroa-Navarra bomberos+voluntarias)<\/span><\/p>\n<p class=\"p1\"><span class=\"s1\">111.<span class=\"Apple-converted-space\">\u00a0 \u00a0 <\/span>Hermanitas de la Asunci\u00f3ntugal<\/span><\/p>\n<p class=\"p1\"><span class=\"s1\">112.<span class=\"Apple-converted-space\">\u00a0 \u00a0 <\/span>Herria 2000 Eliza<\/span><\/p>\n<p class=\"p1\"><span class=\"s1\">113.<span class=\"Apple-converted-space\">\u00a0 \u00a0 <\/span>Iniciativa Cambio personal, Justicia global<\/span><\/p>\n<p class=\"p1\"><span class=\"s1\">114.<span class=\"Apple-converted-space\">\u00a0 \u00a0 <\/span>Initiative Mawjoudin pour l&#8217;\u00e9galit\u00e9<\/span><\/p>\n<p class=\"p1\"><span class=\"s1\">115.<span class=\"Apple-converted-space\">\u00a0 \u00a0 <\/span>Ir\u00eddia, Centro por la Defensa de los Derechos Humanos<\/span><\/p>\n<p class=\"p1\"><span class=\"s1\">116.<span class=\"Apple-converted-space\">\u00a0 \u00a0 <\/span>Izquierda Anticapitalista Revolucionaria IZAR<\/span><\/p>\n<p class=\"p1\"><span class=\"s1\">117.<span class=\"Apple-converted-space\">\u00a0 \u00a0 <\/span>J\u00f3venes de IU &#8211; Red de activistas<\/span><\/p>\n<p class=\"p1\"><span class=\"s1\">118.<span class=\"Apple-converted-space\">\u00a0 \u00a0 <\/span>Joventut Multicultural Musulmana<\/span><\/p>\n<p class=\"p1\"><span class=\"s1\">119.<span class=\"Apple-converted-space\">\u00a0 \u00a0 <\/span>Karabana Mugak Zabalduz Nafarroa<\/span><\/p>\n<p class=\"p1\"><span class=\"s1\">120.<span class=\"Apple-converted-space\">\u00a0 \u00a0 <\/span>K\u00f6hegyi<\/span><\/p>\n<p class=\"p1\"><span class=\"s1\">121.<span class=\"Apple-converted-space\">\u00a0 \u00a0 <\/span>La Rioja con los refugiados<\/span><\/p>\n<p class=\"p1\"><span class=\"s1\">122.<span class=\"Apple-converted-space\">\u00a0 \u00a0 <\/span>La Tribu sociocultural<\/span><\/p>\n<p class=\"p1\"><span class=\"s1\">123.<span class=\"Apple-converted-space\">\u00a0 \u00a0 <\/span>Ligue tunisienne pour la d\u00e9fense des droits de l&#8217;homme (Tunez)<\/span><\/p>\n<p class=\"p1\"><span class=\"s1\">124.<span class=\"Apple-converted-space\">\u00a0 \u00a0 <\/span>Lleida pels Refugiats<\/span><\/p>\n<p class=\"p1\"><span class=\"s1\">125.<span class=\"Apple-converted-space\">\u00a0 \u00a0 <\/span>Neuch\u00e2tel Animal Save<\/span><\/p>\n<p class=\"p1\"><span class=\"s1\">126.<span class=\"Apple-converted-space\">\u00a0 \u00a0 <\/span>Neuch\u00e2tel Climate Save<\/span><\/p>\n<p class=\"p1\"><span class=\"s1\">127.<span class=\"Apple-converted-space\">\u00a0 \u00a0 <\/span>Neuch\u00e2tel Health Save<\/span><\/p>\n<p class=\"p1\"><span class=\"s1\">128.<span class=\"Apple-converted-space\">\u00a0 \u00a0 <\/span>Macarena para todas<\/span><\/p>\n<p class=\"p1\"><span class=\"s1\">129.<span class=\"Apple-converted-space\">\u00a0 \u00a0 <\/span>Marea Blanca de la Janda<\/span><\/p>\n<p class=\"p1\"><span class=\"s1\">130.<span class=\"Apple-converted-space\">\u00a0 \u00a0 <\/span>Marea Roja Alacant-15M-Baladre<\/span><\/p>\n<p class=\"p1\"><span class=\"s1\">131.<span class=\"Apple-converted-space\">\u00a0 \u00a0 <\/span>Marxa Mundial de Dones<\/span><\/p>\n<p class=\"p1\"><span class=\"s1\">132.<span class=\"Apple-converted-space\">\u00a0 \u00a0 <\/span>Mawjoudin Initiative for Equality (We Exist, Tunisia)<\/span><\/p>\n<p class=\"p1\"><span class=\"s1\">133.<span class=\"Apple-converted-space\">\u00a0 \u00a0 <\/span>M\u00e9dicos del Mundo<\/span><\/p>\n<p class=\"p1\"><span class=\"s1\">134.<span class=\"Apple-converted-space\">\u00a0 \u00a0 <\/span>M\u00e9xico, Climate Save Movement<\/span><\/p>\n<p class=\"p1\"><span class=\"s1\">135.<span class=\"Apple-converted-space\">\u00a0 \u00a0 <\/span>Monitors sense Fronteres<\/span><\/p>\n<p class=\"p1\"><span class=\"s1\">136.<span class=\"Apple-converted-space\">\u00a0 \u00a0 <\/span>Moolaad\u00e9 Col.lectiva Feminista de Classe<\/span><\/p>\n<p class=\"p1\"><span class=\"s1\">137.<span class=\"Apple-converted-space\">\u00a0 \u00a0 <\/span>Movimiento por la Acci\u00f3n y el Desarrollo de \u00c1frica (MAD \u00c1frica)<\/span><\/p>\n<p class=\"p1\"><span class=\"s1\">138.<span class=\"Apple-converted-space\">\u00a0 \u00a0 <\/span>Mujeres de Negro contra la guerra<\/span><\/p>\n<p class=\"p1\"><span class=\"s1\">139.<span class=\"Apple-converted-space\">\u00a0 \u00a0 <\/span>MUJERES del Mundo<\/span><\/p>\n<p class=\"p1\"><span class=\"s1\">140.<span class=\"Apple-converted-space\">\u00a0 \u00a0 <\/span>Mujeres Supervivientes<\/span><\/p>\n<p class=\"p1\"><span class=\"s1\">141.<span class=\"Apple-converted-space\">\u00a0 \u00a0 <\/span>Mundo en Movimiento<\/span><\/p>\n<p class=\"p1\"><span class=\"s1\">142.<span class=\"Apple-converted-space\">\u00a0 \u00a0 <\/span>Musulmans Contra la Islamofobia<\/span><\/p>\n<p class=\"p1\"><span class=\"s1\">143.<span class=\"Apple-converted-space\">\u00a0 \u00a0 <\/span>NOVACT- Institut Internacional per l&#8217;Acci\u00f3 NoViolenta<\/span><\/p>\n<p class=\"p1\"><span class=\"s1\">144.<span class=\"Apple-converted-space\">\u00a0 \u00a0 <\/span>Nomad08 Tunisia<\/span><\/p>\n<p class=\"p1\"><span class=\"s1\">145.<span class=\"Apple-converted-space\">\u00a0 \u00a0 <\/span>Obrim Fronteres Valencia<\/span><\/p>\n<p class=\"p1\"><span class=\"s1\">146.<span class=\"Apple-converted-space\">\u00a0 \u00a0 <\/span>Observatorio de Derechos Humanos Samba Martine<\/span><\/p>\n<p class=\"p1\"><span class=\"s1\">147.<span class=\"Apple-converted-space\">\u00a0 \u00a0 <\/span>Oficina de Derechos Sociales de Sevilla<\/span><\/p>\n<p class=\"p1\"><span class=\"s1\">148.<span class=\"Apple-converted-space\">\u00a0 \u00a0 <\/span>Ongi Etorri Errefuxiatuak<\/span><\/p>\n<p class=\"p1\"><span class=\"s1\">149.<span class=\"Apple-converted-space\">\u00a0 \u00a0 <\/span>Ongi Etorri Zeberio<\/span><\/p>\n<p class=\"p1\"><span class=\"s1\">150.<span class=\"Apple-converted-space\">\u00a0 \u00a0 <\/span>Partido Por Un Mundo M\u00e1s Justo (M+J)<\/span><\/p>\n<p class=\"p1\"><span class=\"s1\">151.<span class=\"Apple-converted-space\">\u00a0 \u00a0 <\/span>Plataforma Burgos con las Personas Refugiadas<\/span><\/p>\n<p class=\"p1\"><span class=\"s1\">152.<span class=\"Apple-converted-space\">\u00a0 \u00a0 <\/span>Plataforma CIEs No Madrid<\/span><\/p>\n<p class=\"p1\"><span class=\"s1\">153.<span class=\"Apple-converted-space\">\u00a0 \u00a0 <\/span>Plataforma No Somos Delito<\/span><\/p>\n<p class=\"p1\"><span class=\"s1\">154.<span class=\"Apple-converted-space\">\u00a0 \u00a0 <\/span>Prodein<\/span><\/p>\n<p class=\"p1\"><span class=\"s1\">155.<span class=\"Apple-converted-space\">\u00a0 \u00a0 <\/span>Proyecto Nexum Andalucia<\/span><\/p>\n<p class=\"p1\"><span class=\"s1\">156.<span class=\"Apple-converted-space\">\u00a0 \u00a0 <\/span>PSIC\u00d3LOGAS Y PSIC\u00d3LOGOS SIN FRONTERAS<\/span><\/p>\n<p class=\"p1\"><span class=\"s1\">157.<span class=\"Apple-converted-space\">\u00a0 \u00a0 <\/span>Punto de Informaci\u00f3n y Denuncia de Derechos Sociales de Alicante<\/span><\/p>\n<p class=\"p1\"><span class=\"s1\">158.<span class=\"Apple-converted-space\">\u00a0 \u00a0 <\/span>Putas Libertarias Raval<\/span><\/p>\n<p class=\"p1\"><span class=\"s1\">159.<span class=\"Apple-converted-space\">\u00a0 \u00a0 <\/span>RAMUCA<\/span><\/p>\n<p class=\"p1\"><span class=\"s1\">160.<span class=\"Apple-converted-space\">\u00a0 \u00a0 <\/span>Red de Acogida de El Puerto de Santa Mar\u00eda. C\u00e1diz.<\/span><\/p>\n<p class=\"p1\"><span class=\"s1\">161.<span class=\"Apple-converted-space\">\u00a0 \u00a0 <\/span>Red de Mujeres Latinoamericana y del Caribe<\/span><\/p>\n<p class=\"p1\"><span class=\"s1\">162.<span class=\"Apple-converted-space\">\u00a0 \u00a0 <\/span>Red Solidaria de Acogida de Madrid<\/span><\/p>\n<p class=\"p1\"><span class=\"s1\">163.<span class=\"Apple-converted-space\">\u00a0 \u00a0 <\/span>Rowing Together<\/span><\/p>\n<p class=\"p1\"><span class=\"s1\">164.<span class=\"Apple-converted-space\">\u00a0 \u00a0 <\/span>Salhaketa Nafarroa<\/span><\/p>\n<p class=\"p1\"><span class=\"s1\">165.<span class=\"Apple-converted-space\">\u00a0 \u00a0 <\/span>Sarria Sant Gervasi Refugi<\/span><\/p>\n<p class=\"p1\"><span class=\"s1\">166.<span class=\"Apple-converted-space\">\u00a0 \u00a0 <\/span>SCI Catalunya<\/span><\/p>\n<p class=\"p1\"><span class=\"s1\">167.<span class=\"Apple-converted-space\">\u00a0 \u00a0 <\/span>SODEPAU<\/span><\/p>\n<p class=\"p1\"><span class=\"s1\">168.<span class=\"Apple-converted-space\">\u00a0 \u00a0 <\/span>Sodepaz Euskal Herria<\/span><\/p>\n<p class=\"p1\"><span class=\"s1\">169.<span class=\"Apple-converted-space\">\u00a0 \u00a0 <\/span>SOLIVE &#8211; Solidaridad Vedruna<\/span><\/p>\n<p class=\"p1\"><span class=\"s1\">170.<span class=\"Apple-converted-space\">\u00a0 \u00a0 <\/span>Sorginenea-Gasteizko Emakumeen Etxea Elkartea<\/span><\/p>\n<p class=\"p1\"><span class=\"s1\">171.<span class=\"Apple-converted-space\">\u00a0 \u00a0 <\/span>SOS Racisme Catalunya<\/span><\/p>\n<p class=\"p1\"><span class=\"s1\">172.<span class=\"Apple-converted-space\">\u00a0 \u00a0 <\/span>SOS Racismo Madrid<\/span><\/p>\n<p class=\"p1\"><span class=\"s1\">173.<span class=\"Apple-converted-space\">\u00a0 \u00a0 <\/span>Stop Mare Mortum<\/span><\/p>\n<p class=\"p1\"><span class=\"s1\">174.<span class=\"Apple-converted-space\">\u00a0 \u00a0 <\/span>Synusia<\/span><\/p>\n<p class=\"p1\"><span class=\"s1\">175.<span class=\"Apple-converted-space\">\u00a0 \u00a0 <\/span>Tanquem Els CIE<\/span><\/p>\n<p class=\"p1\"><span class=\"s1\">176.<span class=\"Apple-converted-space\">\u00a0 \u00a0 <\/span>Terrassa Sense Murs<\/span><\/p>\n<p class=\"p1\"><span class=\"s1\">177.<span class=\"Apple-converted-space\">\u00a0 \u00a0 <\/span>Terre Pour Tous (T\u00fanez)<\/span><\/p>\n<p class=\"p1\"><span class=\"s1\">178.<span class=\"Apple-converted-space\">\u00a0 \u00a0 <\/span>UMoya<\/span><\/p>\n<p class=\"p1\"><span class=\"s1\">179.<span class=\"Apple-converted-space\">\u00a0 \u00a0 <\/span>Urko-punta, ong de solidaridad entre los pueblos<\/span><\/p>\n<p class=\"p1\"><span class=\"s1\">180.<span class=\"Apple-converted-space\">\u00a0 \u00a0 <\/span>Val\u00e8ncia Acull<\/span><\/p>\n<p class=\"p1\"><span class=\"s1\">181.<span class=\"Apple-converted-space\">\u00a0 \u00a0 <\/span>WFF<\/span><\/p>\n<p class=\"p1\"><span class=\"s1\">182.<span class=\"Apple-converted-space\">\u00a0 \u00a0 <\/span>Xarxa de dones per la salut<\/span><\/p>\n<p class=\"p1\"><span class=\"s1\">183.<span class=\"Apple-converted-space\">\u00a0 \u00a0 <\/span>Zaragoza Acoge &#8211; Bienvenidxs Refugiadxs<\/span><\/p>\n<p>&nbsp;<\/p>\n<p><strong><a href=\"#MarlaskaNoDeportes #TrasladoUrgente\">Quiero adherirme al manifiesto<\/a><\/strong><\/p>\n","protected":false},"excerpt":{"rendered":"<p>QUIERO ADHERIRME AL MANIFIESTO En tiempos de pandemia global, el Ministro de Interior, Fernando Grande-Marlaska, ha anunciado en rueda de prensa que est\u00e1n realizando gestiones, en plena emergencia sanitaria, para deportar a m\u00e1s de 600 personas que proceden de T\u00fanez y que se encuentran en el Centro de Estancia Temporal de Inmigrantes (CETI) de Melilla [&hellip;]<\/p>\n","protected":false},"author":2,"featured_media":2134,"comment_status":"closed","ping_status":"closed","sticky":false,"template":"","format":"standard","meta":{"_acf_changed":false,"footnotes":""},"categories":[3],"tags":[],"class_list":["post-2133","post","type-post","status-publish","format-standard","has-post-thumbnail","hentry","category-publicaciones"],"acf":[],"yoast_head":"<!-- This site is optimized with the Yoast SEO plugin v27.4 - https:\/\/yoast.com\/product\/yoast-seo-wordpress\/ -->\n<title>[MANIFIESTO] 183 organizaciones exigimos al Gobierno que no deporte al colectivo de personas tunecinas que se encuentra en el CETI de Melilla y que sean trasladadas a la pen\u00ednsula de manera urgente<\/title>\n<meta name=\"robots\" content=\"index, follow, max-snippet:-1, max-image-preview:large, max-video-preview:-1\" \/>\n<link rel=\"canonical\" href=\"https:\/\/iridia.cat\/es\/manifiesto-exigimos-al-gobierno-que-no-deporte-al-colectivo-de-personas-tunecinas-que-se-encuentra-en-el-ceti-de-melilla-y-que-sean-trasladadas-a-la-peninsula-de-manera-urgente\/\" \/>\n<meta property=\"og:locale\" content=\"es_ES\" \/>\n<meta property=\"og:type\" content=\"article\" \/>\n<meta property=\"og:title\" content=\"[MANIFIESTO] 183 organizaciones exigimos al Gobierno que no deporte al colectivo de personas tunecinas que se encuentra en el CETI de Melilla y que sean trasladadas a la pen\u00ednsula de manera urgente\" \/>\n<meta property=\"og:description\" content=\"QUIERO ADHERIRME AL MANIFIESTO En tiempos de pandemia global, el Ministro de Interior, Fernando Grande-Marlaska, ha anunciado en rueda de prensa que est\u00e1n realizando gestiones, en plena emergencia sanitaria, para deportar a m\u00e1s de 600 personas que proceden de T\u00fanez y que se encuentran en el Centro de Estancia Temporal de Inmigrantes (CETI) de Melilla [&hellip;]\" \/>\n<meta property=\"og:url\" content=\"https:\/\/iridia.cat\/es\/manifiesto-exigimos-al-gobierno-que-no-deporte-al-colectivo-de-personas-tunecinas-que-se-encuentra-en-el-ceti-de-melilla-y-que-sean-trasladadas-a-la-peninsula-de-manera-urgente\/\" \/>\n<meta property=\"og:site_name\" content=\"Ir\u00eddia\" \/>\n<meta property=\"article:published_time\" content=\"2020-04-30T09:17:26+00:00\" \/>\n<meta property=\"article:modified_time\" content=\"2020-05-05T17:55:52+00:00\" \/>\n<meta property=\"og:image\" content=\"https:\/\/iridia.cat\/wp-content\/uploads\/2020\/04\/8fa092f5-f6de-47be-a981-2c4907dba518.jpeg\" \/>\n\t<meta property=\"og:image:width\" content=\"1200\" \/>\n\t<meta property=\"og:image:height\" content=\"675\" \/>\n\t<meta property=\"og:image:type\" content=\"image\/jpeg\" \/>\n<meta name=\"author\" content=\"Ir\u00eddia\" \/>\n<meta name=\"twitter:card\" content=\"summary_large_image\" \/>\n<meta name=\"twitter:label1\" content=\"Written by\" \/>\n\t<meta name=\"twitter:data1\" content=\"Ir\u00eddia\" \/>\n\t<meta name=\"twitter:label2\" content=\"Est. reading time\" \/>\n\t<meta name=\"twitter:data2\" content=\"7 minutes\" \/>\n<script type=\"application\/ld+json\" class=\"yoast-schema-graph\">{\"@context\":\"https:\\\/\\\/schema.org\",\"@graph\":[{\"@type\":\"Article\",\"@id\":\"https:\\\/\\\/iridia.cat\\\/es\\\/manifiesto-exigimos-al-gobierno-que-no-deporte-al-colectivo-de-personas-tunecinas-que-se-encuentra-en-el-ceti-de-melilla-y-que-sean-trasladadas-a-la-peninsula-de-manera-urgente\\\/#article\",\"isPartOf\":{\"@id\":\"https:\\\/\\\/iridia.cat\\\/es\\\/manifiesto-exigimos-al-gobierno-que-no-deporte-al-colectivo-de-personas-tunecinas-que-se-encuentra-en-el-ceti-de-melilla-y-que-sean-trasladadas-a-la-peninsula-de-manera-urgente\\\/\"},\"author\":{\"name\":\"Ir\u00eddia\",\"@id\":\"https:\\\/\\\/test.iridia.cat\\\/#\\\/schema\\\/person\\\/4cd6357ca92585af3bb3f05b5c669d5f\"},\"headline\":\"[MANIFIESTO] 183 organizaciones exigimos al Gobierno que no deporte al colectivo de personas tunecinas que se encuentra en el CETI de Melilla y que sean trasladadas a la pen\u00ednsula de manera urgente\",\"datePublished\":\"2020-04-30T09:17:26+00:00\",\"dateModified\":\"2020-05-05T17:55:52+00:00\",\"mainEntityOfPage\":{\"@id\":\"https:\\\/\\\/iridia.cat\\\/es\\\/manifiesto-exigimos-al-gobierno-que-no-deporte-al-colectivo-de-personas-tunecinas-que-se-encuentra-en-el-ceti-de-melilla-y-que-sean-trasladadas-a-la-peninsula-de-manera-urgente\\\/\"},\"wordCount\":1390,\"publisher\":{\"@id\":\"https:\\\/\\\/test.iridia.cat\\\/#organization\"},\"image\":{\"@id\":\"https:\\\/\\\/iridia.cat\\\/es\\\/manifiesto-exigimos-al-gobierno-que-no-deporte-al-colectivo-de-personas-tunecinas-que-se-encuentra-en-el-ceti-de-melilla-y-que-sean-trasladadas-a-la-peninsula-de-manera-urgente\\\/#primaryimage\"},\"thumbnailUrl\":\"https:\\\/\\\/iridia.cat\\\/wp-content\\\/uploads\\\/2020\\\/04\\\/8fa092f5-f6de-47be-a981-2c4907dba518.jpeg\",\"articleSection\":[\"Publicaciones\"],\"inLanguage\":\"es-ES\"},{\"@type\":\"WebPage\",\"@id\":\"https:\\\/\\\/iridia.cat\\\/es\\\/manifiesto-exigimos-al-gobierno-que-no-deporte-al-colectivo-de-personas-tunecinas-que-se-encuentra-en-el-ceti-de-melilla-y-que-sean-trasladadas-a-la-peninsula-de-manera-urgente\\\/\",\"url\":\"https:\\\/\\\/iridia.cat\\\/es\\\/manifiesto-exigimos-al-gobierno-que-no-deporte-al-colectivo-de-personas-tunecinas-que-se-encuentra-en-el-ceti-de-melilla-y-que-sean-trasladadas-a-la-peninsula-de-manera-urgente\\\/\",\"name\":\"[MANIFIESTO] 183 organizaciones exigimos al Gobierno que no deporte al colectivo de personas tunecinas que se encuentra en el CETI de Melilla y que sean trasladadas a la pen\u00ednsula de manera urgente\",\"isPartOf\":{\"@id\":\"https:\\\/\\\/test.iridia.cat\\\/#website\"},\"primaryImageOfPage\":{\"@id\":\"https:\\\/\\\/iridia.cat\\\/es\\\/manifiesto-exigimos-al-gobierno-que-no-deporte-al-colectivo-de-personas-tunecinas-que-se-encuentra-en-el-ceti-de-melilla-y-que-sean-trasladadas-a-la-peninsula-de-manera-urgente\\\/#primaryimage\"},\"image\":{\"@id\":\"https:\\\/\\\/iridia.cat\\\/es\\\/manifiesto-exigimos-al-gobierno-que-no-deporte-al-colectivo-de-personas-tunecinas-que-se-encuentra-en-el-ceti-de-melilla-y-que-sean-trasladadas-a-la-peninsula-de-manera-urgente\\\/#primaryimage\"},\"thumbnailUrl\":\"https:\\\/\\\/iridia.cat\\\/wp-content\\\/uploads\\\/2020\\\/04\\\/8fa092f5-f6de-47be-a981-2c4907dba518.jpeg\",\"datePublished\":\"2020-04-30T09:17:26+00:00\",\"dateModified\":\"2020-05-05T17:55:52+00:00\",\"breadcrumb\":{\"@id\":\"https:\\\/\\\/iridia.cat\\\/es\\\/manifiesto-exigimos-al-gobierno-que-no-deporte-al-colectivo-de-personas-tunecinas-que-se-encuentra-en-el-ceti-de-melilla-y-que-sean-trasladadas-a-la-peninsula-de-manera-urgente\\\/#breadcrumb\"},\"inLanguage\":\"es-ES\",\"potentialAction\":[{\"@type\":\"ReadAction\",\"target\":[\"https:\\\/\\\/iridia.cat\\\/es\\\/manifiesto-exigimos-al-gobierno-que-no-deporte-al-colectivo-de-personas-tunecinas-que-se-encuentra-en-el-ceti-de-melilla-y-que-sean-trasladadas-a-la-peninsula-de-manera-urgente\\\/\"]}]},{\"@type\":\"ImageObject\",\"inLanguage\":\"es-ES\",\"@id\":\"https:\\\/\\\/iridia.cat\\\/es\\\/manifiesto-exigimos-al-gobierno-que-no-deporte-al-colectivo-de-personas-tunecinas-que-se-encuentra-en-el-ceti-de-melilla-y-que-sean-trasladadas-a-la-peninsula-de-manera-urgente\\\/#primaryimage\",\"url\":\"https:\\\/\\\/iridia.cat\\\/wp-content\\\/uploads\\\/2020\\\/04\\\/8fa092f5-f6de-47be-a981-2c4907dba518.jpeg\",\"contentUrl\":\"https:\\\/\\\/iridia.cat\\\/wp-content\\\/uploads\\\/2020\\\/04\\\/8fa092f5-f6de-47be-a981-2c4907dba518.jpeg\",\"width\":1200,\"height\":675},{\"@type\":\"BreadcrumbList\",\"@id\":\"https:\\\/\\\/iridia.cat\\\/es\\\/manifiesto-exigimos-al-gobierno-que-no-deporte-al-colectivo-de-personas-tunecinas-que-se-encuentra-en-el-ceti-de-melilla-y-que-sean-trasladadas-a-la-peninsula-de-manera-urgente\\\/#breadcrumb\",\"itemListElement\":[{\"@type\":\"ListItem\",\"position\":1,\"name\":\"Inici\",\"item\":\"https:\\\/\\\/iridia.cat\\\/es\\\/\"},{\"@type\":\"ListItem\",\"position\":2,\"name\":\"[MANIFIESTO] 183 organizaciones exigimos al Gobierno que no deporte al colectivo de personas tunecinas que se encuentra en el CETI de Melilla y que sean trasladadas a la pen\u00ednsula de manera urgente\"}]},{\"@type\":\"WebSite\",\"@id\":\"https:\\\/\\\/test.iridia.cat\\\/#website\",\"url\":\"https:\\\/\\\/test.iridia.cat\\\/\",\"name\":\"Ir\u00eddia\",\"description\":\"\",\"publisher\":{\"@id\":\"https:\\\/\\\/test.iridia.cat\\\/#organization\"},\"potentialAction\":[{\"@type\":\"SearchAction\",\"target\":{\"@type\":\"EntryPoint\",\"urlTemplate\":\"https:\\\/\\\/test.iridia.cat\\\/?s={search_term_string}\"},\"query-input\":{\"@type\":\"PropertyValueSpecification\",\"valueRequired\":true,\"valueName\":\"search_term_string\"}}],\"inLanguage\":\"es-ES\"},{\"@type\":\"Organization\",\"@id\":\"https:\\\/\\\/test.iridia.cat\\\/#organization\",\"name\":\"Ir\u00eddia\",\"url\":\"https:\\\/\\\/test.iridia.cat\\\/\",\"logo\":{\"@type\":\"ImageObject\",\"inLanguage\":\"es-ES\",\"@id\":\"https:\\\/\\\/test.iridia.cat\\\/#\\\/schema\\\/logo\\\/image\\\/\",\"url\":\"https:\\\/\\\/iridia.cat\\\/wp-content\\\/uploads\\\/2022\\\/10\\\/avatar_iridia.png\",\"contentUrl\":\"https:\\\/\\\/iridia.cat\\\/wp-content\\\/uploads\\\/2022\\\/10\\\/avatar_iridia.png\",\"width\":740,\"height\":220,\"caption\":\"Ir\u00eddia\"},\"image\":{\"@id\":\"https:\\\/\\\/test.iridia.cat\\\/#\\\/schema\\\/logo\\\/image\\\/\"}},{\"@type\":\"Person\",\"@id\":\"https:\\\/\\\/test.iridia.cat\\\/#\\\/schema\\\/person\\\/4cd6357ca92585af3bb3f05b5c669d5f\",\"name\":\"Ir\u00eddia\",\"image\":{\"@type\":\"ImageObject\",\"inLanguage\":\"es-ES\",\"@id\":\"https:\\\/\\\/secure.gravatar.com\\\/avatar\\\/5b7e0123885b2270f0bc833c606fa7b6ae733761d3e80d47e23ba829fe3bd7f7?s=96&d=mm&r=g\",\"url\":\"https:\\\/\\\/secure.gravatar.com\\\/avatar\\\/5b7e0123885b2270f0bc833c606fa7b6ae733761d3e80d47e23ba829fe3bd7f7?s=96&d=mm&r=g\",\"contentUrl\":\"https:\\\/\\\/secure.gravatar.com\\\/avatar\\\/5b7e0123885b2270f0bc833c606fa7b6ae733761d3e80d47e23ba829fe3bd7f7?s=96&d=mm&r=g\",\"caption\":\"Ir\u00eddia\"},\"url\":\"https:\\\/\\\/iridia.cat\\\/es\\\/author\\\/iridia\\\/\"}]}<\/script>\n<!-- \/ Yoast SEO plugin. -->","yoast_head_json":{"title":"[MANIFIESTO] 183 organizaciones exigimos al Gobierno que no deporte al colectivo de personas tunecinas que se encuentra en el CETI de Melilla y que sean trasladadas a la pen\u00ednsula de manera urgente","robots":{"index":"index","follow":"follow","max-snippet":"max-snippet:-1","max-image-preview":"max-image-preview:large","max-video-preview":"max-video-preview:-1"},"canonical":"https:\/\/iridia.cat\/es\/manifiesto-exigimos-al-gobierno-que-no-deporte-al-colectivo-de-personas-tunecinas-que-se-encuentra-en-el-ceti-de-melilla-y-que-sean-trasladadas-a-la-peninsula-de-manera-urgente\/","og_locale":"es_ES","og_type":"article","og_title":"[MANIFIESTO] 183 organizaciones exigimos al Gobierno que no deporte al colectivo de personas tunecinas que se encuentra en el CETI de Melilla y que sean trasladadas a la pen\u00ednsula de manera urgente","og_description":"QUIERO ADHERIRME AL MANIFIESTO En tiempos de pandemia global, el Ministro de Interior, Fernando Grande-Marlaska, ha anunciado en rueda de prensa que est\u00e1n realizando gestiones, en plena emergencia sanitaria, para deportar a m\u00e1s de 600 personas que proceden de T\u00fanez y que se encuentran en el Centro de Estancia Temporal de Inmigrantes (CETI) de Melilla [&hellip;]","og_url":"https:\/\/iridia.cat\/es\/manifiesto-exigimos-al-gobierno-que-no-deporte-al-colectivo-de-personas-tunecinas-que-se-encuentra-en-el-ceti-de-melilla-y-que-sean-trasladadas-a-la-peninsula-de-manera-urgente\/","og_site_name":"Ir\u00eddia","article_published_time":"2020-04-30T09:17:26+00:00","article_modified_time":"2020-05-05T17:55:52+00:00","og_image":[{"width":1200,"height":675,"url":"https:\/\/iridia.cat\/wp-content\/uploads\/2020\/04\/8fa092f5-f6de-47be-a981-2c4907dba518.jpeg","type":"image\/jpeg"}],"author":"Ir\u00eddia","twitter_card":"summary_large_image","twitter_misc":{"Written by":"Ir\u00eddia","Est. reading time":"7 minutes"},"schema":{"@context":"https:\/\/schema.org","@graph":[{"@type":"Article","@id":"https:\/\/iridia.cat\/es\/manifiesto-exigimos-al-gobierno-que-no-deporte-al-colectivo-de-personas-tunecinas-que-se-encuentra-en-el-ceti-de-melilla-y-que-sean-trasladadas-a-la-peninsula-de-manera-urgente\/#article","isPartOf":{"@id":"https:\/\/iridia.cat\/es\/manifiesto-exigimos-al-gobierno-que-no-deporte-al-colectivo-de-personas-tunecinas-que-se-encuentra-en-el-ceti-de-melilla-y-que-sean-trasladadas-a-la-peninsula-de-manera-urgente\/"},"author":{"name":"Ir\u00eddia","@id":"https:\/\/test.iridia.cat\/#\/schema\/person\/4cd6357ca92585af3bb3f05b5c669d5f"},"headline":"[MANIFIESTO] 183 organizaciones exigimos al Gobierno que no deporte al colectivo de personas tunecinas que se encuentra en el CETI de Melilla y que sean trasladadas a la pen\u00ednsula de manera urgente","datePublished":"2020-04-30T09:17:26+00:00","dateModified":"2020-05-05T17:55:52+00:00","mainEntityOfPage":{"@id":"https:\/\/iridia.cat\/es\/manifiesto-exigimos-al-gobierno-que-no-deporte-al-colectivo-de-personas-tunecinas-que-se-encuentra-en-el-ceti-de-melilla-y-que-sean-trasladadas-a-la-peninsula-de-manera-urgente\/"},"wordCount":1390,"publisher":{"@id":"https:\/\/test.iridia.cat\/#organization"},"image":{"@id":"https:\/\/iridia.cat\/es\/manifiesto-exigimos-al-gobierno-que-no-deporte-al-colectivo-de-personas-tunecinas-que-se-encuentra-en-el-ceti-de-melilla-y-que-sean-trasladadas-a-la-peninsula-de-manera-urgente\/#primaryimage"},"thumbnailUrl":"https:\/\/iridia.cat\/wp-content\/uploads\/2020\/04\/8fa092f5-f6de-47be-a981-2c4907dba518.jpeg","articleSection":["Publicaciones"],"inLanguage":"es-ES"},{"@type":"WebPage","@id":"https:\/\/iridia.cat\/es\/manifiesto-exigimos-al-gobierno-que-no-deporte-al-colectivo-de-personas-tunecinas-que-se-encuentra-en-el-ceti-de-melilla-y-que-sean-trasladadas-a-la-peninsula-de-manera-urgente\/","url":"https:\/\/iridia.cat\/es\/manifiesto-exigimos-al-gobierno-que-no-deporte-al-colectivo-de-personas-tunecinas-que-se-encuentra-en-el-ceti-de-melilla-y-que-sean-trasladadas-a-la-peninsula-de-manera-urgente\/","name":"[MANIFIESTO] 183 organizaciones exigimos al Gobierno que no deporte al colectivo de personas tunecinas que se encuentra en el CETI de Melilla y que sean trasladadas a la pen\u00ednsula de manera urgente","isPartOf":{"@id":"https:\/\/test.iridia.cat\/#website"},"primaryImageOfPage":{"@id":"https:\/\/iridia.cat\/es\/manifiesto-exigimos-al-gobierno-que-no-deporte-al-colectivo-de-personas-tunecinas-que-se-encuentra-en-el-ceti-de-melilla-y-que-sean-trasladadas-a-la-peninsula-de-manera-urgente\/#primaryimage"},"image":{"@id":"https:\/\/iridia.cat\/es\/manifiesto-exigimos-al-gobierno-que-no-deporte-al-colectivo-de-personas-tunecinas-que-se-encuentra-en-el-ceti-de-melilla-y-que-sean-trasladadas-a-la-peninsula-de-manera-urgente\/#primaryimage"},"thumbnailUrl":"https:\/\/iridia.cat\/wp-content\/uploads\/2020\/04\/8fa092f5-f6de-47be-a981-2c4907dba518.jpeg","datePublished":"2020-04-30T09:17:26+00:00","dateModified":"2020-05-05T17:55:52+00:00","breadcrumb":{"@id":"https:\/\/iridia.cat\/es\/manifiesto-exigimos-al-gobierno-que-no-deporte-al-colectivo-de-personas-tunecinas-que-se-encuentra-en-el-ceti-de-melilla-y-que-sean-trasladadas-a-la-peninsula-de-manera-urgente\/#breadcrumb"},"inLanguage":"es-ES","potentialAction":[{"@type":"ReadAction","target":["https:\/\/iridia.cat\/es\/manifiesto-exigimos-al-gobierno-que-no-deporte-al-colectivo-de-personas-tunecinas-que-se-encuentra-en-el-ceti-de-melilla-y-que-sean-trasladadas-a-la-peninsula-de-manera-urgente\/"]}]},{"@type":"ImageObject","inLanguage":"es-ES","@id":"https:\/\/iridia.cat\/es\/manifiesto-exigimos-al-gobierno-que-no-deporte-al-colectivo-de-personas-tunecinas-que-se-encuentra-en-el-ceti-de-melilla-y-que-sean-trasladadas-a-la-peninsula-de-manera-urgente\/#primaryimage","url":"https:\/\/iridia.cat\/wp-content\/uploads\/2020\/04\/8fa092f5-f6de-47be-a981-2c4907dba518.jpeg","contentUrl":"https:\/\/iridia.cat\/wp-content\/uploads\/2020\/04\/8fa092f5-f6de-47be-a981-2c4907dba518.jpeg","width":1200,"height":675},{"@type":"BreadcrumbList","@id":"https:\/\/iridia.cat\/es\/manifiesto-exigimos-al-gobierno-que-no-deporte-al-colectivo-de-personas-tunecinas-que-se-encuentra-en-el-ceti-de-melilla-y-que-sean-trasladadas-a-la-peninsula-de-manera-urgente\/#breadcrumb","itemListElement":[{"@type":"ListItem","position":1,"name":"Inici","item":"https:\/\/iridia.cat\/es\/"},{"@type":"ListItem","position":2,"name":"[MANIFIESTO] 183 organizaciones exigimos al Gobierno que no deporte al colectivo de personas tunecinas que se encuentra en el CETI de Melilla y que sean trasladadas a la pen\u00ednsula de manera urgente"}]},{"@type":"WebSite","@id":"https:\/\/test.iridia.cat\/#website","url":"https:\/\/test.iridia.cat\/","name":"Ir\u00eddia","description":"","publisher":{"@id":"https:\/\/test.iridia.cat\/#organization"},"potentialAction":[{"@type":"SearchAction","target":{"@type":"EntryPoint","urlTemplate":"https:\/\/test.iridia.cat\/?s={search_term_string}"},"query-input":{"@type":"PropertyValueSpecification","valueRequired":true,"valueName":"search_term_string"}}],"inLanguage":"es-ES"},{"@type":"Organization","@id":"https:\/\/test.iridia.cat\/#organization","name":"Ir\u00eddia","url":"https:\/\/test.iridia.cat\/","logo":{"@type":"ImageObject","inLanguage":"es-ES","@id":"https:\/\/test.iridia.cat\/#\/schema\/logo\/image\/","url":"https:\/\/iridia.cat\/wp-content\/uploads\/2022\/10\/avatar_iridia.png","contentUrl":"https:\/\/iridia.cat\/wp-content\/uploads\/2022\/10\/avatar_iridia.png","width":740,"height":220,"caption":"Ir\u00eddia"},"image":{"@id":"https:\/\/test.iridia.cat\/#\/schema\/logo\/image\/"}},{"@type":"Person","@id":"https:\/\/test.iridia.cat\/#\/schema\/person\/4cd6357ca92585af3bb3f05b5c669d5f","name":"Ir\u00eddia","image":{"@type":"ImageObject","inLanguage":"es-ES","@id":"https:\/\/secure.gravatar.com\/avatar\/5b7e0123885b2270f0bc833c606fa7b6ae733761d3e80d47e23ba829fe3bd7f7?s=96&d=mm&r=g","url":"https:\/\/secure.gravatar.com\/avatar\/5b7e0123885b2270f0bc833c606fa7b6ae733761d3e80d47e23ba829fe3bd7f7?s=96&d=mm&r=g","contentUrl":"https:\/\/secure.gravatar.com\/avatar\/5b7e0123885b2270f0bc833c606fa7b6ae733761d3e80d47e23ba829fe3bd7f7?s=96&d=mm&r=g","caption":"Ir\u00eddia"},"url":"https:\/\/iridia.cat\/es\/author\/iridia\/"}]}},"_links":{"self":[{"href":"https:\/\/iridia.cat\/es\/wp-json\/wp\/v2\/posts\/2133","targetHints":{"allow":["GET"]}}],"collection":[{"href":"https:\/\/iridia.cat\/es\/wp-json\/wp\/v2\/posts"}],"about":[{"href":"https:\/\/iridia.cat\/es\/wp-json\/wp\/v2\/types\/post"}],"author":[{"embeddable":true,"href":"https:\/\/iridia.cat\/es\/wp-json\/wp\/v2\/users\/2"}],"replies":[{"embeddable":true,"href":"https:\/\/iridia.cat\/es\/wp-json\/wp\/v2\/comments?post=2133"}],"version-history":[{"count":11,"href":"https:\/\/iridia.cat\/es\/wp-json\/wp\/v2\/posts\/2133\/revisions"}],"predecessor-version":[{"id":2191,"href":"https:\/\/iridia.cat\/es\/wp-json\/wp\/v2\/posts\/2133\/revisions\/2191"}],"wp:featuredmedia":[{"embeddable":true,"href":"https:\/\/iridia.cat\/es\/wp-json\/wp\/v2\/media\/2134"}],"wp:attachment":[{"href":"https:\/\/iridia.cat\/es\/wp-json\/wp\/v2\/media?parent=2133"}],"wp:term":[{"taxonomy":"category","embeddable":true,"href":"https:\/\/iridia.cat\/es\/wp-json\/wp\/v2\/categories?post=2133"},{"taxonomy":"post_tag","embeddable":true,"href":"https:\/\/iridia.cat\/es\/wp-json\/wp\/v2\/tags?post=2133"}],"curies":[{"name":"wp","href":"https:\/\/api.w.org\/{rel}","templated":true}]}}