{"id":2930,"date":"2020-10-02T11:08:54","date_gmt":"2020-10-02T09:08:54","guid":{"rendered":"https:\/\/test.iridia.cat\/?p=2930"},"modified":"2024-01-24T16:06:47","modified_gmt":"2024-01-24T15:06:47","slug":"laimpunitatajudici-llancem-una-campanya-de-crowdfunding-per-ampliar-la-nostra-base-social","status":"publish","type":"post","link":"https:\/\/iridia.cat\/es\/laimpunitatajudici-llancem-una-campanya-de-crowdfunding-per-ampliar-la-nostra-base-social\/","title":{"rendered":"#LaImpunitatAJudici | Lanzamos una campa\u00f1a de crowdfunding para ampliar nuestra base social"},"content":{"rendered":"<blockquote>\n<h3><a href=\"https:\/\/www.goteo.org\/project\/la-impunitat-a-judici\">Colabora en el crowdfunding\u00a0<\/a><\/h3>\n<\/blockquote>\n<h3><\/h3>\n<h3>Desde\u00a0Ir\u00eddia\u00a0hoy ponemos en marcha una <a href=\"https:\/\/www.goteo.org\/project\/la-impunitat-a-judici\">campa\u00f1a de micromecenazgo<\/a> para apoyar a nuestro servicio de atenci\u00f3n y denuncia ante casos de violencia policial.<\/h3>\n<p>&nbsp;<\/p>\n<div class=\"traductor-textarea form-group\">\n<div class=\"textarea-desti col-xs-12 col-sm-6\">\n<div class=\"form-control second-textarea\">\n<p>Llevamos 5 a\u00f1os ofreciendo un servicio de atenci\u00f3n jur\u00eddica y psicosocial gratuito a v\u00edctimas de violencia policial, realizando asesoramiento psicojur\u00eddico de todos los casos que nos llegan que, tan solo durante el 2019, <strong>llegaron a ser 248.\u00a0<\/strong><\/p>\n<p>Asimismo, hemos asumido la representaci\u00f3n letrada y el acompa\u00f1amiento psicosocial durante todo el procedimiento en los casos m\u00e1s graves y\/o representativos: <strong>52 casos<\/strong> que corresponden a v\u00edctimas de la violencia policial en contextos de manifestaci\u00f3n, vulneraciones de derechos humanos en el Centro de Internamiento de Extranjeros de Barcelona, en el espacio p\u00fablico o en comisar\u00edas. Tambi\u00e9n representamos casos de violencia institucional y muertes bajo custodia en la prisi\u00f3n.<\/p>\n<p>Muchas de las causas en las cuales estamos trabajando ir\u00e1n a juicio. Concretamente en la causa por las cargas del 1 de Octubre de 2017 en Barcelona, en la cual representamos a 13 personas afectadas y hay 29 agentes imputados relacionados con estos actos, podr\u00edamos encarar la fase de juicio en los pr\u00f3ximos meses. Pr\u00f3ximamente tambi\u00e9n daremos a conocer m\u00e1s detalles sobre los casos que llevamos a ra\u00edz de las movilizaciones en Catalu\u00f1a durante octubre de 2018.<\/p>\n<p>Ir\u00eddia\u00a0se financia a trav\u00e9s de las aportaciones de los socios\/se y donaciones, la financiaci\u00f3n p\u00fablica y a trav\u00e9s de fundaciones privadas.\u00a0N<strong>uestro objetivo es poder llegar a depender principalmente de nuestros socios y socias.<\/strong>\u00a0Es por eso que a trav\u00e9s de la campa\u00f1a de micromecenazgo\u00a0<strong>#LaImpunitatAJudici<\/strong> ofrecemos como recompensa la posibilidad de que la persona que aporte pueda convertirse en socia de Ir\u00eddia, entre otros cosas.<\/p>\n<p>Esta <a href=\"https:\/\/www.goteo.org\/project\/la-impunitat-a-judici\">campa\u00f1a<\/a> tambi\u00e9n pretende dejar claro a los poderes institucionales que no nos queremos parar aqu\u00ed, que <strong>queremos seguir denunciando y exponiendo la violencia y los abusos de poder<\/strong>, mientras desarrollamos las herramientas adecuadas porque no haya lugar por la impunidad.<\/p>\n<\/div>\n<\/div>\n<\/div>\n<div class=\"traductor-checkbox form-group\">\n<div class=\"row\">\n<div class=\"col-sm-5\"><\/div>\n<div class=\"col-sm-5\"><\/div>\n<\/div>\n<\/div>\n<p><iframe loading=\"lazy\" title=\"#Viol\u00e8nciaPolicial1OaJudici\" width=\"500\" height=\"281\" src=\"https:\/\/www.youtube.com\/embed\/JNG6Fbyy2vg?start=68&#038;feature=oembed\" frameborder=\"0\" allow=\"accelerometer; autoplay; clipboard-write; encrypted-media; gyroscope; picture-in-picture; web-share\" referrerpolicy=\"strict-origin-when-cross-origin\" allowfullscreen><\/iframe><\/p>\n<p>&nbsp;<\/p>\n","protected":false},"excerpt":{"rendered":"<p>Colabora en el crowdfunding\u00a0 Desde\u00a0Ir\u00eddia\u00a0hoy ponemos en marcha una campa\u00f1a de micromecenazgo para apoyar a nuestro servicio de atenci\u00f3n y denuncia ante casos de violencia policial. &nbsp; Llevamos 5 a\u00f1os ofreciendo un servicio de atenci\u00f3n jur\u00eddica y psicosocial gratuito a v\u00edctimas de violencia policial, realizando asesoramiento psicojur\u00eddico de todos los casos que nos llegan que, [&hellip;]<\/p>\n","protected":false},"author":2,"featured_media":2926,"comment_status":"closed","ping_status":"closed","sticky":false,"template":"","format":"standard","meta":{"_acf_changed":false,"footnotes":""},"categories":[3],"tags":[120,124],"class_list":["post-2930","post","type-post","status-publish","format-standard","has-post-thumbnail","hentry","category-publicaciones","tag-iridiafest-es","tag-socias"],"acf":[],"yoast_head":"<!-- This site is optimized with the Yoast SEO plugin v27.4 - https:\/\/yoast.com\/product\/yoast-seo-wordpress\/ -->\n<title>#LaImpunitatAJudici | Lanzamos una campa\u00f1a de crowdfunding para ampliar nuestra base social<\/title>\n<meta name=\"robots\" content=\"index, follow, max-snippet:-1, max-image-preview:large, max-video-preview:-1\" \/>\n<link rel=\"canonical\" href=\"https:\/\/iridia.cat\/es\/laimpunitatajudici-llancem-una-campanya-de-crowdfunding-per-ampliar-la-nostra-base-social\/\" \/>\n<meta property=\"og:locale\" content=\"es_ES\" \/>\n<meta property=\"og:type\" content=\"article\" \/>\n<meta property=\"og:title\" content=\"#LaImpunitatAJudici | Lanzamos una campa\u00f1a de crowdfunding para ampliar nuestra base social\" \/>\n<meta property=\"og:description\" content=\"Colabora en el crowdfunding\u00a0 Desde\u00a0Ir\u00eddia\u00a0hoy ponemos en marcha una campa\u00f1a de micromecenazgo para apoyar a nuestro servicio de atenci\u00f3n y denuncia ante casos de violencia policial. &nbsp; Llevamos 5 a\u00f1os ofreciendo un servicio de atenci\u00f3n jur\u00eddica y psicosocial gratuito a v\u00edctimas de violencia policial, realizando asesoramiento psicojur\u00eddico de todos los casos que nos llegan que, [&hellip;]\" \/>\n<meta property=\"og:url\" content=\"https:\/\/iridia.cat\/es\/laimpunitatajudici-llancem-una-campanya-de-crowdfunding-per-ampliar-la-nostra-base-social\/\" \/>\n<meta property=\"og:site_name\" content=\"Ir\u00eddia\" \/>\n<meta property=\"article:published_time\" content=\"2020-10-02T09:08:54+00:00\" \/>\n<meta property=\"article:modified_time\" content=\"2024-01-24T15:06:47+00:00\" \/>\n<meta property=\"og:image\" content=\"https:\/\/iridia.cat\/wp-content\/uploads\/2020\/10\/Pajarillo-2.jpg\" \/>\n\t<meta property=\"og:image:width\" content=\"900\" \/>\n\t<meta property=\"og:image:height\" content=\"300\" \/>\n\t<meta property=\"og:image:type\" content=\"image\/jpeg\" \/>\n<meta name=\"author\" content=\"Ir\u00eddia\" \/>\n<meta name=\"twitter:card\" content=\"summary_large_image\" \/>\n<meta name=\"twitter:label1\" content=\"Written by\" \/>\n\t<meta name=\"twitter:data1\" content=\"Ir\u00eddia\" \/>\n\t<meta name=\"twitter:label2\" content=\"Est. reading time\" \/>\n\t<meta name=\"twitter:data2\" content=\"2 minutes\" \/>\n<script type=\"application\/ld+json\" class=\"yoast-schema-graph\">{\"@context\":\"https:\\\/\\\/schema.org\",\"@graph\":[{\"@type\":\"Article\",\"@id\":\"https:\\\/\\\/iridia.cat\\\/es\\\/laimpunitatajudici-llancem-una-campanya-de-crowdfunding-per-ampliar-la-nostra-base-social\\\/#article\",\"isPartOf\":{\"@id\":\"https:\\\/\\\/iridia.cat\\\/es\\\/laimpunitatajudici-llancem-una-campanya-de-crowdfunding-per-ampliar-la-nostra-base-social\\\/\"},\"author\":{\"name\":\"Ir\u00eddia\",\"@id\":\"https:\\\/\\\/test.iridia.cat\\\/#\\\/schema\\\/person\\\/4cd6357ca92585af3bb3f05b5c669d5f\"},\"headline\":\"#LaImpunitatAJudici | Lanzamos una campa\u00f1a de crowdfunding para ampliar nuestra base social\",\"datePublished\":\"2020-10-02T09:08:54+00:00\",\"dateModified\":\"2024-01-24T15:06:47+00:00\",\"mainEntityOfPage\":{\"@id\":\"https:\\\/\\\/iridia.cat\\\/es\\\/laimpunitatajudici-llancem-una-campanya-de-crowdfunding-per-ampliar-la-nostra-base-social\\\/\"},\"wordCount\":372,\"publisher\":{\"@id\":\"https:\\\/\\\/test.iridia.cat\\\/#organization\"},\"image\":{\"@id\":\"https:\\\/\\\/iridia.cat\\\/es\\\/laimpunitatajudici-llancem-una-campanya-de-crowdfunding-per-ampliar-la-nostra-base-social\\\/#primaryimage\"},\"thumbnailUrl\":\"https:\\\/\\\/iridia.cat\\\/wp-content\\\/uploads\\\/2020\\\/10\\\/Pajarillo-2.jpg\",\"keywords\":[\"Ir\u00eddiaFest\",\"Socias\"],\"articleSection\":[\"Publicaciones\"],\"inLanguage\":\"es-ES\"},{\"@type\":\"WebPage\",\"@id\":\"https:\\\/\\\/iridia.cat\\\/es\\\/laimpunitatajudici-llancem-una-campanya-de-crowdfunding-per-ampliar-la-nostra-base-social\\\/\",\"url\":\"https:\\\/\\\/iridia.cat\\\/es\\\/laimpunitatajudici-llancem-una-campanya-de-crowdfunding-per-ampliar-la-nostra-base-social\\\/\",\"name\":\"#LaImpunitatAJudici | Lanzamos una campa\u00f1a de crowdfunding para ampliar nuestra base social\",\"isPartOf\":{\"@id\":\"https:\\\/\\\/test.iridia.cat\\\/#website\"},\"primaryImageOfPage\":{\"@id\":\"https:\\\/\\\/iridia.cat\\\/es\\\/laimpunitatajudici-llancem-una-campanya-de-crowdfunding-per-ampliar-la-nostra-base-social\\\/#primaryimage\"},\"image\":{\"@id\":\"https:\\\/\\\/iridia.cat\\\/es\\\/laimpunitatajudici-llancem-una-campanya-de-crowdfunding-per-ampliar-la-nostra-base-social\\\/#primaryimage\"},\"thumbnailUrl\":\"https:\\\/\\\/iridia.cat\\\/wp-content\\\/uploads\\\/2020\\\/10\\\/Pajarillo-2.jpg\",\"datePublished\":\"2020-10-02T09:08:54+00:00\",\"dateModified\":\"2024-01-24T15:06:47+00:00\",\"breadcrumb\":{\"@id\":\"https:\\\/\\\/iridia.cat\\\/es\\\/laimpunitatajudici-llancem-una-campanya-de-crowdfunding-per-ampliar-la-nostra-base-social\\\/#breadcrumb\"},\"inLanguage\":\"es-ES\",\"potentialAction\":[{\"@type\":\"ReadAction\",\"target\":[\"https:\\\/\\\/iridia.cat\\\/es\\\/laimpunitatajudici-llancem-una-campanya-de-crowdfunding-per-ampliar-la-nostra-base-social\\\/\"]}]},{\"@type\":\"ImageObject\",\"inLanguage\":\"es-ES\",\"@id\":\"https:\\\/\\\/iridia.cat\\\/es\\\/laimpunitatajudici-llancem-una-campanya-de-crowdfunding-per-ampliar-la-nostra-base-social\\\/#primaryimage\",\"url\":\"https:\\\/\\\/iridia.cat\\\/wp-content\\\/uploads\\\/2020\\\/10\\\/Pajarillo-2.jpg\",\"contentUrl\":\"https:\\\/\\\/iridia.cat\\\/wp-content\\\/uploads\\\/2020\\\/10\\\/Pajarillo-2.jpg\",\"width\":900,\"height\":300,\"caption\":\"Il\u00b7lustraci\u00f3: Joan Manel\"},{\"@type\":\"BreadcrumbList\",\"@id\":\"https:\\\/\\\/iridia.cat\\\/es\\\/laimpunitatajudici-llancem-una-campanya-de-crowdfunding-per-ampliar-la-nostra-base-social\\\/#breadcrumb\",\"itemListElement\":[{\"@type\":\"ListItem\",\"position\":1,\"name\":\"Inici\",\"item\":\"https:\\\/\\\/iridia.cat\\\/es\\\/\"},{\"@type\":\"ListItem\",\"position\":2,\"name\":\"#LaImpunitatAJudici | Lanzamos una campa\u00f1a de crowdfunding para ampliar nuestra base social\"}]},{\"@type\":\"WebSite\",\"@id\":\"https:\\\/\\\/test.iridia.cat\\\/#website\",\"url\":\"https:\\\/\\\/test.iridia.cat\\\/\",\"name\":\"Ir\u00eddia\",\"description\":\"\",\"publisher\":{\"@id\":\"https:\\\/\\\/test.iridia.cat\\\/#organization\"},\"potentialAction\":[{\"@type\":\"SearchAction\",\"target\":{\"@type\":\"EntryPoint\",\"urlTemplate\":\"https:\\\/\\\/test.iridia.cat\\\/?s={search_term_string}\"},\"query-input\":{\"@type\":\"PropertyValueSpecification\",\"valueRequired\":true,\"valueName\":\"search_term_string\"}}],\"inLanguage\":\"es-ES\"},{\"@type\":\"Organization\",\"@id\":\"https:\\\/\\\/test.iridia.cat\\\/#organization\",\"name\":\"Ir\u00eddia\",\"url\":\"https:\\\/\\\/test.iridia.cat\\\/\",\"logo\":{\"@type\":\"ImageObject\",\"inLanguage\":\"es-ES\",\"@id\":\"https:\\\/\\\/test.iridia.cat\\\/#\\\/schema\\\/logo\\\/image\\\/\",\"url\":\"https:\\\/\\\/iridia.cat\\\/wp-content\\\/uploads\\\/2022\\\/10\\\/avatar_iridia.png\",\"contentUrl\":\"https:\\\/\\\/iridia.cat\\\/wp-content\\\/uploads\\\/2022\\\/10\\\/avatar_iridia.png\",\"width\":740,\"height\":220,\"caption\":\"Ir\u00eddia\"},\"image\":{\"@id\":\"https:\\\/\\\/test.iridia.cat\\\/#\\\/schema\\\/logo\\\/image\\\/\"}},{\"@type\":\"Person\",\"@id\":\"https:\\\/\\\/test.iridia.cat\\\/#\\\/schema\\\/person\\\/4cd6357ca92585af3bb3f05b5c669d5f\",\"name\":\"Ir\u00eddia\",\"image\":{\"@type\":\"ImageObject\",\"inLanguage\":\"es-ES\",\"@id\":\"https:\\\/\\\/secure.gravatar.com\\\/avatar\\\/5b7e0123885b2270f0bc833c606fa7b6ae733761d3e80d47e23ba829fe3bd7f7?s=96&d=mm&r=g\",\"url\":\"https:\\\/\\\/secure.gravatar.com\\\/avatar\\\/5b7e0123885b2270f0bc833c606fa7b6ae733761d3e80d47e23ba829fe3bd7f7?s=96&d=mm&r=g\",\"contentUrl\":\"https:\\\/\\\/secure.gravatar.com\\\/avatar\\\/5b7e0123885b2270f0bc833c606fa7b6ae733761d3e80d47e23ba829fe3bd7f7?s=96&d=mm&r=g\",\"caption\":\"Ir\u00eddia\"},\"url\":\"https:\\\/\\\/iridia.cat\\\/es\\\/author\\\/iridia\\\/\"}]}<\/script>\n<!-- \/ Yoast SEO plugin. -->","yoast_head_json":{"title":"#LaImpunitatAJudici | Lanzamos una campa\u00f1a de crowdfunding para ampliar nuestra base social","robots":{"index":"index","follow":"follow","max-snippet":"max-snippet:-1","max-image-preview":"max-image-preview:large","max-video-preview":"max-video-preview:-1"},"canonical":"https:\/\/iridia.cat\/es\/laimpunitatajudici-llancem-una-campanya-de-crowdfunding-per-ampliar-la-nostra-base-social\/","og_locale":"es_ES","og_type":"article","og_title":"#LaImpunitatAJudici | Lanzamos una campa\u00f1a de crowdfunding para ampliar nuestra base social","og_description":"Colabora en el crowdfunding\u00a0 Desde\u00a0Ir\u00eddia\u00a0hoy ponemos en marcha una campa\u00f1a de micromecenazgo para apoyar a nuestro servicio de atenci\u00f3n y denuncia ante casos de violencia policial. &nbsp; Llevamos 5 a\u00f1os ofreciendo un servicio de atenci\u00f3n jur\u00eddica y psicosocial gratuito a v\u00edctimas de violencia policial, realizando asesoramiento psicojur\u00eddico de todos los casos que nos llegan que, [&hellip;]","og_url":"https:\/\/iridia.cat\/es\/laimpunitatajudici-llancem-una-campanya-de-crowdfunding-per-ampliar-la-nostra-base-social\/","og_site_name":"Ir\u00eddia","article_published_time":"2020-10-02T09:08:54+00:00","article_modified_time":"2024-01-24T15:06:47+00:00","og_image":[{"width":900,"height":300,"url":"https:\/\/iridia.cat\/wp-content\/uploads\/2020\/10\/Pajarillo-2.jpg","type":"image\/jpeg"}],"author":"Ir\u00eddia","twitter_card":"summary_large_image","twitter_misc":{"Written by":"Ir\u00eddia","Est. reading time":"2 minutes"},"schema":{"@context":"https:\/\/schema.org","@graph":[{"@type":"Article","@id":"https:\/\/iridia.cat\/es\/laimpunitatajudici-llancem-una-campanya-de-crowdfunding-per-ampliar-la-nostra-base-social\/#article","isPartOf":{"@id":"https:\/\/iridia.cat\/es\/laimpunitatajudici-llancem-una-campanya-de-crowdfunding-per-ampliar-la-nostra-base-social\/"},"author":{"name":"Ir\u00eddia","@id":"https:\/\/test.iridia.cat\/#\/schema\/person\/4cd6357ca92585af3bb3f05b5c669d5f"},"headline":"#LaImpunitatAJudici | Lanzamos una campa\u00f1a de crowdfunding para ampliar nuestra base social","datePublished":"2020-10-02T09:08:54+00:00","dateModified":"2024-01-24T15:06:47+00:00","mainEntityOfPage":{"@id":"https:\/\/iridia.cat\/es\/laimpunitatajudici-llancem-una-campanya-de-crowdfunding-per-ampliar-la-nostra-base-social\/"},"wordCount":372,"publisher":{"@id":"https:\/\/test.iridia.cat\/#organization"},"image":{"@id":"https:\/\/iridia.cat\/es\/laimpunitatajudici-llancem-una-campanya-de-crowdfunding-per-ampliar-la-nostra-base-social\/#primaryimage"},"thumbnailUrl":"https:\/\/iridia.cat\/wp-content\/uploads\/2020\/10\/Pajarillo-2.jpg","keywords":["Ir\u00eddiaFest","Socias"],"articleSection":["Publicaciones"],"inLanguage":"es-ES"},{"@type":"WebPage","@id":"https:\/\/iridia.cat\/es\/laimpunitatajudici-llancem-una-campanya-de-crowdfunding-per-ampliar-la-nostra-base-social\/","url":"https:\/\/iridia.cat\/es\/laimpunitatajudici-llancem-una-campanya-de-crowdfunding-per-ampliar-la-nostra-base-social\/","name":"#LaImpunitatAJudici | Lanzamos una campa\u00f1a de crowdfunding para ampliar nuestra base social","isPartOf":{"@id":"https:\/\/test.iridia.cat\/#website"},"primaryImageOfPage":{"@id":"https:\/\/iridia.cat\/es\/laimpunitatajudici-llancem-una-campanya-de-crowdfunding-per-ampliar-la-nostra-base-social\/#primaryimage"},"image":{"@id":"https:\/\/iridia.cat\/es\/laimpunitatajudici-llancem-una-campanya-de-crowdfunding-per-ampliar-la-nostra-base-social\/#primaryimage"},"thumbnailUrl":"https:\/\/iridia.cat\/wp-content\/uploads\/2020\/10\/Pajarillo-2.jpg","datePublished":"2020-10-02T09:08:54+00:00","dateModified":"2024-01-24T15:06:47+00:00","breadcrumb":{"@id":"https:\/\/iridia.cat\/es\/laimpunitatajudici-llancem-una-campanya-de-crowdfunding-per-ampliar-la-nostra-base-social\/#breadcrumb"},"inLanguage":"es-ES","potentialAction":[{"@type":"ReadAction","target":["https:\/\/iridia.cat\/es\/laimpunitatajudici-llancem-una-campanya-de-crowdfunding-per-ampliar-la-nostra-base-social\/"]}]},{"@type":"ImageObject","inLanguage":"es-ES","@id":"https:\/\/iridia.cat\/es\/laimpunitatajudici-llancem-una-campanya-de-crowdfunding-per-ampliar-la-nostra-base-social\/#primaryimage","url":"https:\/\/iridia.cat\/wp-content\/uploads\/2020\/10\/Pajarillo-2.jpg","contentUrl":"https:\/\/iridia.cat\/wp-content\/uploads\/2020\/10\/Pajarillo-2.jpg","width":900,"height":300,"caption":"Il\u00b7lustraci\u00f3: Joan Manel"},{"@type":"BreadcrumbList","@id":"https:\/\/iridia.cat\/es\/laimpunitatajudici-llancem-una-campanya-de-crowdfunding-per-ampliar-la-nostra-base-social\/#breadcrumb","itemListElement":[{"@type":"ListItem","position":1,"name":"Inici","item":"https:\/\/iridia.cat\/es\/"},{"@type":"ListItem","position":2,"name":"#LaImpunitatAJudici | Lanzamos una campa\u00f1a de crowdfunding para ampliar nuestra base social"}]},{"@type":"WebSite","@id":"https:\/\/test.iridia.cat\/#website","url":"https:\/\/test.iridia.cat\/","name":"Ir\u00eddia","description":"","publisher":{"@id":"https:\/\/test.iridia.cat\/#organization"},"potentialAction":[{"@type":"SearchAction","target":{"@type":"EntryPoint","urlTemplate":"https:\/\/test.iridia.cat\/?s={search_term_string}"},"query-input":{"@type":"PropertyValueSpecification","valueRequired":true,"valueName":"search_term_string"}}],"inLanguage":"es-ES"},{"@type":"Organization","@id":"https:\/\/test.iridia.cat\/#organization","name":"Ir\u00eddia","url":"https:\/\/test.iridia.cat\/","logo":{"@type":"ImageObject","inLanguage":"es-ES","@id":"https:\/\/test.iridia.cat\/#\/schema\/logo\/image\/","url":"https:\/\/iridia.cat\/wp-content\/uploads\/2022\/10\/avatar_iridia.png","contentUrl":"https:\/\/iridia.cat\/wp-content\/uploads\/2022\/10\/avatar_iridia.png","width":740,"height":220,"caption":"Ir\u00eddia"},"image":{"@id":"https:\/\/test.iridia.cat\/#\/schema\/logo\/image\/"}},{"@type":"Person","@id":"https:\/\/test.iridia.cat\/#\/schema\/person\/4cd6357ca92585af3bb3f05b5c669d5f","name":"Ir\u00eddia","image":{"@type":"ImageObject","inLanguage":"es-ES","@id":"https:\/\/secure.gravatar.com\/avatar\/5b7e0123885b2270f0bc833c606fa7b6ae733761d3e80d47e23ba829fe3bd7f7?s=96&d=mm&r=g","url":"https:\/\/secure.gravatar.com\/avatar\/5b7e0123885b2270f0bc833c606fa7b6ae733761d3e80d47e23ba829fe3bd7f7?s=96&d=mm&r=g","contentUrl":"https:\/\/secure.gravatar.com\/avatar\/5b7e0123885b2270f0bc833c606fa7b6ae733761d3e80d47e23ba829fe3bd7f7?s=96&d=mm&r=g","caption":"Ir\u00eddia"},"url":"https:\/\/iridia.cat\/es\/author\/iridia\/"}]}},"_links":{"self":[{"href":"https:\/\/iridia.cat\/es\/wp-json\/wp\/v2\/posts\/2930","targetHints":{"allow":["GET"]}}],"collection":[{"href":"https:\/\/iridia.cat\/es\/wp-json\/wp\/v2\/posts"}],"about":[{"href":"https:\/\/iridia.cat\/es\/wp-json\/wp\/v2\/types\/post"}],"author":[{"embeddable":true,"href":"https:\/\/iridia.cat\/es\/wp-json\/wp\/v2\/users\/2"}],"replies":[{"embeddable":true,"href":"https:\/\/iridia.cat\/es\/wp-json\/wp\/v2\/comments?post=2930"}],"version-history":[{"count":4,"href":"https:\/\/iridia.cat\/es\/wp-json\/wp\/v2\/posts\/2930\/revisions"}],"predecessor-version":[{"id":2968,"href":"https:\/\/iridia.cat\/es\/wp-json\/wp\/v2\/posts\/2930\/revisions\/2968"}],"wp:featuredmedia":[{"embeddable":true,"href":"https:\/\/iridia.cat\/es\/wp-json\/wp\/v2\/media\/2926"}],"wp:attachment":[{"href":"https:\/\/iridia.cat\/es\/wp-json\/wp\/v2\/media?parent=2930"}],"wp:term":[{"taxonomy":"category","embeddable":true,"href":"https:\/\/iridia.cat\/es\/wp-json\/wp\/v2\/categories?post=2930"},{"taxonomy":"post_tag","embeddable":true,"href":"https:\/\/iridia.cat\/es\/wp-json\/wp\/v2\/tags?post=2930"}],"curies":[{"name":"wp","href":"https:\/\/api.w.org\/{rel}","templated":true}]}}