{"id":3013,"date":"2020-10-14T13:28:36","date_gmt":"2020-10-14T11:28:36","guid":{"rendered":"https:\/\/test.iridia.cat\/iridia-representem-13-casos-en-relacio-a-la-violencia-policial-de-loctubre-de-2019\/"},"modified":"2020-10-14T15:12:21","modified_gmt":"2020-10-14T13:12:21","slug":"iridia-representem-13-casos-en-relacio-a-la-violencia-policial-de-loctubre-de-2019","status":"publish","type":"post","link":"https:\/\/iridia.cat\/es\/iridia-representem-13-casos-en-relacio-a-la-violencia-policial-de-loctubre-de-2019\/","title":{"rendered":"Ir\u00eddia representamos 13 casos en relaci\u00f3n a la violencia policial del octubre de 2019"},"content":{"rendered":"<p><strong>Barcelona, 14 de octubre 2020<\/strong>. En rueda de prensa telem\u00e1tica hoy\u00a0Ir\u00eddia\u00a0hemos ha dado a conocer los casos que han entrado dentro de su Servicio gratuito de Atenci\u00f3n y Denuncia ante casos de Violencia Institucional en referencia a los protestes puesto-sentencia de octubre de 2019.<\/p>\n<p>\u201cDurante las movilizaciones del a\u00f1o pasado realizamos 204 atenciones telef\u00f3nicas, por mail y presenciales, que se hicieron en el marco del dispositivo Somos Defensoras en el cual participaba\u00a0Ir\u00eddia\u00a0junto con otras entidades\u201d, explica S\u00f2nia Olivella, coordinadora de litigio de\u00a0Ir\u00eddia.<\/p>\n<p>Hay <strong>6 casos en los cuales la agresi\u00f3n fue por un impacto de proyectil<\/strong> de foam o de goma, <strong>3 casos en los que se realiz\u00f3 un golpe con el bast\u00f3n policial<\/strong> en trayectoria vertical en la cabeza o en situaciones en las que la persona no ten\u00eda capacidad de movilidad, <strong>1 caso por atropello de una furgoneta<\/strong> y <strong>5 casos que sufrieron golpes de bast\u00f3n policial<\/strong> con <strong>amenazas y atentando contra su integridad moral.<\/strong> De momento hay <strong>19 agentes imputados, de los cuales 3 son Polic\u00edas Nacionales y 16 son Mossos d&#8217;Esquadra.<\/strong><\/p>\n<p>Entre los casos que llevamos hay algunos especialmente representativos, entre los cuales est\u00e1 el de una persona que fue agredida en la Avenida Diagonal entre Calle Bruc y Roger de Ll\u00faria por un agente antidisturbios de la Brigada M\u00f3vil de Mossos d&#8217;Esquadra. <strong>\u201cLe espet\u00f3 un fuerte puntapi\u00e9 y un golpe en la cabeza con el bast\u00f3n policial, y mientras lo cog\u00edan entre tres agentes empezaron a golpearlo d\u00e1ndole pu\u00f1etazos en las costillas, golpes en la cabeza con el casco de protecci\u00f3n y golpes en la zona del c\u00f3ccix\u201d<\/strong>, explica Olivella. \u201cUno de los agentes lo cogi\u00f3 de los agujeros de las narinas ech\u00e1ndolo fuertemente hacia atr\u00e1s. <strong>Fueron profiri\u00e9ndole todo tipo de amenazas y comentarios intimidatorios como \u2018No saldr\u00e1s de casa\u2019, \u2018Vamos a pegarte como pegaremos a tose compa\u00f1eros\u2019<\/strong>\u201d. Hay 7 agentes imputados relacionados con este caso.<\/p>\n<p>Otro caso importante es el de una chica menor de edad a quien dentro de una cafeter\u00eda le retorcieron el brazo y le dijeron expresiones como <strong>\u201cos vamos a matar\u201d, \u201cte vamos a pegar como nunca lo hemos hecho\u201d, \u201cahora si que os vais a enterar\u201d<\/strong>, etc. \u201cEra una chica menor de edad y esto gener\u00f3 un <strong>impacto psicol\u00f3gico muy fuerte<\/strong>\u201d, comenta Ana\u00efs Franquesa, co-directora de Ir\u00eddia. En este caso hay un agente imputado.<\/p>\n<p>\u201cOtra vez <strong>reiteramos el uso que se hace de los bastones policiales con golpes directos de arriba abajo<\/strong> en zonas sensibles como en la cabeza, en este caso una de las personas es esta la agresi\u00f3n que recibi\u00f3\u201d, a\u00f1ade Franquesa. \u201cAdem\u00e1s se ve claramente (a los videos) como despu\u00e9s lo dejan en tierra a pesar de los gritos de dolor y no se le da ninguna asistencia m\u00e9dica\u201d.<\/p>\n<p>Una de las cuestiones en las que hemos puesto m\u00e1s \u00e9nfasis sobre las protestas del a\u00f1o pasado, y que se ha vuelto a denunciar hoy, es la forma reiterada en el uso conjunto que se hizo de las balas de goma. \u201cNosotros entendemos que este dispositivo lo coordinaba Mossos d&#8217;Esquadra y <strong>aqu\u00ed las balas de goma est\u00e1n prohibidas<\/strong> porque as\u00ed lo decidi\u00f3 la sociedad catalana, pero a pesar de esto aquellas semanas se utilizaron balas de goma cuando no se tendr\u00eda que haber hecho\u201d, comenta Franquesa, que tambi\u00e9n denuncia <strong>una mala utilizaci\u00f3n de los proyectiles de foam<\/strong> que en muchas ocasiones generaron lesiones muy graves en zonas sensibles como el ojo o la cabeza.<\/p>\n<p><strong>Desde el equipo psicosocial de la entidad se han atendido 13 personas<\/strong> relacionadas con casos de las movilizaciones puesto-sentencia, dos su casos de p\u00e9rdida de visi\u00f3n, dos su casos con lesiones graves a otras zonas del cuerpo, y el resto su casos con lesiones f\u00edsicas leves pero que han recibido un fuerte impacto psicol\u00f3gico.<\/p>\n<p>Nat\u00e0lia\u00a0Abrego, psic\u00f3loga de\u00a0Ir\u00eddia\u00a0revela que \u201ca nivel general los casos que llevamos han presentado sintomatolog\u00eda ansiosa y depresiva, dificultades para dormir y para comer, pesadillas, tambi\u00e9n estados de mucha tristeza, miedo, sentimientos de par\u00e1lisis cuando se encuentran con agentes policiales totalmente diferente a contextos de manifestaci\u00f3n, tambi\u00e9n hay fuertes sentimientos de\u00a0injusticia\u00a0y rabia, sentimientos de culpa&#8230;.\u201d<\/p>\n<p>Desde\u00a0Ir\u00eddia\u00a0denunciamos que las actuaciones policiales de las semanas de octubre de 2019 ten\u00edan una <strong>clara intenci\u00f3n de herir psicol\u00f3gicamente a las personas manifestantes,<\/strong> generando miedo y estr\u00e9s agudo con sus actuaciones.<\/p>\n<p>Ayer los dos co-directores de la entidad, Ana\u00efs Franquesa y Andr\u00e9s Garc\u00eda Berrio, <strong>se reunieron con Interior y hoy har\u00e1n una comparecencia en el Parlamento para expresar la necesidad de an\u00e1lisis y cambio en el modelo de control, evaluaci\u00f3n y sanci\u00f3n interna del cuerpo policial.<\/strong><\/p>\n<p><strong>Es imprescindible hacer presi\u00f3n para que cambie la cultura de los cuerpos y que se pueda denunciar a los agentes que no respetan la ley. Por este motivo actualmente estamos llevando a cabo una campa\u00f1a de crowdfunding\u00a0 para dar estabilidad al Servicio de Atenci\u00f3n y Denuncia ante casos de violencia institucional, puesto que prioriza las aportaciones de personas socias para poder actuar de manera independiente.<\/strong><\/p>\n<p><iframe loading=\"lazy\" title=\"Ir\u00eddia representem 13 casos en relaci\u00f3 a la viol\u00e8ncia policial de l&#039;octubre de 2019\" width=\"500\" height=\"281\" src=\"https:\/\/www.youtube.com\/embed\/CnmHA5yGflg?feature=oembed\" frameborder=\"0\" allow=\"accelerometer; autoplay; clipboard-write; encrypted-media; gyroscope; picture-in-picture; web-share\" referrerpolicy=\"strict-origin-when-cross-origin\" allowfullscreen><\/iframe><\/p>\n","protected":false},"excerpt":{"rendered":"<p>Barcelona, 14 de octubre 2020. En rueda de prensa telem\u00e1tica hoy\u00a0Ir\u00eddia\u00a0hemos ha dado a conocer los casos que han entrado dentro de su Servicio gratuito de Atenci\u00f3n y Denuncia ante casos de Violencia Institucional en referencia a los protestes puesto-sentencia de octubre de 2019. \u201cDurante las movilizaciones del a\u00f1o pasado realizamos 204 atenciones telef\u00f3nicas, por [&hellip;]<\/p>\n","protected":false},"author":2,"featured_media":2228,"comment_status":"closed","ping_status":"closed","sticky":false,"template":"","format":"standard","meta":{"_acf_changed":false,"footnotes":""},"categories":[3],"tags":[51],"class_list":["post-3013","post","type-post","status-publish","format-standard","has-post-thumbnail","hentry","category-publicaciones","tag-protesta"],"acf":[],"yoast_head":"<!-- This site is optimized with the Yoast SEO plugin v27.4 - https:\/\/yoast.com\/product\/yoast-seo-wordpress\/ -->\n<title>Ir\u00eddia representamos 13 casos en relaci\u00f3n a la violencia policial del octubre de 2019<\/title>\n<meta name=\"robots\" content=\"index, follow, max-snippet:-1, max-image-preview:large, max-video-preview:-1\" \/>\n<link rel=\"canonical\" href=\"https:\/\/iridia.cat\/es\/iridia-representem-13-casos-en-relacio-a-la-violencia-policial-de-loctubre-de-2019\/\" \/>\n<meta property=\"og:locale\" content=\"es_ES\" \/>\n<meta property=\"og:type\" content=\"article\" \/>\n<meta property=\"og:title\" content=\"Ir\u00eddia representamos 13 casos en relaci\u00f3n a la violencia policial del octubre de 2019\" \/>\n<meta property=\"og:description\" content=\"Barcelona, 14 de octubre 2020. En rueda de prensa telem\u00e1tica hoy\u00a0Ir\u00eddia\u00a0hemos ha dado a conocer los casos que han entrado dentro de su Servicio gratuito de Atenci\u00f3n y Denuncia ante casos de Violencia Institucional en referencia a los protestes puesto-sentencia de octubre de 2019. \u201cDurante las movilizaciones del a\u00f1o pasado realizamos 204 atenciones telef\u00f3nicas, por [&hellip;]\" \/>\n<meta property=\"og:url\" content=\"https:\/\/iridia.cat\/es\/iridia-representem-13-casos-en-relacio-a-la-violencia-policial-de-loctubre-de-2019\/\" \/>\n<meta property=\"og:site_name\" content=\"Ir\u00eddia\" \/>\n<meta property=\"article:published_time\" content=\"2020-10-14T11:28:36+00:00\" \/>\n<meta property=\"article:modified_time\" content=\"2020-10-14T13:12:21+00:00\" \/>\n<meta property=\"og:image\" content=\"https:\/\/iridia.cat\/wp-content\/uploads\/2020\/05\/7-1024x683.jpg\" \/>\n\t<meta property=\"og:image:width\" content=\"1024\" \/>\n\t<meta property=\"og:image:height\" content=\"683\" \/>\n\t<meta property=\"og:image:type\" content=\"image\/jpeg\" \/>\n<meta name=\"author\" content=\"Ir\u00eddia\" \/>\n<meta name=\"twitter:card\" content=\"summary_large_image\" \/>\n<meta name=\"twitter:label1\" content=\"Written by\" \/>\n\t<meta name=\"twitter:data1\" content=\"Ir\u00eddia\" \/>\n\t<meta name=\"twitter:label2\" content=\"Est. reading time\" \/>\n\t<meta name=\"twitter:data2\" content=\"4 minutes\" \/>\n<script type=\"application\/ld+json\" class=\"yoast-schema-graph\">{\"@context\":\"https:\\\/\\\/schema.org\",\"@graph\":[{\"@type\":\"Article\",\"@id\":\"https:\\\/\\\/iridia.cat\\\/es\\\/iridia-representem-13-casos-en-relacio-a-la-violencia-policial-de-loctubre-de-2019\\\/#article\",\"isPartOf\":{\"@id\":\"https:\\\/\\\/iridia.cat\\\/es\\\/iridia-representem-13-casos-en-relacio-a-la-violencia-policial-de-loctubre-de-2019\\\/\"},\"author\":{\"name\":\"Ir\u00eddia\",\"@id\":\"https:\\\/\\\/test.iridia.cat\\\/#\\\/schema\\\/person\\\/4cd6357ca92585af3bb3f05b5c669d5f\"},\"headline\":\"Ir\u00eddia representamos 13 casos en relaci\u00f3n a la violencia policial del octubre de 2019\",\"datePublished\":\"2020-10-14T11:28:36+00:00\",\"dateModified\":\"2020-10-14T13:12:21+00:00\",\"mainEntityOfPage\":{\"@id\":\"https:\\\/\\\/iridia.cat\\\/es\\\/iridia-representem-13-casos-en-relacio-a-la-violencia-policial-de-loctubre-de-2019\\\/\"},\"wordCount\":911,\"publisher\":{\"@id\":\"https:\\\/\\\/test.iridia.cat\\\/#organization\"},\"image\":{\"@id\":\"https:\\\/\\\/iridia.cat\\\/es\\\/iridia-representem-13-casos-en-relacio-a-la-violencia-policial-de-loctubre-de-2019\\\/#primaryimage\"},\"thumbnailUrl\":\"https:\\\/\\\/iridia.cat\\\/wp-content\\\/uploads\\\/2020\\\/05\\\/7.jpg\",\"keywords\":[\"Protesta\"],\"articleSection\":[\"Publicaciones\"],\"inLanguage\":\"es-ES\"},{\"@type\":\"WebPage\",\"@id\":\"https:\\\/\\\/iridia.cat\\\/es\\\/iridia-representem-13-casos-en-relacio-a-la-violencia-policial-de-loctubre-de-2019\\\/\",\"url\":\"https:\\\/\\\/iridia.cat\\\/es\\\/iridia-representem-13-casos-en-relacio-a-la-violencia-policial-de-loctubre-de-2019\\\/\",\"name\":\"Ir\u00eddia representamos 13 casos en relaci\u00f3n a la violencia policial del octubre de 2019\",\"isPartOf\":{\"@id\":\"https:\\\/\\\/test.iridia.cat\\\/#website\"},\"primaryImageOfPage\":{\"@id\":\"https:\\\/\\\/iridia.cat\\\/es\\\/iridia-representem-13-casos-en-relacio-a-la-violencia-policial-de-loctubre-de-2019\\\/#primaryimage\"},\"image\":{\"@id\":\"https:\\\/\\\/iridia.cat\\\/es\\\/iridia-representem-13-casos-en-relacio-a-la-violencia-policial-de-loctubre-de-2019\\\/#primaryimage\"},\"thumbnailUrl\":\"https:\\\/\\\/iridia.cat\\\/wp-content\\\/uploads\\\/2020\\\/05\\\/7.jpg\",\"datePublished\":\"2020-10-14T11:28:36+00:00\",\"dateModified\":\"2020-10-14T13:12:21+00:00\",\"breadcrumb\":{\"@id\":\"https:\\\/\\\/iridia.cat\\\/es\\\/iridia-representem-13-casos-en-relacio-a-la-violencia-policial-de-loctubre-de-2019\\\/#breadcrumb\"},\"inLanguage\":\"es-ES\",\"potentialAction\":[{\"@type\":\"ReadAction\",\"target\":[\"https:\\\/\\\/iridia.cat\\\/es\\\/iridia-representem-13-casos-en-relacio-a-la-violencia-policial-de-loctubre-de-2019\\\/\"]}]},{\"@type\":\"ImageObject\",\"inLanguage\":\"es-ES\",\"@id\":\"https:\\\/\\\/iridia.cat\\\/es\\\/iridia-representem-13-casos-en-relacio-a-la-violencia-policial-de-loctubre-de-2019\\\/#primaryimage\",\"url\":\"https:\\\/\\\/iridia.cat\\\/wp-content\\\/uploads\\\/2020\\\/05\\\/7.jpg\",\"contentUrl\":\"https:\\\/\\\/iridia.cat\\\/wp-content\\\/uploads\\\/2020\\\/05\\\/7.jpg\",\"width\":6000,\"height\":4000},{\"@type\":\"BreadcrumbList\",\"@id\":\"https:\\\/\\\/iridia.cat\\\/es\\\/iridia-representem-13-casos-en-relacio-a-la-violencia-policial-de-loctubre-de-2019\\\/#breadcrumb\",\"itemListElement\":[{\"@type\":\"ListItem\",\"position\":1,\"name\":\"Inici\",\"item\":\"https:\\\/\\\/iridia.cat\\\/es\\\/\"},{\"@type\":\"ListItem\",\"position\":2,\"name\":\"Ir\u00eddia representamos 13 casos en relaci\u00f3n a la violencia policial del octubre de 2019\"}]},{\"@type\":\"WebSite\",\"@id\":\"https:\\\/\\\/test.iridia.cat\\\/#website\",\"url\":\"https:\\\/\\\/test.iridia.cat\\\/\",\"name\":\"Ir\u00eddia\",\"description\":\"\",\"publisher\":{\"@id\":\"https:\\\/\\\/test.iridia.cat\\\/#organization\"},\"potentialAction\":[{\"@type\":\"SearchAction\",\"target\":{\"@type\":\"EntryPoint\",\"urlTemplate\":\"https:\\\/\\\/test.iridia.cat\\\/?s={search_term_string}\"},\"query-input\":{\"@type\":\"PropertyValueSpecification\",\"valueRequired\":true,\"valueName\":\"search_term_string\"}}],\"inLanguage\":\"es-ES\"},{\"@type\":\"Organization\",\"@id\":\"https:\\\/\\\/test.iridia.cat\\\/#organization\",\"name\":\"Ir\u00eddia\",\"url\":\"https:\\\/\\\/test.iridia.cat\\\/\",\"logo\":{\"@type\":\"ImageObject\",\"inLanguage\":\"es-ES\",\"@id\":\"https:\\\/\\\/test.iridia.cat\\\/#\\\/schema\\\/logo\\\/image\\\/\",\"url\":\"https:\\\/\\\/iridia.cat\\\/wp-content\\\/uploads\\\/2022\\\/10\\\/avatar_iridia.png\",\"contentUrl\":\"https:\\\/\\\/iridia.cat\\\/wp-content\\\/uploads\\\/2022\\\/10\\\/avatar_iridia.png\",\"width\":740,\"height\":220,\"caption\":\"Ir\u00eddia\"},\"image\":{\"@id\":\"https:\\\/\\\/test.iridia.cat\\\/#\\\/schema\\\/logo\\\/image\\\/\"}},{\"@type\":\"Person\",\"@id\":\"https:\\\/\\\/test.iridia.cat\\\/#\\\/schema\\\/person\\\/4cd6357ca92585af3bb3f05b5c669d5f\",\"name\":\"Ir\u00eddia\",\"image\":{\"@type\":\"ImageObject\",\"inLanguage\":\"es-ES\",\"@id\":\"https:\\\/\\\/secure.gravatar.com\\\/avatar\\\/5b7e0123885b2270f0bc833c606fa7b6ae733761d3e80d47e23ba829fe3bd7f7?s=96&d=mm&r=g\",\"url\":\"https:\\\/\\\/secure.gravatar.com\\\/avatar\\\/5b7e0123885b2270f0bc833c606fa7b6ae733761d3e80d47e23ba829fe3bd7f7?s=96&d=mm&r=g\",\"contentUrl\":\"https:\\\/\\\/secure.gravatar.com\\\/avatar\\\/5b7e0123885b2270f0bc833c606fa7b6ae733761d3e80d47e23ba829fe3bd7f7?s=96&d=mm&r=g\",\"caption\":\"Ir\u00eddia\"},\"url\":\"https:\\\/\\\/iridia.cat\\\/es\\\/author\\\/iridia\\\/\"}]}<\/script>\n<!-- \/ Yoast SEO plugin. -->","yoast_head_json":{"title":"Ir\u00eddia representamos 13 casos en relaci\u00f3n a la violencia policial del octubre de 2019","robots":{"index":"index","follow":"follow","max-snippet":"max-snippet:-1","max-image-preview":"max-image-preview:large","max-video-preview":"max-video-preview:-1"},"canonical":"https:\/\/iridia.cat\/es\/iridia-representem-13-casos-en-relacio-a-la-violencia-policial-de-loctubre-de-2019\/","og_locale":"es_ES","og_type":"article","og_title":"Ir\u00eddia representamos 13 casos en relaci\u00f3n a la violencia policial del octubre de 2019","og_description":"Barcelona, 14 de octubre 2020. En rueda de prensa telem\u00e1tica hoy\u00a0Ir\u00eddia\u00a0hemos ha dado a conocer los casos que han entrado dentro de su Servicio gratuito de Atenci\u00f3n y Denuncia ante casos de Violencia Institucional en referencia a los protestes puesto-sentencia de octubre de 2019. \u201cDurante las movilizaciones del a\u00f1o pasado realizamos 204 atenciones telef\u00f3nicas, por [&hellip;]","og_url":"https:\/\/iridia.cat\/es\/iridia-representem-13-casos-en-relacio-a-la-violencia-policial-de-loctubre-de-2019\/","og_site_name":"Ir\u00eddia","article_published_time":"2020-10-14T11:28:36+00:00","article_modified_time":"2020-10-14T13:12:21+00:00","og_image":[{"width":1024,"height":683,"url":"https:\/\/iridia.cat\/wp-content\/uploads\/2020\/05\/7-1024x683.jpg","type":"image\/jpeg"}],"author":"Ir\u00eddia","twitter_card":"summary_large_image","twitter_misc":{"Written by":"Ir\u00eddia","Est. reading time":"4 minutes"},"schema":{"@context":"https:\/\/schema.org","@graph":[{"@type":"Article","@id":"https:\/\/iridia.cat\/es\/iridia-representem-13-casos-en-relacio-a-la-violencia-policial-de-loctubre-de-2019\/#article","isPartOf":{"@id":"https:\/\/iridia.cat\/es\/iridia-representem-13-casos-en-relacio-a-la-violencia-policial-de-loctubre-de-2019\/"},"author":{"name":"Ir\u00eddia","@id":"https:\/\/test.iridia.cat\/#\/schema\/person\/4cd6357ca92585af3bb3f05b5c669d5f"},"headline":"Ir\u00eddia representamos 13 casos en relaci\u00f3n a la violencia policial del octubre de 2019","datePublished":"2020-10-14T11:28:36+00:00","dateModified":"2020-10-14T13:12:21+00:00","mainEntityOfPage":{"@id":"https:\/\/iridia.cat\/es\/iridia-representem-13-casos-en-relacio-a-la-violencia-policial-de-loctubre-de-2019\/"},"wordCount":911,"publisher":{"@id":"https:\/\/test.iridia.cat\/#organization"},"image":{"@id":"https:\/\/iridia.cat\/es\/iridia-representem-13-casos-en-relacio-a-la-violencia-policial-de-loctubre-de-2019\/#primaryimage"},"thumbnailUrl":"https:\/\/iridia.cat\/wp-content\/uploads\/2020\/05\/7.jpg","keywords":["Protesta"],"articleSection":["Publicaciones"],"inLanguage":"es-ES"},{"@type":"WebPage","@id":"https:\/\/iridia.cat\/es\/iridia-representem-13-casos-en-relacio-a-la-violencia-policial-de-loctubre-de-2019\/","url":"https:\/\/iridia.cat\/es\/iridia-representem-13-casos-en-relacio-a-la-violencia-policial-de-loctubre-de-2019\/","name":"Ir\u00eddia representamos 13 casos en relaci\u00f3n a la violencia policial del octubre de 2019","isPartOf":{"@id":"https:\/\/test.iridia.cat\/#website"},"primaryImageOfPage":{"@id":"https:\/\/iridia.cat\/es\/iridia-representem-13-casos-en-relacio-a-la-violencia-policial-de-loctubre-de-2019\/#primaryimage"},"image":{"@id":"https:\/\/iridia.cat\/es\/iridia-representem-13-casos-en-relacio-a-la-violencia-policial-de-loctubre-de-2019\/#primaryimage"},"thumbnailUrl":"https:\/\/iridia.cat\/wp-content\/uploads\/2020\/05\/7.jpg","datePublished":"2020-10-14T11:28:36+00:00","dateModified":"2020-10-14T13:12:21+00:00","breadcrumb":{"@id":"https:\/\/iridia.cat\/es\/iridia-representem-13-casos-en-relacio-a-la-violencia-policial-de-loctubre-de-2019\/#breadcrumb"},"inLanguage":"es-ES","potentialAction":[{"@type":"ReadAction","target":["https:\/\/iridia.cat\/es\/iridia-representem-13-casos-en-relacio-a-la-violencia-policial-de-loctubre-de-2019\/"]}]},{"@type":"ImageObject","inLanguage":"es-ES","@id":"https:\/\/iridia.cat\/es\/iridia-representem-13-casos-en-relacio-a-la-violencia-policial-de-loctubre-de-2019\/#primaryimage","url":"https:\/\/iridia.cat\/wp-content\/uploads\/2020\/05\/7.jpg","contentUrl":"https:\/\/iridia.cat\/wp-content\/uploads\/2020\/05\/7.jpg","width":6000,"height":4000},{"@type":"BreadcrumbList","@id":"https:\/\/iridia.cat\/es\/iridia-representem-13-casos-en-relacio-a-la-violencia-policial-de-loctubre-de-2019\/#breadcrumb","itemListElement":[{"@type":"ListItem","position":1,"name":"Inici","item":"https:\/\/iridia.cat\/es\/"},{"@type":"ListItem","position":2,"name":"Ir\u00eddia representamos 13 casos en relaci\u00f3n a la violencia policial del octubre de 2019"}]},{"@type":"WebSite","@id":"https:\/\/test.iridia.cat\/#website","url":"https:\/\/test.iridia.cat\/","name":"Ir\u00eddia","description":"","publisher":{"@id":"https:\/\/test.iridia.cat\/#organization"},"potentialAction":[{"@type":"SearchAction","target":{"@type":"EntryPoint","urlTemplate":"https:\/\/test.iridia.cat\/?s={search_term_string}"},"query-input":{"@type":"PropertyValueSpecification","valueRequired":true,"valueName":"search_term_string"}}],"inLanguage":"es-ES"},{"@type":"Organization","@id":"https:\/\/test.iridia.cat\/#organization","name":"Ir\u00eddia","url":"https:\/\/test.iridia.cat\/","logo":{"@type":"ImageObject","inLanguage":"es-ES","@id":"https:\/\/test.iridia.cat\/#\/schema\/logo\/image\/","url":"https:\/\/iridia.cat\/wp-content\/uploads\/2022\/10\/avatar_iridia.png","contentUrl":"https:\/\/iridia.cat\/wp-content\/uploads\/2022\/10\/avatar_iridia.png","width":740,"height":220,"caption":"Ir\u00eddia"},"image":{"@id":"https:\/\/test.iridia.cat\/#\/schema\/logo\/image\/"}},{"@type":"Person","@id":"https:\/\/test.iridia.cat\/#\/schema\/person\/4cd6357ca92585af3bb3f05b5c669d5f","name":"Ir\u00eddia","image":{"@type":"ImageObject","inLanguage":"es-ES","@id":"https:\/\/secure.gravatar.com\/avatar\/5b7e0123885b2270f0bc833c606fa7b6ae733761d3e80d47e23ba829fe3bd7f7?s=96&d=mm&r=g","url":"https:\/\/secure.gravatar.com\/avatar\/5b7e0123885b2270f0bc833c606fa7b6ae733761d3e80d47e23ba829fe3bd7f7?s=96&d=mm&r=g","contentUrl":"https:\/\/secure.gravatar.com\/avatar\/5b7e0123885b2270f0bc833c606fa7b6ae733761d3e80d47e23ba829fe3bd7f7?s=96&d=mm&r=g","caption":"Ir\u00eddia"},"url":"https:\/\/iridia.cat\/es\/author\/iridia\/"}]}},"_links":{"self":[{"href":"https:\/\/iridia.cat\/es\/wp-json\/wp\/v2\/posts\/3013","targetHints":{"allow":["GET"]}}],"collection":[{"href":"https:\/\/iridia.cat\/es\/wp-json\/wp\/v2\/posts"}],"about":[{"href":"https:\/\/iridia.cat\/es\/wp-json\/wp\/v2\/types\/post"}],"author":[{"embeddable":true,"href":"https:\/\/iridia.cat\/es\/wp-json\/wp\/v2\/users\/2"}],"replies":[{"embeddable":true,"href":"https:\/\/iridia.cat\/es\/wp-json\/wp\/v2\/comments?post=3013"}],"version-history":[{"count":2,"href":"https:\/\/iridia.cat\/es\/wp-json\/wp\/v2\/posts\/3013\/revisions"}],"predecessor-version":[{"id":3016,"href":"https:\/\/iridia.cat\/es\/wp-json\/wp\/v2\/posts\/3013\/revisions\/3016"}],"wp:featuredmedia":[{"embeddable":true,"href":"https:\/\/iridia.cat\/es\/wp-json\/wp\/v2\/media\/2228"}],"wp:attachment":[{"href":"https:\/\/iridia.cat\/es\/wp-json\/wp\/v2\/media?parent=3013"}],"wp:term":[{"taxonomy":"category","embeddable":true,"href":"https:\/\/iridia.cat\/es\/wp-json\/wp\/v2\/categories?post=3013"},{"taxonomy":"post_tag","embeddable":true,"href":"https:\/\/iridia.cat\/es\/wp-json\/wp\/v2\/tags?post=3013"}],"curies":[{"name":"wp","href":"https:\/\/api.w.org\/{rel}","templated":true}]}}