{"id":3089,"date":"2020-11-17T11:01:40","date_gmt":"2020-11-17T10:01:40","guid":{"rendered":"https:\/\/test.iridia.cat\/entitats-de-defensa-de-drets-humans-presenten-una-queixa-per-les-condicions-en-que-les-persones-internades-al-cie-estan-complint-les-mesures-de-quarantena\/"},"modified":"2024-03-21T13:07:40","modified_gmt":"2024-03-21T12:07:40","slug":"entitats-de-defensa-de-drets-humans-presenten-una-queixa-per-les-condicions-en-que-les-persones-internades-al-cie-estan-complint-les-mesures-de-quarantena","status":"publish","type":"post","link":"https:\/\/iridia.cat\/es\/entitats-de-defensa-de-drets-humans-presenten-una-queixa-per-les-condicions-en-que-les-persones-internades-al-cie-estan-complint-les-mesures-de-quarantena\/","title":{"rendered":"Entidades de defensa de derechos humanos presentan una queja por las condiciones en las que las personas internadas en el CIE est\u00e1n cumpliendo las medidas de cuarentena."},"content":{"rendered":"<blockquote>\n<h3><a href=\"https:\/\/iridia.cat\/wp-content\/uploads\/2020\/11\/Queja-CIE-condiciones-cuarentena.pdf\">Queja al Juzgado de Control<\/a><\/h3>\n<\/blockquote>\n<h3><span style=\"font-weight: 400;\">Adem\u00e1s se han presentado dos denuncias por situaciones de violencia policial de agentes de polic\u00eda, as\u00ed como por las condiciones de las medidas de cuarentena.<\/span><\/h3>\n<p><span style=\"font-weight: 400;\">A pesar de que nos encontramos en la segunda ola de la pandemia por Covid 19\u00a0 el CIE se reabri\u00f3 a inicios de octubre, llevando a cabo el internamiento de 81 personas de nacionalidad argelina que hab\u00edan llegado en patera a las Islas Baleares. El 16 de octubre diversas entidades de defensa de derechos humanos <strong>presentamos un escrito de queja ante el Juzgado de Control del CIE al haber tenido conocimiento de que hab\u00eda personas internadas contagiadas de Covid, exigiendo que se clausurara el CIE por no ser un dispositivo preparado ante contagios<\/strong>, en base a una resoluci\u00f3n del Juzgado de Las Palmas de Gran Canaria que argumentaba precisamente en este sentido.<\/span><\/p>\n<p><span style=\"font-weight: 400;\"><strong>Desde Ir\u00eddia, Migrastudium, Tanquem els CIE y SOS Racisme Catalunya consideramos que es intolerable que un mes despu\u00e9s, en contexto de plena pandemia,<\/strong> y contando adem\u00e1s con informes preocupantes de la Agencia de Salud P\u00fablica presentados por el Ayuntamiento de Barcelona, los Juzgados de Control del CIE no hayan resuelto las quejas presentadas as\u00ed como tampoco hayan emitido una resoluci\u00f3n estableciendo un sistema de garant\u00eda de los derechos de las personas internas en el CIE en el actual contexto de pandemia.<\/span><\/p>\n<p><span style=\"font-weight: 400;\">A pesar de la opacidad generada en el CIE por la suspensi\u00f3n de las visitas de familiares y entidades sociales, <strong>abogadas de Ir\u00eddia han podido visitar a personas internas que quer\u00edan presentar denuncias por haber sufrido situaciones de malos tratos, as\u00ed como para quejarse de las condiciones en las que se est\u00e1n cumpliendo las medidas de cuarentena en el interior.<\/strong> La responsabilidad de la situaci\u00f3n es tanto del Ministerio de Interior y el Cuerpo de Polic\u00eda Nacional como de los Juzgados que no han cumplido con sus obligaciones jurisdiccionales de garant\u00eda de derechos.\u00a0<\/span><\/p>\n<p><span style=\"font-weight: 400;\">Uno de los elementos fundamentales que deber\u00edan haberse analizado de oficio por los Juzgados de Control, como garantes de los derechos fundamentales de las personas internas, es la regulaci\u00f3n y el control de los mecanismos de aplicaci\u00f3n de las medidas de cuarentena en el contexto del CIE para las personas que, siguiendo las instrucciones de las autoridades sanitarias, tuvieran que confinarse. <strong>En la pr\u00e1ctica, trat\u00e1ndose de un centro de privaci\u00f3n de libertad, se han aplicado medidas de aislamiento a 8 personas sin que haya habido regulaci\u00f3n sobre dicha cuesti\u00f3n.<\/strong><\/span><\/p>\n<p><span style=\"font-weight: 400;\"><a href=\"https:\/\/iridia.cat\/wp-content\/uploads\/2020\/11\/Queja-CIE-condiciones-cuarentena.pdf\">En la queja<\/a> que se presenta de manera adjunta se describen situaciones de cumplimiento de las medidas de cuarentena que <strong>podr\u00edan constituir un delito contra la integridad moral<\/strong> debido a que podr\u00edan llegar a constituir, por s\u00ed mismas, un trato cruel, inhumano o degradante.\u00a0<\/span><span style=\"font-weight: 400;\">Los internos entrevistados describen que se cumpli\u00f3 la <strong>medida de aislamiento en celdas no adecuadas, sin cama ni acceso permanente a un ba\u00f1o.<\/strong> La situaci\u00f3n llev\u00f3 a que las personas no supieran ni la hora del d\u00eda ni tuvieran contacto con el exterior, lo cual les gener\u00f3 una fuerte situaci\u00f3n de estr\u00e9s que deriv\u00f3 en situaciones autol\u00edticas. Cabe destacar que adem\u00e1s<strong> uno de los internos a los que se someti\u00f3 a cuarentena ha denunciado situaciones de agresi\u00f3n policial en dicho contexto.\u00a0<\/strong><\/span><\/p>\n<p>&nbsp;<\/p>\n<p><strong>Las entidades firmantes solicitamos:<\/strong><\/p>\n<ul>\n<li style=\"font-weight: 400;\"><span style=\"font-weight: 400;\">Que se clausure de manera urgente el CIE de Barcelona ante la actual situaci\u00f3n de pandemia y que las personas sean derivadas a espacios de acogida en condiciones dignas.\u00a0<\/span><\/li>\n<li style=\"font-weight: 400;\"><span style=\"font-weight: 400;\">Que tanto la Justicia, como el Ministerio del Interior y el Defensor del Pueblo incoen investigaciones por los hechos denunciados.<\/span><\/li>\n<\/ul>\n<p>&nbsp;<\/p>\n<p>&nbsp;<\/p>\n","protected":false},"excerpt":{"rendered":"<p>Queja al Juzgado de Control Adem\u00e1s se han presentado dos denuncias por situaciones de violencia policial de agentes de polic\u00eda, as\u00ed como por las condiciones de las medidas de cuarentena. A pesar de que nos encontramos en la segunda ola de la pandemia por Covid 19\u00a0 el CIE se reabri\u00f3 a inicios de octubre, llevando [&hellip;]<\/p>\n","protected":false},"author":2,"featured_media":1902,"comment_status":"closed","ping_status":"closed","sticky":false,"template":"","format":"standard","meta":{"_acf_changed":false,"footnotes":""},"categories":[3],"tags":[144],"class_list":["post-3089","post","type-post","status-publish","format-standard","has-post-thumbnail","hentry","category-publicaciones","tag-migracions-es-2"],"acf":[],"yoast_head":"<!-- This site is optimized with the Yoast SEO plugin v27.4 - https:\/\/yoast.com\/product\/yoast-seo-wordpress\/ -->\n<title>Entidades de defensa de derechos humanos presentan una queja por las condiciones en las que las personas internadas en el CIE est\u00e1n cumpliendo las medidas de cuarentena.<\/title>\n<meta name=\"robots\" content=\"index, follow, max-snippet:-1, max-image-preview:large, max-video-preview:-1\" \/>\n<link rel=\"canonical\" href=\"https:\/\/iridia.cat\/es\/entitats-de-defensa-de-drets-humans-presenten-una-queixa-per-les-condicions-en-que-les-persones-internades-al-cie-estan-complint-les-mesures-de-quarantena\/\" \/>\n<meta property=\"og:locale\" content=\"es_ES\" \/>\n<meta property=\"og:type\" content=\"article\" \/>\n<meta property=\"og:title\" content=\"Entidades de defensa de derechos humanos presentan una queja por las condiciones en las que las personas internadas en el CIE est\u00e1n cumpliendo las medidas de cuarentena.\" \/>\n<meta property=\"og:description\" content=\"Queja al Juzgado de Control Adem\u00e1s se han presentado dos denuncias por situaciones de violencia policial de agentes de polic\u00eda, as\u00ed como por las condiciones de las medidas de cuarentena. A pesar de que nos encontramos en la segunda ola de la pandemia por Covid 19\u00a0 el CIE se reabri\u00f3 a inicios de octubre, llevando [&hellip;]\" \/>\n<meta property=\"og:url\" content=\"https:\/\/iridia.cat\/es\/entitats-de-defensa-de-drets-humans-presenten-una-queixa-per-les-condicions-en-que-les-persones-internades-al-cie-estan-complint-les-mesures-de-quarantena\/\" \/>\n<meta property=\"og:site_name\" content=\"Ir\u00eddia\" \/>\n<meta property=\"article:published_time\" content=\"2020-11-17T10:01:40+00:00\" \/>\n<meta property=\"article:modified_time\" content=\"2024-03-21T12:07:40+00:00\" \/>\n<meta property=\"og:image\" content=\"https:\/\/iridia.cat\/wp-content\/uploads\/2020\/03\/photo6015944508526668445.jpg\" \/>\n\t<meta property=\"og:image:width\" content=\"980\" \/>\n\t<meta property=\"og:image:height\" content=\"559\" \/>\n\t<meta property=\"og:image:type\" content=\"image\/jpeg\" \/>\n<meta name=\"author\" content=\"Ir\u00eddia\" \/>\n<meta name=\"twitter:card\" content=\"summary_large_image\" \/>\n<meta name=\"twitter:label1\" content=\"Written by\" \/>\n\t<meta name=\"twitter:data1\" content=\"Ir\u00eddia\" \/>\n\t<meta name=\"twitter:label2\" content=\"Est. reading time\" \/>\n\t<meta name=\"twitter:data2\" content=\"4 minutes\" \/>\n<script type=\"application\/ld+json\" class=\"yoast-schema-graph\">{\"@context\":\"https:\\\/\\\/schema.org\",\"@graph\":[{\"@type\":\"Article\",\"@id\":\"https:\\\/\\\/iridia.cat\\\/es\\\/entitats-de-defensa-de-drets-humans-presenten-una-queixa-per-les-condicions-en-que-les-persones-internades-al-cie-estan-complint-les-mesures-de-quarantena\\\/#article\",\"isPartOf\":{\"@id\":\"https:\\\/\\\/iridia.cat\\\/es\\\/entitats-de-defensa-de-drets-humans-presenten-una-queixa-per-les-condicions-en-que-les-persones-internades-al-cie-estan-complint-les-mesures-de-quarantena\\\/\"},\"author\":{\"name\":\"Ir\u00eddia\",\"@id\":\"https:\\\/\\\/test.iridia.cat\\\/#\\\/schema\\\/person\\\/4cd6357ca92585af3bb3f05b5c669d5f\"},\"headline\":\"Entidades de defensa de derechos humanos presentan una queja por las condiciones en las que las personas internadas en el CIE est\u00e1n cumpliendo las medidas de cuarentena.\",\"datePublished\":\"2020-11-17T10:01:40+00:00\",\"dateModified\":\"2024-03-21T12:07:40+00:00\",\"mainEntityOfPage\":{\"@id\":\"https:\\\/\\\/iridia.cat\\\/es\\\/entitats-de-defensa-de-drets-humans-presenten-una-queixa-per-les-condicions-en-que-les-persones-internades-al-cie-estan-complint-les-mesures-de-quarantena\\\/\"},\"wordCount\":647,\"publisher\":{\"@id\":\"https:\\\/\\\/test.iridia.cat\\\/#organization\"},\"image\":{\"@id\":\"https:\\\/\\\/iridia.cat\\\/es\\\/entitats-de-defensa-de-drets-humans-presenten-una-queixa-per-les-condicions-en-que-les-persones-internades-al-cie-estan-complint-les-mesures-de-quarantena\\\/#primaryimage\"},\"thumbnailUrl\":\"https:\\\/\\\/iridia.cat\\\/wp-content\\\/uploads\\\/2020\\\/03\\\/photo6015944508526668445.jpg\",\"keywords\":[\"Migraciones\"],\"articleSection\":[\"Publicaciones\"],\"inLanguage\":\"es-ES\"},{\"@type\":\"WebPage\",\"@id\":\"https:\\\/\\\/iridia.cat\\\/es\\\/entitats-de-defensa-de-drets-humans-presenten-una-queixa-per-les-condicions-en-que-les-persones-internades-al-cie-estan-complint-les-mesures-de-quarantena\\\/\",\"url\":\"https:\\\/\\\/iridia.cat\\\/es\\\/entitats-de-defensa-de-drets-humans-presenten-una-queixa-per-les-condicions-en-que-les-persones-internades-al-cie-estan-complint-les-mesures-de-quarantena\\\/\",\"name\":\"Entidades de defensa de derechos humanos presentan una queja por las condiciones en las que las personas internadas en el CIE est\u00e1n cumpliendo las medidas de cuarentena.\",\"isPartOf\":{\"@id\":\"https:\\\/\\\/test.iridia.cat\\\/#website\"},\"primaryImageOfPage\":{\"@id\":\"https:\\\/\\\/iridia.cat\\\/es\\\/entitats-de-defensa-de-drets-humans-presenten-una-queixa-per-les-condicions-en-que-les-persones-internades-al-cie-estan-complint-les-mesures-de-quarantena\\\/#primaryimage\"},\"image\":{\"@id\":\"https:\\\/\\\/iridia.cat\\\/es\\\/entitats-de-defensa-de-drets-humans-presenten-una-queixa-per-les-condicions-en-que-les-persones-internades-al-cie-estan-complint-les-mesures-de-quarantena\\\/#primaryimage\"},\"thumbnailUrl\":\"https:\\\/\\\/iridia.cat\\\/wp-content\\\/uploads\\\/2020\\\/03\\\/photo6015944508526668445.jpg\",\"datePublished\":\"2020-11-17T10:01:40+00:00\",\"dateModified\":\"2024-03-21T12:07:40+00:00\",\"breadcrumb\":{\"@id\":\"https:\\\/\\\/iridia.cat\\\/es\\\/entitats-de-defensa-de-drets-humans-presenten-una-queixa-per-les-condicions-en-que-les-persones-internades-al-cie-estan-complint-les-mesures-de-quarantena\\\/#breadcrumb\"},\"inLanguage\":\"es-ES\",\"potentialAction\":[{\"@type\":\"ReadAction\",\"target\":[\"https:\\\/\\\/iridia.cat\\\/es\\\/entitats-de-defensa-de-drets-humans-presenten-una-queixa-per-les-condicions-en-que-les-persones-internades-al-cie-estan-complint-les-mesures-de-quarantena\\\/\"]}]},{\"@type\":\"ImageObject\",\"inLanguage\":\"es-ES\",\"@id\":\"https:\\\/\\\/iridia.cat\\\/es\\\/entitats-de-defensa-de-drets-humans-presenten-una-queixa-per-les-condicions-en-que-les-persones-internades-al-cie-estan-complint-les-mesures-de-quarantena\\\/#primaryimage\",\"url\":\"https:\\\/\\\/iridia.cat\\\/wp-content\\\/uploads\\\/2020\\\/03\\\/photo6015944508526668445.jpg\",\"contentUrl\":\"https:\\\/\\\/iridia.cat\\\/wp-content\\\/uploads\\\/2020\\\/03\\\/photo6015944508526668445.jpg\",\"width\":980,\"height\":559},{\"@type\":\"BreadcrumbList\",\"@id\":\"https:\\\/\\\/iridia.cat\\\/es\\\/entitats-de-defensa-de-drets-humans-presenten-una-queixa-per-les-condicions-en-que-les-persones-internades-al-cie-estan-complint-les-mesures-de-quarantena\\\/#breadcrumb\",\"itemListElement\":[{\"@type\":\"ListItem\",\"position\":1,\"name\":\"Inici\",\"item\":\"https:\\\/\\\/iridia.cat\\\/es\\\/\"},{\"@type\":\"ListItem\",\"position\":2,\"name\":\"Entidades de defensa de derechos humanos presentan una queja por las condiciones en las que las personas internadas en el CIE est\u00e1n cumpliendo las medidas de cuarentena.\"}]},{\"@type\":\"WebSite\",\"@id\":\"https:\\\/\\\/test.iridia.cat\\\/#website\",\"url\":\"https:\\\/\\\/test.iridia.cat\\\/\",\"name\":\"Ir\u00eddia\",\"description\":\"\",\"publisher\":{\"@id\":\"https:\\\/\\\/test.iridia.cat\\\/#organization\"},\"potentialAction\":[{\"@type\":\"SearchAction\",\"target\":{\"@type\":\"EntryPoint\",\"urlTemplate\":\"https:\\\/\\\/test.iridia.cat\\\/?s={search_term_string}\"},\"query-input\":{\"@type\":\"PropertyValueSpecification\",\"valueRequired\":true,\"valueName\":\"search_term_string\"}}],\"inLanguage\":\"es-ES\"},{\"@type\":\"Organization\",\"@id\":\"https:\\\/\\\/test.iridia.cat\\\/#organization\",\"name\":\"Ir\u00eddia\",\"url\":\"https:\\\/\\\/test.iridia.cat\\\/\",\"logo\":{\"@type\":\"ImageObject\",\"inLanguage\":\"es-ES\",\"@id\":\"https:\\\/\\\/test.iridia.cat\\\/#\\\/schema\\\/logo\\\/image\\\/\",\"url\":\"https:\\\/\\\/iridia.cat\\\/wp-content\\\/uploads\\\/2022\\\/10\\\/avatar_iridia.png\",\"contentUrl\":\"https:\\\/\\\/iridia.cat\\\/wp-content\\\/uploads\\\/2022\\\/10\\\/avatar_iridia.png\",\"width\":740,\"height\":220,\"caption\":\"Ir\u00eddia\"},\"image\":{\"@id\":\"https:\\\/\\\/test.iridia.cat\\\/#\\\/schema\\\/logo\\\/image\\\/\"}},{\"@type\":\"Person\",\"@id\":\"https:\\\/\\\/test.iridia.cat\\\/#\\\/schema\\\/person\\\/4cd6357ca92585af3bb3f05b5c669d5f\",\"name\":\"Ir\u00eddia\",\"image\":{\"@type\":\"ImageObject\",\"inLanguage\":\"es-ES\",\"@id\":\"https:\\\/\\\/secure.gravatar.com\\\/avatar\\\/5b7e0123885b2270f0bc833c606fa7b6ae733761d3e80d47e23ba829fe3bd7f7?s=96&d=mm&r=g\",\"url\":\"https:\\\/\\\/secure.gravatar.com\\\/avatar\\\/5b7e0123885b2270f0bc833c606fa7b6ae733761d3e80d47e23ba829fe3bd7f7?s=96&d=mm&r=g\",\"contentUrl\":\"https:\\\/\\\/secure.gravatar.com\\\/avatar\\\/5b7e0123885b2270f0bc833c606fa7b6ae733761d3e80d47e23ba829fe3bd7f7?s=96&d=mm&r=g\",\"caption\":\"Ir\u00eddia\"},\"url\":\"https:\\\/\\\/iridia.cat\\\/es\\\/author\\\/iridia\\\/\"}]}<\/script>\n<!-- \/ Yoast SEO plugin. -->","yoast_head_json":{"title":"Entidades de defensa de derechos humanos presentan una queja por las condiciones en las que las personas internadas en el CIE est\u00e1n cumpliendo las medidas de cuarentena.","robots":{"index":"index","follow":"follow","max-snippet":"max-snippet:-1","max-image-preview":"max-image-preview:large","max-video-preview":"max-video-preview:-1"},"canonical":"https:\/\/iridia.cat\/es\/entitats-de-defensa-de-drets-humans-presenten-una-queixa-per-les-condicions-en-que-les-persones-internades-al-cie-estan-complint-les-mesures-de-quarantena\/","og_locale":"es_ES","og_type":"article","og_title":"Entidades de defensa de derechos humanos presentan una queja por las condiciones en las que las personas internadas en el CIE est\u00e1n cumpliendo las medidas de cuarentena.","og_description":"Queja al Juzgado de Control Adem\u00e1s se han presentado dos denuncias por situaciones de violencia policial de agentes de polic\u00eda, as\u00ed como por las condiciones de las medidas de cuarentena. A pesar de que nos encontramos en la segunda ola de la pandemia por Covid 19\u00a0 el CIE se reabri\u00f3 a inicios de octubre, llevando [&hellip;]","og_url":"https:\/\/iridia.cat\/es\/entitats-de-defensa-de-drets-humans-presenten-una-queixa-per-les-condicions-en-que-les-persones-internades-al-cie-estan-complint-les-mesures-de-quarantena\/","og_site_name":"Ir\u00eddia","article_published_time":"2020-11-17T10:01:40+00:00","article_modified_time":"2024-03-21T12:07:40+00:00","og_image":[{"width":980,"height":559,"url":"https:\/\/iridia.cat\/wp-content\/uploads\/2020\/03\/photo6015944508526668445.jpg","type":"image\/jpeg"}],"author":"Ir\u00eddia","twitter_card":"summary_large_image","twitter_misc":{"Written by":"Ir\u00eddia","Est. reading time":"4 minutes"},"schema":{"@context":"https:\/\/schema.org","@graph":[{"@type":"Article","@id":"https:\/\/iridia.cat\/es\/entitats-de-defensa-de-drets-humans-presenten-una-queixa-per-les-condicions-en-que-les-persones-internades-al-cie-estan-complint-les-mesures-de-quarantena\/#article","isPartOf":{"@id":"https:\/\/iridia.cat\/es\/entitats-de-defensa-de-drets-humans-presenten-una-queixa-per-les-condicions-en-que-les-persones-internades-al-cie-estan-complint-les-mesures-de-quarantena\/"},"author":{"name":"Ir\u00eddia","@id":"https:\/\/test.iridia.cat\/#\/schema\/person\/4cd6357ca92585af3bb3f05b5c669d5f"},"headline":"Entidades de defensa de derechos humanos presentan una queja por las condiciones en las que las personas internadas en el CIE est\u00e1n cumpliendo las medidas de cuarentena.","datePublished":"2020-11-17T10:01:40+00:00","dateModified":"2024-03-21T12:07:40+00:00","mainEntityOfPage":{"@id":"https:\/\/iridia.cat\/es\/entitats-de-defensa-de-drets-humans-presenten-una-queixa-per-les-condicions-en-que-les-persones-internades-al-cie-estan-complint-les-mesures-de-quarantena\/"},"wordCount":647,"publisher":{"@id":"https:\/\/test.iridia.cat\/#organization"},"image":{"@id":"https:\/\/iridia.cat\/es\/entitats-de-defensa-de-drets-humans-presenten-una-queixa-per-les-condicions-en-que-les-persones-internades-al-cie-estan-complint-les-mesures-de-quarantena\/#primaryimage"},"thumbnailUrl":"https:\/\/iridia.cat\/wp-content\/uploads\/2020\/03\/photo6015944508526668445.jpg","keywords":["Migraciones"],"articleSection":["Publicaciones"],"inLanguage":"es-ES"},{"@type":"WebPage","@id":"https:\/\/iridia.cat\/es\/entitats-de-defensa-de-drets-humans-presenten-una-queixa-per-les-condicions-en-que-les-persones-internades-al-cie-estan-complint-les-mesures-de-quarantena\/","url":"https:\/\/iridia.cat\/es\/entitats-de-defensa-de-drets-humans-presenten-una-queixa-per-les-condicions-en-que-les-persones-internades-al-cie-estan-complint-les-mesures-de-quarantena\/","name":"Entidades de defensa de derechos humanos presentan una queja por las condiciones en las que las personas internadas en el CIE est\u00e1n cumpliendo las medidas de cuarentena.","isPartOf":{"@id":"https:\/\/test.iridia.cat\/#website"},"primaryImageOfPage":{"@id":"https:\/\/iridia.cat\/es\/entitats-de-defensa-de-drets-humans-presenten-una-queixa-per-les-condicions-en-que-les-persones-internades-al-cie-estan-complint-les-mesures-de-quarantena\/#primaryimage"},"image":{"@id":"https:\/\/iridia.cat\/es\/entitats-de-defensa-de-drets-humans-presenten-una-queixa-per-les-condicions-en-que-les-persones-internades-al-cie-estan-complint-les-mesures-de-quarantena\/#primaryimage"},"thumbnailUrl":"https:\/\/iridia.cat\/wp-content\/uploads\/2020\/03\/photo6015944508526668445.jpg","datePublished":"2020-11-17T10:01:40+00:00","dateModified":"2024-03-21T12:07:40+00:00","breadcrumb":{"@id":"https:\/\/iridia.cat\/es\/entitats-de-defensa-de-drets-humans-presenten-una-queixa-per-les-condicions-en-que-les-persones-internades-al-cie-estan-complint-les-mesures-de-quarantena\/#breadcrumb"},"inLanguage":"es-ES","potentialAction":[{"@type":"ReadAction","target":["https:\/\/iridia.cat\/es\/entitats-de-defensa-de-drets-humans-presenten-una-queixa-per-les-condicions-en-que-les-persones-internades-al-cie-estan-complint-les-mesures-de-quarantena\/"]}]},{"@type":"ImageObject","inLanguage":"es-ES","@id":"https:\/\/iridia.cat\/es\/entitats-de-defensa-de-drets-humans-presenten-una-queixa-per-les-condicions-en-que-les-persones-internades-al-cie-estan-complint-les-mesures-de-quarantena\/#primaryimage","url":"https:\/\/iridia.cat\/wp-content\/uploads\/2020\/03\/photo6015944508526668445.jpg","contentUrl":"https:\/\/iridia.cat\/wp-content\/uploads\/2020\/03\/photo6015944508526668445.jpg","width":980,"height":559},{"@type":"BreadcrumbList","@id":"https:\/\/iridia.cat\/es\/entitats-de-defensa-de-drets-humans-presenten-una-queixa-per-les-condicions-en-que-les-persones-internades-al-cie-estan-complint-les-mesures-de-quarantena\/#breadcrumb","itemListElement":[{"@type":"ListItem","position":1,"name":"Inici","item":"https:\/\/iridia.cat\/es\/"},{"@type":"ListItem","position":2,"name":"Entidades de defensa de derechos humanos presentan una queja por las condiciones en las que las personas internadas en el CIE est\u00e1n cumpliendo las medidas de cuarentena."}]},{"@type":"WebSite","@id":"https:\/\/test.iridia.cat\/#website","url":"https:\/\/test.iridia.cat\/","name":"Ir\u00eddia","description":"","publisher":{"@id":"https:\/\/test.iridia.cat\/#organization"},"potentialAction":[{"@type":"SearchAction","target":{"@type":"EntryPoint","urlTemplate":"https:\/\/test.iridia.cat\/?s={search_term_string}"},"query-input":{"@type":"PropertyValueSpecification","valueRequired":true,"valueName":"search_term_string"}}],"inLanguage":"es-ES"},{"@type":"Organization","@id":"https:\/\/test.iridia.cat\/#organization","name":"Ir\u00eddia","url":"https:\/\/test.iridia.cat\/","logo":{"@type":"ImageObject","inLanguage":"es-ES","@id":"https:\/\/test.iridia.cat\/#\/schema\/logo\/image\/","url":"https:\/\/iridia.cat\/wp-content\/uploads\/2022\/10\/avatar_iridia.png","contentUrl":"https:\/\/iridia.cat\/wp-content\/uploads\/2022\/10\/avatar_iridia.png","width":740,"height":220,"caption":"Ir\u00eddia"},"image":{"@id":"https:\/\/test.iridia.cat\/#\/schema\/logo\/image\/"}},{"@type":"Person","@id":"https:\/\/test.iridia.cat\/#\/schema\/person\/4cd6357ca92585af3bb3f05b5c669d5f","name":"Ir\u00eddia","image":{"@type":"ImageObject","inLanguage":"es-ES","@id":"https:\/\/secure.gravatar.com\/avatar\/5b7e0123885b2270f0bc833c606fa7b6ae733761d3e80d47e23ba829fe3bd7f7?s=96&d=mm&r=g","url":"https:\/\/secure.gravatar.com\/avatar\/5b7e0123885b2270f0bc833c606fa7b6ae733761d3e80d47e23ba829fe3bd7f7?s=96&d=mm&r=g","contentUrl":"https:\/\/secure.gravatar.com\/avatar\/5b7e0123885b2270f0bc833c606fa7b6ae733761d3e80d47e23ba829fe3bd7f7?s=96&d=mm&r=g","caption":"Ir\u00eddia"},"url":"https:\/\/iridia.cat\/es\/author\/iridia\/"}]}},"_links":{"self":[{"href":"https:\/\/iridia.cat\/es\/wp-json\/wp\/v2\/posts\/3089","targetHints":{"allow":["GET"]}}],"collection":[{"href":"https:\/\/iridia.cat\/es\/wp-json\/wp\/v2\/posts"}],"about":[{"href":"https:\/\/iridia.cat\/es\/wp-json\/wp\/v2\/types\/post"}],"author":[{"embeddable":true,"href":"https:\/\/iridia.cat\/es\/wp-json\/wp\/v2\/users\/2"}],"replies":[{"embeddable":true,"href":"https:\/\/iridia.cat\/es\/wp-json\/wp\/v2\/comments?post=3089"}],"version-history":[{"count":2,"href":"https:\/\/iridia.cat\/es\/wp-json\/wp\/v2\/posts\/3089\/revisions"}],"predecessor-version":[{"id":3091,"href":"https:\/\/iridia.cat\/es\/wp-json\/wp\/v2\/posts\/3089\/revisions\/3091"}],"wp:featuredmedia":[{"embeddable":true,"href":"https:\/\/iridia.cat\/es\/wp-json\/wp\/v2\/media\/1902"}],"wp:attachment":[{"href":"https:\/\/iridia.cat\/es\/wp-json\/wp\/v2\/media?parent=3089"}],"wp:term":[{"taxonomy":"category","embeddable":true,"href":"https:\/\/iridia.cat\/es\/wp-json\/wp\/v2\/categories?post=3089"},{"taxonomy":"post_tag","embeddable":true,"href":"https:\/\/iridia.cat\/es\/wp-json\/wp\/v2\/tags?post=3089"}],"curies":[{"name":"wp","href":"https:\/\/api.w.org\/{rel}","templated":true}]}}