{"id":3690,"date":"2021-05-12T17:04:37","date_gmt":"2021-05-12T15:04:37","guid":{"rendered":"https:\/\/test.iridia.cat\/el-congres-dels-diputats-aprova-una-pnl-per-limitar-lus-de-les-armes-taser\/"},"modified":"2021-07-15T13:01:05","modified_gmt":"2021-07-15T11:01:05","slug":"el-congres-dels-diputats-aprova-una-pnl-per-limitar-lus-de-les-armes-taser","status":"publish","type":"post","link":"https:\/\/iridia.cat\/es\/el-congres-dels-diputats-aprova-una-pnl-per-limitar-lus-de-les-armes-taser\/","title":{"rendered":"El Congr\u00e9s dels Diputats aprova una PNL per limitar l\u2019\u00fas de les armes t\u00e0ser"},"content":{"rendered":"<h4><strong>El dia 11 de maig es va aprovar a la Comissi\u00f3 d\u2019Interior regular l\u2019\u00fas de les pistoles de desc\u00e0rregues el\u00e8ctriques, conegudes com a armes t\u00e0ser. Ir\u00eddia i Amnistia Internacional van promoure conjuntament l\u2019aprovaci\u00f3 d\u2019aquesta PNL. <\/strong><\/h4>\n<p>La Proposici\u00f3 No de Llei aprovada pel Congr\u00e9s insta al Govern a continuar elaborant protocols p\u00fablics per controlar i limitar l\u2019\u00fas de qualsevol arma d\u2019electroxoc. Tamb\u00e9 pret\u00e9n garantir que els agents policials tinguin una formaci\u00f3 adequada sobre les conseq\u00fc\u00e8ncies que pot tenir el seu \u00fas i en drets humans.<\/p>\n<p>L\u2019\u00fas d\u2019aquest tipus d\u2019armament s\u2019est\u00e0 introduint en diferents cossos de seguretat de l\u2019Estat, com la Policia Nacional, la Gu\u00e0rdia Civil o cossos de policia locals sense que existeixin suficients mecanismes de control i rendici\u00f3 de comptes. Aquesta situaci\u00f3 no garanteix que es respectin els drets humans de la ciutadania, i per tant \u00e9s preocupant.<\/p>\n<p>Les t\u00e0ser s\u00f3n armes amb forma de pistola que disparen dards que apliquen una desc\u00e0rrega el\u00e8ctrica d\u2019uns 50.000 volts en fer impacte amb el cos de la persona, produint una par\u00e0lisi muscular que provoca una incapacitaci\u00f3 temporal. S\u00f3n dispositius que poden resultar molt lesius i arribar a causar, incl\u00f2s, la mort, com s\u2019ha vist en altres pa\u00efsos. Tamb\u00e9 comporten un risc considerable de tortura o altres tractes o penes cruels, inhumanes o degradants.<\/p>\n<p>Per aix\u00f2, la PNL insta al Govern a prohibir el seu \u00fas en mode de contacte directe. Tamb\u00e9 refor\u00e7a la prohibici\u00f3 de desc\u00e0rregues reiterades o perllongades i d\u2019emprar-les contra determinats col\u00b7lectius: menors d\u2019edat, persones amb alteracions emocionals o incapacitat mental o f\u00edsica o persones sota l\u2019efecte de les drogues. Aquestes armes, a m\u00e9s, poden resultar especialment perilloses per a persones amb cardiopaties o embarassades.<\/p>\n<p>Per tal d\u2019assegurar que aquesta regulaci\u00f3 es compleix i que no es fa un \u00fas abusiu de la for\u00e7a, s\u2019insta a l\u2019administraci\u00f3 a dotar els cossos policials de mitjans de control d\u2019aquests dispositius, tenint present que no afectin drets com la privacitat, la intimitat o la pr\u00f2pia imatge, entre altres directrius. Ir\u00eddia i Amnistia Internacional assenyalen, com a mesura clau, la gravaci\u00f3 de cada actuaci\u00f3 amb la finalitat de poder supervisar-les en tots els casos.<\/p>\n<p>Un cop aprovada la PNL, s\u2019insta al Ministeri d\u2019Interior del govern espanyol a aprovar un Protocol d\u2019actuaci\u00f3 de l\u2019\u00fas d\u2019armes t\u00e0ser que fixi la normativa de manera clara i que s\u2019elabori a partir del di\u00e0leg social al voltant d\u2019aquest tipus d\u2019armament i atenent a les recomanacions d\u2019entitats de drets humans, que vetllen perqu\u00e8 es respectin els est\u00e0ndards internacionals.<\/p>\n<p>Les entitats de drets humans reclamen tamb\u00e9 que aquest protocol es faci p\u00fablic i que es normalitzi la transpar\u00e8ncia dels cossos i forces de seguretat de l\u2019Estat. Fa unes setmanes, el Defensor del Poble es va posicionar en la mateixa l\u00ednia.<\/p>\n<p>Per acabar, Ir\u00eddia i Amnistia Internacional demanen un mecanisme independent d\u2019investigaci\u00f3, aix\u00ed com mecanismes de rendici\u00f3 de comptes tant interns &#8211; com l\u2019elaboraci\u00f3 per\u00f2dica d\u2019informes p\u00fablics sobre els incidents en que s\u2019hagin fet servir les armes t\u00e0ser-, com externs.<\/p>\n<div style=\"width: 848px;\" class=\"wp-video\"><video class=\"wp-video-shortcode\" id=\"video-3690-1\" width=\"848\" height=\"480\" preload=\"metadata\" controls=\"controls\"><source type=\"video\/mp4\" src=\"https:\/\/iridia.cat\/wp-content\/uploads\/2021\/05\/WhatsApp-Video-2021-05-12-at-10.58.13.mp4?_=1\" \/><a href=\"https:\/\/iridia.cat\/wp-content\/uploads\/2021\/05\/WhatsApp-Video-2021-05-12-at-10.58.13.mp4\">https:\/\/iridia.cat\/wp-content\/uploads\/2021\/05\/WhatsApp-Video-2021-05-12-at-10.58.13.mp4<\/a><\/video><\/div>\n","protected":false},"excerpt":{"rendered":"<p>El dia 11 de maig es va aprovar a la Comissi\u00f3 d\u2019Interior regular l\u2019\u00fas de les pistoles de desc\u00e0rregues el\u00e8ctriques, conegudes com a armes t\u00e0ser. Ir\u00eddia i Amnistia Internacional van promoure conjuntament l\u2019aprovaci\u00f3 d\u2019aquesta PNL. La Proposici\u00f3 No de Llei aprovada pel Congr\u00e9s insta al Govern a continuar elaborant protocols p\u00fablics per controlar i limitar [&hellip;]<\/p>\n","protected":false},"author":2,"featured_media":3679,"comment_status":"closed","ping_status":"closed","sticky":false,"template":"","format":"standard","meta":{"_acf_changed":false,"footnotes":""},"categories":[3],"tags":[51],"class_list":["post-3690","post","type-post","status-publish","format-standard","has-post-thumbnail","hentry","category-publicaciones","tag-protesta"],"acf":[],"yoast_head":"<!-- This site is optimized with the Yoast SEO plugin v27.4 - https:\/\/yoast.com\/product\/yoast-seo-wordpress\/ -->\n<title>El Congr\u00e9s dels Diputats aprova una PNL per limitar l\u2019\u00fas de les armes t\u00e0ser<\/title>\n<meta name=\"robots\" content=\"index, follow, max-snippet:-1, max-image-preview:large, max-video-preview:-1\" \/>\n<link rel=\"canonical\" href=\"https:\/\/iridia.cat\/es\/el-congres-dels-diputats-aprova-una-pnl-per-limitar-lus-de-les-armes-taser\/\" \/>\n<meta property=\"og:locale\" content=\"es_ES\" \/>\n<meta property=\"og:type\" content=\"article\" \/>\n<meta property=\"og:title\" content=\"El Congr\u00e9s dels Diputats aprova una PNL per limitar l\u2019\u00fas de les armes t\u00e0ser\" \/>\n<meta property=\"og:description\" content=\"El dia 11 de maig es va aprovar a la Comissi\u00f3 d\u2019Interior regular l\u2019\u00fas de les pistoles de desc\u00e0rregues el\u00e8ctriques, conegudes com a armes t\u00e0ser. Ir\u00eddia i Amnistia Internacional van promoure conjuntament l\u2019aprovaci\u00f3 d\u2019aquesta PNL. La Proposici\u00f3 No de Llei aprovada pel Congr\u00e9s insta al Govern a continuar elaborant protocols p\u00fablics per controlar i limitar [&hellip;]\" \/>\n<meta property=\"og:url\" content=\"https:\/\/iridia.cat\/es\/el-congres-dels-diputats-aprova-una-pnl-per-limitar-lus-de-les-armes-taser\/\" \/>\n<meta property=\"og:site_name\" content=\"Ir\u00eddia\" \/>\n<meta property=\"article:published_time\" content=\"2021-05-12T15:04:37+00:00\" \/>\n<meta property=\"article:modified_time\" content=\"2021-07-15T11:01:05+00:00\" \/>\n<meta property=\"og:image\" content=\"https:\/\/iridia.cat\/wp-content\/uploads\/2021\/05\/Taser.jpg\" \/>\n\t<meta property=\"og:image:width\" content=\"1440\" \/>\n\t<meta property=\"og:image:height\" content=\"808\" \/>\n\t<meta property=\"og:image:type\" content=\"image\/jpeg\" \/>\n<meta name=\"author\" content=\"Ir\u00eddia\" \/>\n<meta name=\"twitter:card\" content=\"summary_large_image\" \/>\n<meta name=\"twitter:label1\" content=\"Written by\" \/>\n\t<meta name=\"twitter:data1\" content=\"Ir\u00eddia\" \/>\n\t<meta name=\"twitter:label2\" content=\"Est. reading time\" \/>\n\t<meta name=\"twitter:data2\" content=\"3 minutes\" \/>\n<script type=\"application\/ld+json\" class=\"yoast-schema-graph\">{\"@context\":\"https:\\\/\\\/schema.org\",\"@graph\":[{\"@type\":\"Article\",\"@id\":\"https:\\\/\\\/iridia.cat\\\/es\\\/el-congres-dels-diputats-aprova-una-pnl-per-limitar-lus-de-les-armes-taser\\\/#article\",\"isPartOf\":{\"@id\":\"https:\\\/\\\/iridia.cat\\\/es\\\/el-congres-dels-diputats-aprova-una-pnl-per-limitar-lus-de-les-armes-taser\\\/\"},\"author\":{\"name\":\"Ir\u00eddia\",\"@id\":\"https:\\\/\\\/test.iridia.cat\\\/#\\\/schema\\\/person\\\/4cd6357ca92585af3bb3f05b5c669d5f\"},\"headline\":\"El Congr\u00e9s dels Diputats aprova una PNL per limitar l\u2019\u00fas de les armes t\u00e0ser\",\"datePublished\":\"2021-05-12T15:04:37+00:00\",\"dateModified\":\"2021-07-15T11:01:05+00:00\",\"mainEntityOfPage\":{\"@id\":\"https:\\\/\\\/iridia.cat\\\/es\\\/el-congres-dels-diputats-aprova-una-pnl-per-limitar-lus-de-les-armes-taser\\\/\"},\"wordCount\":587,\"publisher\":{\"@id\":\"https:\\\/\\\/test.iridia.cat\\\/#organization\"},\"image\":{\"@id\":\"https:\\\/\\\/iridia.cat\\\/es\\\/el-congres-dels-diputats-aprova-una-pnl-per-limitar-lus-de-les-armes-taser\\\/#primaryimage\"},\"thumbnailUrl\":\"https:\\\/\\\/iridia.cat\\\/wp-content\\\/uploads\\\/2021\\\/05\\\/Taser.jpg\",\"keywords\":[\"Protesta\"],\"articleSection\":[\"Publicaciones\"],\"inLanguage\":\"es-ES\"},{\"@type\":\"WebPage\",\"@id\":\"https:\\\/\\\/iridia.cat\\\/es\\\/el-congres-dels-diputats-aprova-una-pnl-per-limitar-lus-de-les-armes-taser\\\/\",\"url\":\"https:\\\/\\\/iridia.cat\\\/es\\\/el-congres-dels-diputats-aprova-una-pnl-per-limitar-lus-de-les-armes-taser\\\/\",\"name\":\"El Congr\u00e9s dels Diputats aprova una PNL per limitar l\u2019\u00fas de les armes t\u00e0ser\",\"isPartOf\":{\"@id\":\"https:\\\/\\\/test.iridia.cat\\\/#website\"},\"primaryImageOfPage\":{\"@id\":\"https:\\\/\\\/iridia.cat\\\/es\\\/el-congres-dels-diputats-aprova-una-pnl-per-limitar-lus-de-les-armes-taser\\\/#primaryimage\"},\"image\":{\"@id\":\"https:\\\/\\\/iridia.cat\\\/es\\\/el-congres-dels-diputats-aprova-una-pnl-per-limitar-lus-de-les-armes-taser\\\/#primaryimage\"},\"thumbnailUrl\":\"https:\\\/\\\/iridia.cat\\\/wp-content\\\/uploads\\\/2021\\\/05\\\/Taser.jpg\",\"datePublished\":\"2021-05-12T15:04:37+00:00\",\"dateModified\":\"2021-07-15T11:01:05+00:00\",\"breadcrumb\":{\"@id\":\"https:\\\/\\\/iridia.cat\\\/es\\\/el-congres-dels-diputats-aprova-una-pnl-per-limitar-lus-de-les-armes-taser\\\/#breadcrumb\"},\"inLanguage\":\"es-ES\",\"potentialAction\":[{\"@type\":\"ReadAction\",\"target\":[\"https:\\\/\\\/iridia.cat\\\/es\\\/el-congres-dels-diputats-aprova-una-pnl-per-limitar-lus-de-les-armes-taser\\\/\"]}]},{\"@type\":\"ImageObject\",\"inLanguage\":\"es-ES\",\"@id\":\"https:\\\/\\\/iridia.cat\\\/es\\\/el-congres-dels-diputats-aprova-una-pnl-per-limitar-lus-de-les-armes-taser\\\/#primaryimage\",\"url\":\"https:\\\/\\\/iridia.cat\\\/wp-content\\\/uploads\\\/2021\\\/05\\\/Taser.jpg\",\"contentUrl\":\"https:\\\/\\\/iridia.cat\\\/wp-content\\\/uploads\\\/2021\\\/05\\\/Taser.jpg\",\"width\":1440,\"height\":808},{\"@type\":\"BreadcrumbList\",\"@id\":\"https:\\\/\\\/iridia.cat\\\/es\\\/el-congres-dels-diputats-aprova-una-pnl-per-limitar-lus-de-les-armes-taser\\\/#breadcrumb\",\"itemListElement\":[{\"@type\":\"ListItem\",\"position\":1,\"name\":\"Inici\",\"item\":\"https:\\\/\\\/iridia.cat\\\/es\\\/\"},{\"@type\":\"ListItem\",\"position\":2,\"name\":\"El Congr\u00e9s dels Diputats aprova una PNL per limitar l\u2019\u00fas de les armes t\u00e0ser\"}]},{\"@type\":\"WebSite\",\"@id\":\"https:\\\/\\\/test.iridia.cat\\\/#website\",\"url\":\"https:\\\/\\\/test.iridia.cat\\\/\",\"name\":\"Ir\u00eddia\",\"description\":\"\",\"publisher\":{\"@id\":\"https:\\\/\\\/test.iridia.cat\\\/#organization\"},\"potentialAction\":[{\"@type\":\"SearchAction\",\"target\":{\"@type\":\"EntryPoint\",\"urlTemplate\":\"https:\\\/\\\/test.iridia.cat\\\/?s={search_term_string}\"},\"query-input\":{\"@type\":\"PropertyValueSpecification\",\"valueRequired\":true,\"valueName\":\"search_term_string\"}}],\"inLanguage\":\"es-ES\"},{\"@type\":\"Organization\",\"@id\":\"https:\\\/\\\/test.iridia.cat\\\/#organization\",\"name\":\"Ir\u00eddia\",\"url\":\"https:\\\/\\\/test.iridia.cat\\\/\",\"logo\":{\"@type\":\"ImageObject\",\"inLanguage\":\"es-ES\",\"@id\":\"https:\\\/\\\/test.iridia.cat\\\/#\\\/schema\\\/logo\\\/image\\\/\",\"url\":\"https:\\\/\\\/iridia.cat\\\/wp-content\\\/uploads\\\/2022\\\/10\\\/avatar_iridia.png\",\"contentUrl\":\"https:\\\/\\\/iridia.cat\\\/wp-content\\\/uploads\\\/2022\\\/10\\\/avatar_iridia.png\",\"width\":740,\"height\":220,\"caption\":\"Ir\u00eddia\"},\"image\":{\"@id\":\"https:\\\/\\\/test.iridia.cat\\\/#\\\/schema\\\/logo\\\/image\\\/\"}},{\"@type\":\"Person\",\"@id\":\"https:\\\/\\\/test.iridia.cat\\\/#\\\/schema\\\/person\\\/4cd6357ca92585af3bb3f05b5c669d5f\",\"name\":\"Ir\u00eddia\",\"image\":{\"@type\":\"ImageObject\",\"inLanguage\":\"es-ES\",\"@id\":\"https:\\\/\\\/secure.gravatar.com\\\/avatar\\\/5b7e0123885b2270f0bc833c606fa7b6ae733761d3e80d47e23ba829fe3bd7f7?s=96&d=mm&r=g\",\"url\":\"https:\\\/\\\/secure.gravatar.com\\\/avatar\\\/5b7e0123885b2270f0bc833c606fa7b6ae733761d3e80d47e23ba829fe3bd7f7?s=96&d=mm&r=g\",\"contentUrl\":\"https:\\\/\\\/secure.gravatar.com\\\/avatar\\\/5b7e0123885b2270f0bc833c606fa7b6ae733761d3e80d47e23ba829fe3bd7f7?s=96&d=mm&r=g\",\"caption\":\"Ir\u00eddia\"},\"url\":\"https:\\\/\\\/iridia.cat\\\/es\\\/author\\\/iridia\\\/\"}]}<\/script>\n<!-- \/ Yoast SEO plugin. -->","yoast_head_json":{"title":"El Congr\u00e9s dels Diputats aprova una PNL per limitar l\u2019\u00fas de les armes t\u00e0ser","robots":{"index":"index","follow":"follow","max-snippet":"max-snippet:-1","max-image-preview":"max-image-preview:large","max-video-preview":"max-video-preview:-1"},"canonical":"https:\/\/iridia.cat\/es\/el-congres-dels-diputats-aprova-una-pnl-per-limitar-lus-de-les-armes-taser\/","og_locale":"es_ES","og_type":"article","og_title":"El Congr\u00e9s dels Diputats aprova una PNL per limitar l\u2019\u00fas de les armes t\u00e0ser","og_description":"El dia 11 de maig es va aprovar a la Comissi\u00f3 d\u2019Interior regular l\u2019\u00fas de les pistoles de desc\u00e0rregues el\u00e8ctriques, conegudes com a armes t\u00e0ser. Ir\u00eddia i Amnistia Internacional van promoure conjuntament l\u2019aprovaci\u00f3 d\u2019aquesta PNL. La Proposici\u00f3 No de Llei aprovada pel Congr\u00e9s insta al Govern a continuar elaborant protocols p\u00fablics per controlar i limitar [&hellip;]","og_url":"https:\/\/iridia.cat\/es\/el-congres-dels-diputats-aprova-una-pnl-per-limitar-lus-de-les-armes-taser\/","og_site_name":"Ir\u00eddia","article_published_time":"2021-05-12T15:04:37+00:00","article_modified_time":"2021-07-15T11:01:05+00:00","og_image":[{"width":1440,"height":808,"url":"https:\/\/iridia.cat\/wp-content\/uploads\/2021\/05\/Taser.jpg","type":"image\/jpeg"}],"author":"Ir\u00eddia","twitter_card":"summary_large_image","twitter_misc":{"Written by":"Ir\u00eddia","Est. reading time":"3 minutes"},"schema":{"@context":"https:\/\/schema.org","@graph":[{"@type":"Article","@id":"https:\/\/iridia.cat\/es\/el-congres-dels-diputats-aprova-una-pnl-per-limitar-lus-de-les-armes-taser\/#article","isPartOf":{"@id":"https:\/\/iridia.cat\/es\/el-congres-dels-diputats-aprova-una-pnl-per-limitar-lus-de-les-armes-taser\/"},"author":{"name":"Ir\u00eddia","@id":"https:\/\/test.iridia.cat\/#\/schema\/person\/4cd6357ca92585af3bb3f05b5c669d5f"},"headline":"El Congr\u00e9s dels Diputats aprova una PNL per limitar l\u2019\u00fas de les armes t\u00e0ser","datePublished":"2021-05-12T15:04:37+00:00","dateModified":"2021-07-15T11:01:05+00:00","mainEntityOfPage":{"@id":"https:\/\/iridia.cat\/es\/el-congres-dels-diputats-aprova-una-pnl-per-limitar-lus-de-les-armes-taser\/"},"wordCount":587,"publisher":{"@id":"https:\/\/test.iridia.cat\/#organization"},"image":{"@id":"https:\/\/iridia.cat\/es\/el-congres-dels-diputats-aprova-una-pnl-per-limitar-lus-de-les-armes-taser\/#primaryimage"},"thumbnailUrl":"https:\/\/iridia.cat\/wp-content\/uploads\/2021\/05\/Taser.jpg","keywords":["Protesta"],"articleSection":["Publicaciones"],"inLanguage":"es-ES"},{"@type":"WebPage","@id":"https:\/\/iridia.cat\/es\/el-congres-dels-diputats-aprova-una-pnl-per-limitar-lus-de-les-armes-taser\/","url":"https:\/\/iridia.cat\/es\/el-congres-dels-diputats-aprova-una-pnl-per-limitar-lus-de-les-armes-taser\/","name":"El Congr\u00e9s dels Diputats aprova una PNL per limitar l\u2019\u00fas de les armes t\u00e0ser","isPartOf":{"@id":"https:\/\/test.iridia.cat\/#website"},"primaryImageOfPage":{"@id":"https:\/\/iridia.cat\/es\/el-congres-dels-diputats-aprova-una-pnl-per-limitar-lus-de-les-armes-taser\/#primaryimage"},"image":{"@id":"https:\/\/iridia.cat\/es\/el-congres-dels-diputats-aprova-una-pnl-per-limitar-lus-de-les-armes-taser\/#primaryimage"},"thumbnailUrl":"https:\/\/iridia.cat\/wp-content\/uploads\/2021\/05\/Taser.jpg","datePublished":"2021-05-12T15:04:37+00:00","dateModified":"2021-07-15T11:01:05+00:00","breadcrumb":{"@id":"https:\/\/iridia.cat\/es\/el-congres-dels-diputats-aprova-una-pnl-per-limitar-lus-de-les-armes-taser\/#breadcrumb"},"inLanguage":"es-ES","potentialAction":[{"@type":"ReadAction","target":["https:\/\/iridia.cat\/es\/el-congres-dels-diputats-aprova-una-pnl-per-limitar-lus-de-les-armes-taser\/"]}]},{"@type":"ImageObject","inLanguage":"es-ES","@id":"https:\/\/iridia.cat\/es\/el-congres-dels-diputats-aprova-una-pnl-per-limitar-lus-de-les-armes-taser\/#primaryimage","url":"https:\/\/iridia.cat\/wp-content\/uploads\/2021\/05\/Taser.jpg","contentUrl":"https:\/\/iridia.cat\/wp-content\/uploads\/2021\/05\/Taser.jpg","width":1440,"height":808},{"@type":"BreadcrumbList","@id":"https:\/\/iridia.cat\/es\/el-congres-dels-diputats-aprova-una-pnl-per-limitar-lus-de-les-armes-taser\/#breadcrumb","itemListElement":[{"@type":"ListItem","position":1,"name":"Inici","item":"https:\/\/iridia.cat\/es\/"},{"@type":"ListItem","position":2,"name":"El Congr\u00e9s dels Diputats aprova una PNL per limitar l\u2019\u00fas de les armes t\u00e0ser"}]},{"@type":"WebSite","@id":"https:\/\/test.iridia.cat\/#website","url":"https:\/\/test.iridia.cat\/","name":"Ir\u00eddia","description":"","publisher":{"@id":"https:\/\/test.iridia.cat\/#organization"},"potentialAction":[{"@type":"SearchAction","target":{"@type":"EntryPoint","urlTemplate":"https:\/\/test.iridia.cat\/?s={search_term_string}"},"query-input":{"@type":"PropertyValueSpecification","valueRequired":true,"valueName":"search_term_string"}}],"inLanguage":"es-ES"},{"@type":"Organization","@id":"https:\/\/test.iridia.cat\/#organization","name":"Ir\u00eddia","url":"https:\/\/test.iridia.cat\/","logo":{"@type":"ImageObject","inLanguage":"es-ES","@id":"https:\/\/test.iridia.cat\/#\/schema\/logo\/image\/","url":"https:\/\/iridia.cat\/wp-content\/uploads\/2022\/10\/avatar_iridia.png","contentUrl":"https:\/\/iridia.cat\/wp-content\/uploads\/2022\/10\/avatar_iridia.png","width":740,"height":220,"caption":"Ir\u00eddia"},"image":{"@id":"https:\/\/test.iridia.cat\/#\/schema\/logo\/image\/"}},{"@type":"Person","@id":"https:\/\/test.iridia.cat\/#\/schema\/person\/4cd6357ca92585af3bb3f05b5c669d5f","name":"Ir\u00eddia","image":{"@type":"ImageObject","inLanguage":"es-ES","@id":"https:\/\/secure.gravatar.com\/avatar\/5b7e0123885b2270f0bc833c606fa7b6ae733761d3e80d47e23ba829fe3bd7f7?s=96&d=mm&r=g","url":"https:\/\/secure.gravatar.com\/avatar\/5b7e0123885b2270f0bc833c606fa7b6ae733761d3e80d47e23ba829fe3bd7f7?s=96&d=mm&r=g","contentUrl":"https:\/\/secure.gravatar.com\/avatar\/5b7e0123885b2270f0bc833c606fa7b6ae733761d3e80d47e23ba829fe3bd7f7?s=96&d=mm&r=g","caption":"Ir\u00eddia"},"url":"https:\/\/iridia.cat\/es\/author\/iridia\/"}]}},"_links":{"self":[{"href":"https:\/\/iridia.cat\/es\/wp-json\/wp\/v2\/posts\/3690","targetHints":{"allow":["GET"]}}],"collection":[{"href":"https:\/\/iridia.cat\/es\/wp-json\/wp\/v2\/posts"}],"about":[{"href":"https:\/\/iridia.cat\/es\/wp-json\/wp\/v2\/types\/post"}],"author":[{"embeddable":true,"href":"https:\/\/iridia.cat\/es\/wp-json\/wp\/v2\/users\/2"}],"replies":[{"embeddable":true,"href":"https:\/\/iridia.cat\/es\/wp-json\/wp\/v2\/comments?post=3690"}],"version-history":[{"count":2,"href":"https:\/\/iridia.cat\/es\/wp-json\/wp\/v2\/posts\/3690\/revisions"}],"predecessor-version":[{"id":3722,"href":"https:\/\/iridia.cat\/es\/wp-json\/wp\/v2\/posts\/3690\/revisions\/3722"}],"wp:featuredmedia":[{"embeddable":true,"href":"https:\/\/iridia.cat\/es\/wp-json\/wp\/v2\/media\/3679"}],"wp:attachment":[{"href":"https:\/\/iridia.cat\/es\/wp-json\/wp\/v2\/media?parent=3690"}],"wp:term":[{"taxonomy":"category","embeddable":true,"href":"https:\/\/iridia.cat\/es\/wp-json\/wp\/v2\/categories?post=3690"},{"taxonomy":"post_tag","embeddable":true,"href":"https:\/\/iridia.cat\/es\/wp-json\/wp\/v2\/tags?post=3690"}],"curies":[{"name":"wp","href":"https:\/\/api.w.org\/{rel}","templated":true}]}}