{"id":3858,"date":"2021-06-23T11:28:03","date_gmt":"2021-06-23T09:28:03","guid":{"rendered":"https:\/\/test.iridia.cat\/?p=3858"},"modified":"2021-06-23T11:28:03","modified_gmt":"2021-06-23T09:28:03","slug":"iridia-y-amnistia-internacional-consiguen-que-se-acuerde-la-creacion-de-una-comision-parlamentaria-sobre-el-modelo-policial","status":"publish","type":"post","link":"https:\/\/iridia.cat\/es\/iridia-y-amnistia-internacional-consiguen-que-se-acuerde-la-creacion-de-una-comision-parlamentaria-sobre-el-modelo-policial\/","title":{"rendered":"Ir\u00eddia y Amnist\u00eda Internacional consiguen que se acuerde la creaci\u00f3n de una Comisi\u00f3n Parlamentaria sobre el modelo policial"},"content":{"rendered":"<h3>Hemos logrado, junto a Amnist\u00eda Internacional, que ERC, Junts per Catalunya, la CUP i En Com\u00fa Podem acuerden la creaci\u00f3n de una comisi\u00f3n de estudio sobre el modelo policial y los mecanismos de control de los cuerpos policiales en Catalunya.<\/h3>\n<p>Esta es, desde hace mucho tiempo, una de las principales reivindicaciones de ambas organizaciones. La creaci\u00f3n de esta comisi\u00f3n implica que se destinar\u00e1n recursos y tiempo a la investigaci\u00f3n y el debate parlamentario.<\/p>\n<p>Despu\u00e9s de la grave actuaci\u00f3n policial del pasado 16 de febrero, cuando una joven perdi\u00f3 el ojo por el impacto de una bala de foam, ambas entidades hicimos llegar a los grupos parlamentarios la necesidad de abordar el debate sobre los mecanismos de control de manera profunda y compleja. Por tanto, celebramos que ahora se haya decidido aprobar esta comisi\u00f3n parlamentaria y que se comience a poner el foco en <strong>el an\u00e1lisis y la investigaci\u00f3n de los mecanismos de control, la evaluaci\u00f3n e investigaci\u00f3n de las actuaciones policiales y<\/strong>, finalmente, <strong>la posibilidad de implementar mecanismos independientes de control y fiscalizaci\u00f3n<\/strong> de estas actuaciones.<\/p>\n<p>Adem\u00e1s, la comisi\u00f3n tambi\u00e9n tendr\u00e1 como objetivo una<strong> revisi\u00f3n del modelo de orden p\u00fablico,<\/strong> acompa\u00f1ada de la posibilidad de plantear cambios. Esto incluir\u00e1 un estudio de la transparencia en la informaci\u00f3n y los datos por parte del departamento de Interior; y tambi\u00e9n el an\u00e1lisis de las actuaciones de la divisi\u00f3n de informaci\u00f3n de los Mossos d\u2019Esquadra y el seguimiento que se hace de activistas pol\u00edticos.<\/p>\n<p>Durante los pr\u00f3ximos meses seguiremos de cerca la constituci\u00f3n de la comisi\u00f3n y sus avances y continuaremos trabajando por la mejora de los mecanismos de control y la implementaci\u00f3n de mecanismos independientes, como los que ya existen en otros pa\u00edses como el Reino Unido.<\/p>\n","protected":false},"excerpt":{"rendered":"<p>Hemos logrado, junto a Amnist\u00eda Internacional, que ERC, Junts per Catalunya, la CUP i En Com\u00fa Podem acuerden la creaci\u00f3n de una comisi\u00f3n de estudio sobre el modelo policial y los mecanismos de control de los cuerpos policiales en Catalunya. Esta es, desde hace mucho tiempo, una de las principales reivindicaciones de ambas organizaciones. La [&hellip;]<\/p>\n","protected":false},"author":2,"featured_media":3856,"comment_status":"closed","ping_status":"closed","sticky":false,"template":"","format":"standard","meta":{"_acf_changed":false,"footnotes":""},"categories":[3],"tags":[51],"class_list":["post-3858","post","type-post","status-publish","format-standard","has-post-thumbnail","hentry","category-publicaciones","tag-protesta"],"acf":[],"yoast_head":"<!-- This site is optimized with the Yoast SEO plugin v27.4 - https:\/\/yoast.com\/product\/yoast-seo-wordpress\/ -->\n<title>Ir\u00eddia y Amnist\u00eda Internacional consiguen que se acuerde la creaci\u00f3n de una Comisi\u00f3n Parlamentaria sobre el modelo policial<\/title>\n<meta name=\"robots\" content=\"index, follow, max-snippet:-1, max-image-preview:large, max-video-preview:-1\" \/>\n<link rel=\"canonical\" href=\"https:\/\/iridia.cat\/es\/iridia-y-amnistia-internacional-consiguen-que-se-acuerde-la-creacion-de-una-comision-parlamentaria-sobre-el-modelo-policial\/\" \/>\n<meta property=\"og:locale\" content=\"es_ES\" \/>\n<meta property=\"og:type\" content=\"article\" \/>\n<meta property=\"og:title\" content=\"Ir\u00eddia y Amnist\u00eda Internacional consiguen que se acuerde la creaci\u00f3n de una Comisi\u00f3n Parlamentaria sobre el modelo policial\" \/>\n<meta property=\"og:description\" content=\"Hemos logrado, junto a Amnist\u00eda Internacional, que ERC, Junts per Catalunya, la CUP i En Com\u00fa Podem acuerden la creaci\u00f3n de una comisi\u00f3n de estudio sobre el modelo policial y los mecanismos de control de los cuerpos policiales en Catalunya. Esta es, desde hace mucho tiempo, una de las principales reivindicaciones de ambas organizaciones. La [&hellip;]\" \/>\n<meta property=\"og:url\" content=\"https:\/\/iridia.cat\/es\/iridia-y-amnistia-internacional-consiguen-que-se-acuerde-la-creacion-de-una-comision-parlamentaria-sobre-el-modelo-policial\/\" \/>\n<meta property=\"og:site_name\" content=\"Ir\u00eddia\" \/>\n<meta property=\"article:published_time\" content=\"2021-06-23T09:28:03+00:00\" \/>\n<meta property=\"og:image\" content=\"https:\/\/iridia.cat\/wp-content\/uploads\/2021\/06\/JORDI-BORRAS_MECANISMES-DE-CONTROL.jpg\" \/>\n\t<meta property=\"og:image:width\" content=\"576\" \/>\n\t<meta property=\"og:image:height\" content=\"384\" \/>\n\t<meta property=\"og:image:type\" content=\"image\/jpeg\" \/>\n<meta name=\"author\" content=\"Ir\u00eddia\" \/>\n<meta name=\"twitter:card\" content=\"summary_large_image\" \/>\n<meta name=\"twitter:label1\" content=\"Written by\" \/>\n\t<meta name=\"twitter:data1\" content=\"Ir\u00eddia\" \/>\n\t<meta name=\"twitter:label2\" content=\"Est. reading time\" \/>\n\t<meta name=\"twitter:data2\" content=\"2 minutes\" \/>\n<script type=\"application\/ld+json\" class=\"yoast-schema-graph\">{\"@context\":\"https:\\\/\\\/schema.org\",\"@graph\":[{\"@type\":\"Article\",\"@id\":\"https:\\\/\\\/iridia.cat\\\/es\\\/iridia-y-amnistia-internacional-consiguen-que-se-acuerde-la-creacion-de-una-comision-parlamentaria-sobre-el-modelo-policial\\\/#article\",\"isPartOf\":{\"@id\":\"https:\\\/\\\/iridia.cat\\\/es\\\/iridia-y-amnistia-internacional-consiguen-que-se-acuerde-la-creacion-de-una-comision-parlamentaria-sobre-el-modelo-policial\\\/\"},\"author\":{\"name\":\"Ir\u00eddia\",\"@id\":\"https:\\\/\\\/test.iridia.cat\\\/#\\\/schema\\\/person\\\/4cd6357ca92585af3bb3f05b5c669d5f\"},\"headline\":\"Ir\u00eddia y Amnist\u00eda Internacional consiguen que se acuerde la creaci\u00f3n de una Comisi\u00f3n Parlamentaria sobre el modelo policial\",\"datePublished\":\"2021-06-23T09:28:03+00:00\",\"mainEntityOfPage\":{\"@id\":\"https:\\\/\\\/iridia.cat\\\/es\\\/iridia-y-amnistia-internacional-consiguen-que-se-acuerde-la-creacion-de-una-comision-parlamentaria-sobre-el-modelo-policial\\\/\"},\"wordCount\":339,\"publisher\":{\"@id\":\"https:\\\/\\\/test.iridia.cat\\\/#organization\"},\"image\":{\"@id\":\"https:\\\/\\\/iridia.cat\\\/es\\\/iridia-y-amnistia-internacional-consiguen-que-se-acuerde-la-creacion-de-una-comision-parlamentaria-sobre-el-modelo-policial\\\/#primaryimage\"},\"thumbnailUrl\":\"https:\\\/\\\/iridia.cat\\\/wp-content\\\/uploads\\\/2021\\\/06\\\/JORDI-BORRAS_MECANISMES-DE-CONTROL.jpg\",\"keywords\":[\"Protesta\"],\"articleSection\":[\"Publicaciones\"],\"inLanguage\":\"es-ES\"},{\"@type\":\"WebPage\",\"@id\":\"https:\\\/\\\/iridia.cat\\\/es\\\/iridia-y-amnistia-internacional-consiguen-que-se-acuerde-la-creacion-de-una-comision-parlamentaria-sobre-el-modelo-policial\\\/\",\"url\":\"https:\\\/\\\/iridia.cat\\\/es\\\/iridia-y-amnistia-internacional-consiguen-que-se-acuerde-la-creacion-de-una-comision-parlamentaria-sobre-el-modelo-policial\\\/\",\"name\":\"Ir\u00eddia y Amnist\u00eda Internacional consiguen que se acuerde la creaci\u00f3n de una Comisi\u00f3n Parlamentaria sobre el modelo policial\",\"isPartOf\":{\"@id\":\"https:\\\/\\\/test.iridia.cat\\\/#website\"},\"primaryImageOfPage\":{\"@id\":\"https:\\\/\\\/iridia.cat\\\/es\\\/iridia-y-amnistia-internacional-consiguen-que-se-acuerde-la-creacion-de-una-comision-parlamentaria-sobre-el-modelo-policial\\\/#primaryimage\"},\"image\":{\"@id\":\"https:\\\/\\\/iridia.cat\\\/es\\\/iridia-y-amnistia-internacional-consiguen-que-se-acuerde-la-creacion-de-una-comision-parlamentaria-sobre-el-modelo-policial\\\/#primaryimage\"},\"thumbnailUrl\":\"https:\\\/\\\/iridia.cat\\\/wp-content\\\/uploads\\\/2021\\\/06\\\/JORDI-BORRAS_MECANISMES-DE-CONTROL.jpg\",\"datePublished\":\"2021-06-23T09:28:03+00:00\",\"breadcrumb\":{\"@id\":\"https:\\\/\\\/iridia.cat\\\/es\\\/iridia-y-amnistia-internacional-consiguen-que-se-acuerde-la-creacion-de-una-comision-parlamentaria-sobre-el-modelo-policial\\\/#breadcrumb\"},\"inLanguage\":\"es-ES\",\"potentialAction\":[{\"@type\":\"ReadAction\",\"target\":[\"https:\\\/\\\/iridia.cat\\\/es\\\/iridia-y-amnistia-internacional-consiguen-que-se-acuerde-la-creacion-de-una-comision-parlamentaria-sobre-el-modelo-policial\\\/\"]}]},{\"@type\":\"ImageObject\",\"inLanguage\":\"es-ES\",\"@id\":\"https:\\\/\\\/iridia.cat\\\/es\\\/iridia-y-amnistia-internacional-consiguen-que-se-acuerde-la-creacion-de-una-comision-parlamentaria-sobre-el-modelo-policial\\\/#primaryimage\",\"url\":\"https:\\\/\\\/iridia.cat\\\/wp-content\\\/uploads\\\/2021\\\/06\\\/JORDI-BORRAS_MECANISMES-DE-CONTROL.jpg\",\"contentUrl\":\"https:\\\/\\\/iridia.cat\\\/wp-content\\\/uploads\\\/2021\\\/06\\\/JORDI-BORRAS_MECANISMES-DE-CONTROL.jpg\",\"width\":576,\"height\":384,\"caption\":\"Fotograf\u00eda de Jordi Borr\u00e0s para Naci\u00f3 Digital.\"},{\"@type\":\"BreadcrumbList\",\"@id\":\"https:\\\/\\\/iridia.cat\\\/es\\\/iridia-y-amnistia-internacional-consiguen-que-se-acuerde-la-creacion-de-una-comision-parlamentaria-sobre-el-modelo-policial\\\/#breadcrumb\",\"itemListElement\":[{\"@type\":\"ListItem\",\"position\":1,\"name\":\"Inici\",\"item\":\"https:\\\/\\\/iridia.cat\\\/es\\\/\"},{\"@type\":\"ListItem\",\"position\":2,\"name\":\"Ir\u00eddia y Amnist\u00eda Internacional consiguen que se acuerde la creaci\u00f3n de una Comisi\u00f3n Parlamentaria sobre el modelo policial\"}]},{\"@type\":\"WebSite\",\"@id\":\"https:\\\/\\\/test.iridia.cat\\\/#website\",\"url\":\"https:\\\/\\\/test.iridia.cat\\\/\",\"name\":\"Ir\u00eddia\",\"description\":\"\",\"publisher\":{\"@id\":\"https:\\\/\\\/test.iridia.cat\\\/#organization\"},\"potentialAction\":[{\"@type\":\"SearchAction\",\"target\":{\"@type\":\"EntryPoint\",\"urlTemplate\":\"https:\\\/\\\/test.iridia.cat\\\/?s={search_term_string}\"},\"query-input\":{\"@type\":\"PropertyValueSpecification\",\"valueRequired\":true,\"valueName\":\"search_term_string\"}}],\"inLanguage\":\"es-ES\"},{\"@type\":\"Organization\",\"@id\":\"https:\\\/\\\/test.iridia.cat\\\/#organization\",\"name\":\"Ir\u00eddia\",\"url\":\"https:\\\/\\\/test.iridia.cat\\\/\",\"logo\":{\"@type\":\"ImageObject\",\"inLanguage\":\"es-ES\",\"@id\":\"https:\\\/\\\/test.iridia.cat\\\/#\\\/schema\\\/logo\\\/image\\\/\",\"url\":\"https:\\\/\\\/iridia.cat\\\/wp-content\\\/uploads\\\/2022\\\/10\\\/avatar_iridia.png\",\"contentUrl\":\"https:\\\/\\\/iridia.cat\\\/wp-content\\\/uploads\\\/2022\\\/10\\\/avatar_iridia.png\",\"width\":740,\"height\":220,\"caption\":\"Ir\u00eddia\"},\"image\":{\"@id\":\"https:\\\/\\\/test.iridia.cat\\\/#\\\/schema\\\/logo\\\/image\\\/\"}},{\"@type\":\"Person\",\"@id\":\"https:\\\/\\\/test.iridia.cat\\\/#\\\/schema\\\/person\\\/4cd6357ca92585af3bb3f05b5c669d5f\",\"name\":\"Ir\u00eddia\",\"image\":{\"@type\":\"ImageObject\",\"inLanguage\":\"es-ES\",\"@id\":\"https:\\\/\\\/secure.gravatar.com\\\/avatar\\\/5b7e0123885b2270f0bc833c606fa7b6ae733761d3e80d47e23ba829fe3bd7f7?s=96&d=mm&r=g\",\"url\":\"https:\\\/\\\/secure.gravatar.com\\\/avatar\\\/5b7e0123885b2270f0bc833c606fa7b6ae733761d3e80d47e23ba829fe3bd7f7?s=96&d=mm&r=g\",\"contentUrl\":\"https:\\\/\\\/secure.gravatar.com\\\/avatar\\\/5b7e0123885b2270f0bc833c606fa7b6ae733761d3e80d47e23ba829fe3bd7f7?s=96&d=mm&r=g\",\"caption\":\"Ir\u00eddia\"},\"url\":\"https:\\\/\\\/iridia.cat\\\/es\\\/author\\\/iridia\\\/\"}]}<\/script>\n<!-- \/ Yoast SEO plugin. -->","yoast_head_json":{"title":"Ir\u00eddia y Amnist\u00eda Internacional consiguen que se acuerde la creaci\u00f3n de una Comisi\u00f3n Parlamentaria sobre el modelo policial","robots":{"index":"index","follow":"follow","max-snippet":"max-snippet:-1","max-image-preview":"max-image-preview:large","max-video-preview":"max-video-preview:-1"},"canonical":"https:\/\/iridia.cat\/es\/iridia-y-amnistia-internacional-consiguen-que-se-acuerde-la-creacion-de-una-comision-parlamentaria-sobre-el-modelo-policial\/","og_locale":"es_ES","og_type":"article","og_title":"Ir\u00eddia y Amnist\u00eda Internacional consiguen que se acuerde la creaci\u00f3n de una Comisi\u00f3n Parlamentaria sobre el modelo policial","og_description":"Hemos logrado, junto a Amnist\u00eda Internacional, que ERC, Junts per Catalunya, la CUP i En Com\u00fa Podem acuerden la creaci\u00f3n de una comisi\u00f3n de estudio sobre el modelo policial y los mecanismos de control de los cuerpos policiales en Catalunya. Esta es, desde hace mucho tiempo, una de las principales reivindicaciones de ambas organizaciones. La [&hellip;]","og_url":"https:\/\/iridia.cat\/es\/iridia-y-amnistia-internacional-consiguen-que-se-acuerde-la-creacion-de-una-comision-parlamentaria-sobre-el-modelo-policial\/","og_site_name":"Ir\u00eddia","article_published_time":"2021-06-23T09:28:03+00:00","og_image":[{"width":576,"height":384,"url":"https:\/\/iridia.cat\/wp-content\/uploads\/2021\/06\/JORDI-BORRAS_MECANISMES-DE-CONTROL.jpg","type":"image\/jpeg"}],"author":"Ir\u00eddia","twitter_card":"summary_large_image","twitter_misc":{"Written by":"Ir\u00eddia","Est. reading time":"2 minutes"},"schema":{"@context":"https:\/\/schema.org","@graph":[{"@type":"Article","@id":"https:\/\/iridia.cat\/es\/iridia-y-amnistia-internacional-consiguen-que-se-acuerde-la-creacion-de-una-comision-parlamentaria-sobre-el-modelo-policial\/#article","isPartOf":{"@id":"https:\/\/iridia.cat\/es\/iridia-y-amnistia-internacional-consiguen-que-se-acuerde-la-creacion-de-una-comision-parlamentaria-sobre-el-modelo-policial\/"},"author":{"name":"Ir\u00eddia","@id":"https:\/\/test.iridia.cat\/#\/schema\/person\/4cd6357ca92585af3bb3f05b5c669d5f"},"headline":"Ir\u00eddia y Amnist\u00eda Internacional consiguen que se acuerde la creaci\u00f3n de una Comisi\u00f3n Parlamentaria sobre el modelo policial","datePublished":"2021-06-23T09:28:03+00:00","mainEntityOfPage":{"@id":"https:\/\/iridia.cat\/es\/iridia-y-amnistia-internacional-consiguen-que-se-acuerde-la-creacion-de-una-comision-parlamentaria-sobre-el-modelo-policial\/"},"wordCount":339,"publisher":{"@id":"https:\/\/test.iridia.cat\/#organization"},"image":{"@id":"https:\/\/iridia.cat\/es\/iridia-y-amnistia-internacional-consiguen-que-se-acuerde-la-creacion-de-una-comision-parlamentaria-sobre-el-modelo-policial\/#primaryimage"},"thumbnailUrl":"https:\/\/iridia.cat\/wp-content\/uploads\/2021\/06\/JORDI-BORRAS_MECANISMES-DE-CONTROL.jpg","keywords":["Protesta"],"articleSection":["Publicaciones"],"inLanguage":"es-ES"},{"@type":"WebPage","@id":"https:\/\/iridia.cat\/es\/iridia-y-amnistia-internacional-consiguen-que-se-acuerde-la-creacion-de-una-comision-parlamentaria-sobre-el-modelo-policial\/","url":"https:\/\/iridia.cat\/es\/iridia-y-amnistia-internacional-consiguen-que-se-acuerde-la-creacion-de-una-comision-parlamentaria-sobre-el-modelo-policial\/","name":"Ir\u00eddia y Amnist\u00eda Internacional consiguen que se acuerde la creaci\u00f3n de una Comisi\u00f3n Parlamentaria sobre el modelo policial","isPartOf":{"@id":"https:\/\/test.iridia.cat\/#website"},"primaryImageOfPage":{"@id":"https:\/\/iridia.cat\/es\/iridia-y-amnistia-internacional-consiguen-que-se-acuerde-la-creacion-de-una-comision-parlamentaria-sobre-el-modelo-policial\/#primaryimage"},"image":{"@id":"https:\/\/iridia.cat\/es\/iridia-y-amnistia-internacional-consiguen-que-se-acuerde-la-creacion-de-una-comision-parlamentaria-sobre-el-modelo-policial\/#primaryimage"},"thumbnailUrl":"https:\/\/iridia.cat\/wp-content\/uploads\/2021\/06\/JORDI-BORRAS_MECANISMES-DE-CONTROL.jpg","datePublished":"2021-06-23T09:28:03+00:00","breadcrumb":{"@id":"https:\/\/iridia.cat\/es\/iridia-y-amnistia-internacional-consiguen-que-se-acuerde-la-creacion-de-una-comision-parlamentaria-sobre-el-modelo-policial\/#breadcrumb"},"inLanguage":"es-ES","potentialAction":[{"@type":"ReadAction","target":["https:\/\/iridia.cat\/es\/iridia-y-amnistia-internacional-consiguen-que-se-acuerde-la-creacion-de-una-comision-parlamentaria-sobre-el-modelo-policial\/"]}]},{"@type":"ImageObject","inLanguage":"es-ES","@id":"https:\/\/iridia.cat\/es\/iridia-y-amnistia-internacional-consiguen-que-se-acuerde-la-creacion-de-una-comision-parlamentaria-sobre-el-modelo-policial\/#primaryimage","url":"https:\/\/iridia.cat\/wp-content\/uploads\/2021\/06\/JORDI-BORRAS_MECANISMES-DE-CONTROL.jpg","contentUrl":"https:\/\/iridia.cat\/wp-content\/uploads\/2021\/06\/JORDI-BORRAS_MECANISMES-DE-CONTROL.jpg","width":576,"height":384,"caption":"Fotograf\u00eda de Jordi Borr\u00e0s para Naci\u00f3 Digital."},{"@type":"BreadcrumbList","@id":"https:\/\/iridia.cat\/es\/iridia-y-amnistia-internacional-consiguen-que-se-acuerde-la-creacion-de-una-comision-parlamentaria-sobre-el-modelo-policial\/#breadcrumb","itemListElement":[{"@type":"ListItem","position":1,"name":"Inici","item":"https:\/\/iridia.cat\/es\/"},{"@type":"ListItem","position":2,"name":"Ir\u00eddia y Amnist\u00eda Internacional consiguen que se acuerde la creaci\u00f3n de una Comisi\u00f3n Parlamentaria sobre el modelo policial"}]},{"@type":"WebSite","@id":"https:\/\/test.iridia.cat\/#website","url":"https:\/\/test.iridia.cat\/","name":"Ir\u00eddia","description":"","publisher":{"@id":"https:\/\/test.iridia.cat\/#organization"},"potentialAction":[{"@type":"SearchAction","target":{"@type":"EntryPoint","urlTemplate":"https:\/\/test.iridia.cat\/?s={search_term_string}"},"query-input":{"@type":"PropertyValueSpecification","valueRequired":true,"valueName":"search_term_string"}}],"inLanguage":"es-ES"},{"@type":"Organization","@id":"https:\/\/test.iridia.cat\/#organization","name":"Ir\u00eddia","url":"https:\/\/test.iridia.cat\/","logo":{"@type":"ImageObject","inLanguage":"es-ES","@id":"https:\/\/test.iridia.cat\/#\/schema\/logo\/image\/","url":"https:\/\/iridia.cat\/wp-content\/uploads\/2022\/10\/avatar_iridia.png","contentUrl":"https:\/\/iridia.cat\/wp-content\/uploads\/2022\/10\/avatar_iridia.png","width":740,"height":220,"caption":"Ir\u00eddia"},"image":{"@id":"https:\/\/test.iridia.cat\/#\/schema\/logo\/image\/"}},{"@type":"Person","@id":"https:\/\/test.iridia.cat\/#\/schema\/person\/4cd6357ca92585af3bb3f05b5c669d5f","name":"Ir\u00eddia","image":{"@type":"ImageObject","inLanguage":"es-ES","@id":"https:\/\/secure.gravatar.com\/avatar\/5b7e0123885b2270f0bc833c606fa7b6ae733761d3e80d47e23ba829fe3bd7f7?s=96&d=mm&r=g","url":"https:\/\/secure.gravatar.com\/avatar\/5b7e0123885b2270f0bc833c606fa7b6ae733761d3e80d47e23ba829fe3bd7f7?s=96&d=mm&r=g","contentUrl":"https:\/\/secure.gravatar.com\/avatar\/5b7e0123885b2270f0bc833c606fa7b6ae733761d3e80d47e23ba829fe3bd7f7?s=96&d=mm&r=g","caption":"Ir\u00eddia"},"url":"https:\/\/iridia.cat\/es\/author\/iridia\/"}]}},"_links":{"self":[{"href":"https:\/\/iridia.cat\/es\/wp-json\/wp\/v2\/posts\/3858","targetHints":{"allow":["GET"]}}],"collection":[{"href":"https:\/\/iridia.cat\/es\/wp-json\/wp\/v2\/posts"}],"about":[{"href":"https:\/\/iridia.cat\/es\/wp-json\/wp\/v2\/types\/post"}],"author":[{"embeddable":true,"href":"https:\/\/iridia.cat\/es\/wp-json\/wp\/v2\/users\/2"}],"replies":[{"embeddable":true,"href":"https:\/\/iridia.cat\/es\/wp-json\/wp\/v2\/comments?post=3858"}],"version-history":[{"count":1,"href":"https:\/\/iridia.cat\/es\/wp-json\/wp\/v2\/posts\/3858\/revisions"}],"predecessor-version":[{"id":3859,"href":"https:\/\/iridia.cat\/es\/wp-json\/wp\/v2\/posts\/3858\/revisions\/3859"}],"wp:featuredmedia":[{"embeddable":true,"href":"https:\/\/iridia.cat\/es\/wp-json\/wp\/v2\/media\/3856"}],"wp:attachment":[{"href":"https:\/\/iridia.cat\/es\/wp-json\/wp\/v2\/media?parent=3858"}],"wp:term":[{"taxonomy":"category","embeddable":true,"href":"https:\/\/iridia.cat\/es\/wp-json\/wp\/v2\/categories?post=3858"},{"taxonomy":"post_tag","embeddable":true,"href":"https:\/\/iridia.cat\/es\/wp-json\/wp\/v2\/tags?post=3858"}],"curies":[{"name":"wp","href":"https:\/\/api.w.org\/{rel}","templated":true}]}}