{"id":4190,"date":"2021-10-26T12:12:42","date_gmt":"2021-10-26T10:12:42","guid":{"rendered":"https:\/\/test.iridia.cat\/?p=4190"},"modified":"2024-03-21T13:06:21","modified_gmt":"2024-03-21T12:06:21","slug":"los-juzgados-de-control-ordenan-al-cie-restablecer-las-visitas-de-familiares-y-entidades","status":"publish","type":"post","link":"https:\/\/iridia.cat\/es\/los-juzgados-de-control-ordenan-al-cie-restablecer-las-visitas-de-familiares-y-entidades\/","title":{"rendered":"Los Juzgados de Control ordenan al CIE restablecer las visitas de familiares y entidades"},"content":{"rendered":"<h3>&#8220;La medida llega d\u00edas despu\u00e9s de que entidades de derechos humanos y colectivos antirracistas hayan denunciado vulneraciones graves en el CIE en una rueda de prensa y una concentraci\u00f3n y 9 meses despu\u00e9s de haberlo pedido repetidamente por v\u00eda judicial.&#8221;.<\/h3>\n<p>Barcelona, 18 de junio de 2021. Organizaciones de derechos humanos y colectivos antirracistas celebran la decisi\u00f3n tomada el jueves 17 de junio por parte de los Juzgados de Control del CIE. Aun as\u00ed, es una decisi\u00f3n que llega tarde (9 meses desde la reanudaci\u00f3n de los internamientos en Barcelona) y que solo se ha producido fruto de la presi\u00f3n social. Recordamos que con motivo del 15 de junio, D\u00eda contra los Centros de Internamiento de Extranjeros, se hizo p\u00fablico un Manifiesto pidiendo el cierre de los CIE y revertir la violencia institucional, con 147 adhesiones colectivas y 429 adhesiones personales.<\/p>\n<p>Consideran que, nuevamente, cuando la sociedad civil organizada denuncia y toma las calles es capaz de generar cambios para garantizar derechos. Desgraciadamente, durante los meses de pandemia, desde que lo CIE reabri\u00f3 el octubre de 2020, y hasta d\u00eda de hoy, se ha vuelto a vivir una etapa muy preocupante en la cual ni la Direcci\u00f3n del CIE ni los Juzgados de Control han actuado de forma eficaz ni bastante diligente ante las denuncias y quejas interpuestas por las organizaciones de derechos humanos.<\/p>\n<p>Adem\u00e1s de su falta de actuaci\u00f3n coordinada y r\u00e1pida, han permitido mantener hasta hoy la prohibici\u00f3n de visitas de familiares y entidades, as\u00ed como la obstaculizaci\u00f3n del trabajo de abogados y abogadas diferentes a la profesional designada por el procedimiento de extranjer\u00eda. Hay que destacar que el sistema de visitas de abogadas ha consistido en videoconferencias solo posibles en horario de 3 horas los martes, en las cuales ha estado presente un agente policial, impidiendo as\u00ed la confidencialidad que merece este tipo de comunicaciones -sin mencionar el hecho que sigue sin haber servicio de traducci\u00f3n y\/o interpretaci\u00f3n a las lenguas de los internos-. Consideran que se han mantenido durante meses graves vulneraciones de derechos, como por ejemplo el derecho de visitas o el derecho de defensa.<\/p>\n<p>El hecho que ni la Direcci\u00f3n del CIE ni los Juzgados de Control no hayan tomado medidas encaminadas a garantizar escrupulosamente los derechos de las personas contagiadas o que eran contacto estrecho de personas contagiadas de covid 19 muestra la carencia de respeto y sensibilidad verso los derechos de las personas internadas en el CIE y muestra tambi\u00e9n que la pandemia ha sido una excusa para profundizar la opacidad del centro. Ignorar desde hace meses el cumplimiento de los derechos de las personas migrantes es una muestra de racismo institucional intolerable.<\/p>\n<p>Quieren poner de manifiesto que continuar\u00e1n trabajando porque se depuren responsabilidades en los caso denunciados desde octubre, porque se respeten los derechos de las personas internadas, as\u00ed como por el cierre de los *CIE, el fin de las deportaciones y un cambio de paradigma en las pol\u00edticas migratorias que contemple una regularizaci\u00f3n urgente, permanente y sin condiciones.<\/p>\n<p><strong>Contra el racismo institucional, cerramos los CIE. Sobran razones.<\/strong><\/p>\n<p><strong>Entidades firmantes:<\/strong> Ir\u00eddia, Migra Studium, Tanquem els CIE, Movimiento Regularizaci\u00f3n Ya, Sindicat Popular de Venedors Ambulants<\/p>\n","protected":false},"excerpt":{"rendered":"<p>&#8220;La medida llega d\u00edas despu\u00e9s de que entidades de derechos humanos y colectivos antirracistas hayan denunciado vulneraciones graves en el CIE en una rueda de prensa y una concentraci\u00f3n y 9 meses despu\u00e9s de haberlo pedido repetidamente por v\u00eda judicial.&#8221;. Barcelona, 18 de junio de 2021. Organizaciones de derechos humanos y colectivos antirracistas celebran la [&hellip;]<\/p>\n","protected":false},"author":2,"featured_media":3851,"comment_status":"closed","ping_status":"closed","sticky":false,"template":"","format":"standard","meta":{"_acf_changed":false,"footnotes":""},"categories":[3],"tags":[144],"class_list":["post-4190","post","type-post","status-publish","format-standard","has-post-thumbnail","hentry","category-publicaciones","tag-migracions-es-2"],"acf":[],"yoast_head":"<!-- This site is optimized with the Yoast SEO plugin v27.4 - https:\/\/yoast.com\/product\/yoast-seo-wordpress\/ -->\n<title>Los Juzgados de Control ordenan al CIE restablecer las visitas de familiares y entidades<\/title>\n<meta name=\"robots\" content=\"index, follow, max-snippet:-1, max-image-preview:large, max-video-preview:-1\" \/>\n<link rel=\"canonical\" href=\"https:\/\/iridia.cat\/es\/los-juzgados-de-control-ordenan-al-cie-restablecer-las-visitas-de-familiares-y-entidades\/\" \/>\n<meta property=\"og:locale\" content=\"es_ES\" \/>\n<meta property=\"og:type\" content=\"article\" \/>\n<meta property=\"og:title\" content=\"Los Juzgados de Control ordenan al CIE restablecer las visitas de familiares y entidades\" \/>\n<meta property=\"og:description\" content=\"&#8220;La medida llega d\u00edas despu\u00e9s de que entidades de derechos humanos y colectivos antirracistas hayan denunciado vulneraciones graves en el CIE en una rueda de prensa y una concentraci\u00f3n y 9 meses despu\u00e9s de haberlo pedido repetidamente por v\u00eda judicial.&#8221;. Barcelona, 18 de junio de 2021. Organizaciones de derechos humanos y colectivos antirracistas celebran la [&hellip;]\" \/>\n<meta property=\"og:url\" content=\"https:\/\/iridia.cat\/es\/los-juzgados-de-control-ordenan-al-cie-restablecer-las-visitas-de-familiares-y-entidades\/\" \/>\n<meta property=\"og:site_name\" content=\"Ir\u00eddia\" \/>\n<meta property=\"article:published_time\" content=\"2021-10-26T10:12:42+00:00\" \/>\n<meta property=\"article:modified_time\" content=\"2024-03-21T12:06:21+00:00\" \/>\n<meta property=\"og:image\" content=\"https:\/\/iridia.cat\/wp-content\/uploads\/2021\/06\/IMG_4723.jpg\" \/>\n\t<meta property=\"og:image:width\" content=\"1280\" \/>\n\t<meta property=\"og:image:height\" content=\"960\" \/>\n\t<meta property=\"og:image:type\" content=\"image\/jpeg\" \/>\n<meta name=\"author\" content=\"Ir\u00eddia\" \/>\n<meta name=\"twitter:card\" content=\"summary_large_image\" \/>\n<meta name=\"twitter:label1\" content=\"Written by\" \/>\n\t<meta name=\"twitter:data1\" content=\"Ir\u00eddia\" \/>\n\t<meta name=\"twitter:label2\" content=\"Est. reading time\" \/>\n\t<meta name=\"twitter:data2\" content=\"4 minutes\" \/>\n<script type=\"application\/ld+json\" class=\"yoast-schema-graph\">{\"@context\":\"https:\\\/\\\/schema.org\",\"@graph\":[{\"@type\":\"Article\",\"@id\":\"https:\\\/\\\/iridia.cat\\\/es\\\/los-juzgados-de-control-ordenan-al-cie-restablecer-las-visitas-de-familiares-y-entidades\\\/#article\",\"isPartOf\":{\"@id\":\"https:\\\/\\\/iridia.cat\\\/es\\\/los-juzgados-de-control-ordenan-al-cie-restablecer-las-visitas-de-familiares-y-entidades\\\/\"},\"author\":{\"name\":\"Ir\u00eddia\",\"@id\":\"https:\\\/\\\/test.iridia.cat\\\/#\\\/schema\\\/person\\\/4cd6357ca92585af3bb3f05b5c669d5f\"},\"headline\":\"Los Juzgados de Control ordenan al CIE restablecer las visitas de familiares y entidades\",\"datePublished\":\"2021-10-26T10:12:42+00:00\",\"dateModified\":\"2024-03-21T12:06:21+00:00\",\"mainEntityOfPage\":{\"@id\":\"https:\\\/\\\/iridia.cat\\\/es\\\/los-juzgados-de-control-ordenan-al-cie-restablecer-las-visitas-de-familiares-y-entidades\\\/\"},\"wordCount\":554,\"publisher\":{\"@id\":\"https:\\\/\\\/test.iridia.cat\\\/#organization\"},\"image\":{\"@id\":\"https:\\\/\\\/iridia.cat\\\/es\\\/los-juzgados-de-control-ordenan-al-cie-restablecer-las-visitas-de-familiares-y-entidades\\\/#primaryimage\"},\"thumbnailUrl\":\"https:\\\/\\\/iridia.cat\\\/wp-content\\\/uploads\\\/2021\\\/06\\\/IMG_4723.jpg\",\"keywords\":[\"Migraciones\"],\"articleSection\":[\"Publicaciones\"],\"inLanguage\":\"es-ES\"},{\"@type\":\"WebPage\",\"@id\":\"https:\\\/\\\/iridia.cat\\\/es\\\/los-juzgados-de-control-ordenan-al-cie-restablecer-las-visitas-de-familiares-y-entidades\\\/\",\"url\":\"https:\\\/\\\/iridia.cat\\\/es\\\/los-juzgados-de-control-ordenan-al-cie-restablecer-las-visitas-de-familiares-y-entidades\\\/\",\"name\":\"Los Juzgados de Control ordenan al CIE restablecer las visitas de familiares y entidades\",\"isPartOf\":{\"@id\":\"https:\\\/\\\/test.iridia.cat\\\/#website\"},\"primaryImageOfPage\":{\"@id\":\"https:\\\/\\\/iridia.cat\\\/es\\\/los-juzgados-de-control-ordenan-al-cie-restablecer-las-visitas-de-familiares-y-entidades\\\/#primaryimage\"},\"image\":{\"@id\":\"https:\\\/\\\/iridia.cat\\\/es\\\/los-juzgados-de-control-ordenan-al-cie-restablecer-las-visitas-de-familiares-y-entidades\\\/#primaryimage\"},\"thumbnailUrl\":\"https:\\\/\\\/iridia.cat\\\/wp-content\\\/uploads\\\/2021\\\/06\\\/IMG_4723.jpg\",\"datePublished\":\"2021-10-26T10:12:42+00:00\",\"dateModified\":\"2024-03-21T12:06:21+00:00\",\"breadcrumb\":{\"@id\":\"https:\\\/\\\/iridia.cat\\\/es\\\/los-juzgados-de-control-ordenan-al-cie-restablecer-las-visitas-de-familiares-y-entidades\\\/#breadcrumb\"},\"inLanguage\":\"es-ES\",\"potentialAction\":[{\"@type\":\"ReadAction\",\"target\":[\"https:\\\/\\\/iridia.cat\\\/es\\\/los-juzgados-de-control-ordenan-al-cie-restablecer-las-visitas-de-familiares-y-entidades\\\/\"]}]},{\"@type\":\"ImageObject\",\"inLanguage\":\"es-ES\",\"@id\":\"https:\\\/\\\/iridia.cat\\\/es\\\/los-juzgados-de-control-ordenan-al-cie-restablecer-las-visitas-de-familiares-y-entidades\\\/#primaryimage\",\"url\":\"https:\\\/\\\/iridia.cat\\\/wp-content\\\/uploads\\\/2021\\\/06\\\/IMG_4723.jpg\",\"contentUrl\":\"https:\\\/\\\/iridia.cat\\\/wp-content\\\/uploads\\\/2021\\\/06\\\/IMG_4723.jpg\",\"width\":1280,\"height\":960,\"caption\":\"Concentraci\u00f3 davant del CIE el dia 12 de juny. Font pr\u00f2pia.\"},{\"@type\":\"BreadcrumbList\",\"@id\":\"https:\\\/\\\/iridia.cat\\\/es\\\/los-juzgados-de-control-ordenan-al-cie-restablecer-las-visitas-de-familiares-y-entidades\\\/#breadcrumb\",\"itemListElement\":[{\"@type\":\"ListItem\",\"position\":1,\"name\":\"Inici\",\"item\":\"https:\\\/\\\/iridia.cat\\\/es\\\/\"},{\"@type\":\"ListItem\",\"position\":2,\"name\":\"Los Juzgados de Control ordenan al CIE restablecer las visitas de familiares y entidades\"}]},{\"@type\":\"WebSite\",\"@id\":\"https:\\\/\\\/test.iridia.cat\\\/#website\",\"url\":\"https:\\\/\\\/test.iridia.cat\\\/\",\"name\":\"Ir\u00eddia\",\"description\":\"\",\"publisher\":{\"@id\":\"https:\\\/\\\/test.iridia.cat\\\/#organization\"},\"potentialAction\":[{\"@type\":\"SearchAction\",\"target\":{\"@type\":\"EntryPoint\",\"urlTemplate\":\"https:\\\/\\\/test.iridia.cat\\\/?s={search_term_string}\"},\"query-input\":{\"@type\":\"PropertyValueSpecification\",\"valueRequired\":true,\"valueName\":\"search_term_string\"}}],\"inLanguage\":\"es-ES\"},{\"@type\":\"Organization\",\"@id\":\"https:\\\/\\\/test.iridia.cat\\\/#organization\",\"name\":\"Ir\u00eddia\",\"url\":\"https:\\\/\\\/test.iridia.cat\\\/\",\"logo\":{\"@type\":\"ImageObject\",\"inLanguage\":\"es-ES\",\"@id\":\"https:\\\/\\\/test.iridia.cat\\\/#\\\/schema\\\/logo\\\/image\\\/\",\"url\":\"https:\\\/\\\/iridia.cat\\\/wp-content\\\/uploads\\\/2022\\\/10\\\/avatar_iridia.png\",\"contentUrl\":\"https:\\\/\\\/iridia.cat\\\/wp-content\\\/uploads\\\/2022\\\/10\\\/avatar_iridia.png\",\"width\":740,\"height\":220,\"caption\":\"Ir\u00eddia\"},\"image\":{\"@id\":\"https:\\\/\\\/test.iridia.cat\\\/#\\\/schema\\\/logo\\\/image\\\/\"}},{\"@type\":\"Person\",\"@id\":\"https:\\\/\\\/test.iridia.cat\\\/#\\\/schema\\\/person\\\/4cd6357ca92585af3bb3f05b5c669d5f\",\"name\":\"Ir\u00eddia\",\"image\":{\"@type\":\"ImageObject\",\"inLanguage\":\"es-ES\",\"@id\":\"https:\\\/\\\/secure.gravatar.com\\\/avatar\\\/5b7e0123885b2270f0bc833c606fa7b6ae733761d3e80d47e23ba829fe3bd7f7?s=96&d=mm&r=g\",\"url\":\"https:\\\/\\\/secure.gravatar.com\\\/avatar\\\/5b7e0123885b2270f0bc833c606fa7b6ae733761d3e80d47e23ba829fe3bd7f7?s=96&d=mm&r=g\",\"contentUrl\":\"https:\\\/\\\/secure.gravatar.com\\\/avatar\\\/5b7e0123885b2270f0bc833c606fa7b6ae733761d3e80d47e23ba829fe3bd7f7?s=96&d=mm&r=g\",\"caption\":\"Ir\u00eddia\"},\"url\":\"https:\\\/\\\/iridia.cat\\\/es\\\/author\\\/iridia\\\/\"}]}<\/script>\n<!-- \/ Yoast SEO plugin. -->","yoast_head_json":{"title":"Los Juzgados de Control ordenan al CIE restablecer las visitas de familiares y entidades","robots":{"index":"index","follow":"follow","max-snippet":"max-snippet:-1","max-image-preview":"max-image-preview:large","max-video-preview":"max-video-preview:-1"},"canonical":"https:\/\/iridia.cat\/es\/los-juzgados-de-control-ordenan-al-cie-restablecer-las-visitas-de-familiares-y-entidades\/","og_locale":"es_ES","og_type":"article","og_title":"Los Juzgados de Control ordenan al CIE restablecer las visitas de familiares y entidades","og_description":"&#8220;La medida llega d\u00edas despu\u00e9s de que entidades de derechos humanos y colectivos antirracistas hayan denunciado vulneraciones graves en el CIE en una rueda de prensa y una concentraci\u00f3n y 9 meses despu\u00e9s de haberlo pedido repetidamente por v\u00eda judicial.&#8221;. Barcelona, 18 de junio de 2021. Organizaciones de derechos humanos y colectivos antirracistas celebran la [&hellip;]","og_url":"https:\/\/iridia.cat\/es\/los-juzgados-de-control-ordenan-al-cie-restablecer-las-visitas-de-familiares-y-entidades\/","og_site_name":"Ir\u00eddia","article_published_time":"2021-10-26T10:12:42+00:00","article_modified_time":"2024-03-21T12:06:21+00:00","og_image":[{"width":1280,"height":960,"url":"https:\/\/iridia.cat\/wp-content\/uploads\/2021\/06\/IMG_4723.jpg","type":"image\/jpeg"}],"author":"Ir\u00eddia","twitter_card":"summary_large_image","twitter_misc":{"Written by":"Ir\u00eddia","Est. reading time":"4 minutes"},"schema":{"@context":"https:\/\/schema.org","@graph":[{"@type":"Article","@id":"https:\/\/iridia.cat\/es\/los-juzgados-de-control-ordenan-al-cie-restablecer-las-visitas-de-familiares-y-entidades\/#article","isPartOf":{"@id":"https:\/\/iridia.cat\/es\/los-juzgados-de-control-ordenan-al-cie-restablecer-las-visitas-de-familiares-y-entidades\/"},"author":{"name":"Ir\u00eddia","@id":"https:\/\/test.iridia.cat\/#\/schema\/person\/4cd6357ca92585af3bb3f05b5c669d5f"},"headline":"Los Juzgados de Control ordenan al CIE restablecer las visitas de familiares y entidades","datePublished":"2021-10-26T10:12:42+00:00","dateModified":"2024-03-21T12:06:21+00:00","mainEntityOfPage":{"@id":"https:\/\/iridia.cat\/es\/los-juzgados-de-control-ordenan-al-cie-restablecer-las-visitas-de-familiares-y-entidades\/"},"wordCount":554,"publisher":{"@id":"https:\/\/test.iridia.cat\/#organization"},"image":{"@id":"https:\/\/iridia.cat\/es\/los-juzgados-de-control-ordenan-al-cie-restablecer-las-visitas-de-familiares-y-entidades\/#primaryimage"},"thumbnailUrl":"https:\/\/iridia.cat\/wp-content\/uploads\/2021\/06\/IMG_4723.jpg","keywords":["Migraciones"],"articleSection":["Publicaciones"],"inLanguage":"es-ES"},{"@type":"WebPage","@id":"https:\/\/iridia.cat\/es\/los-juzgados-de-control-ordenan-al-cie-restablecer-las-visitas-de-familiares-y-entidades\/","url":"https:\/\/iridia.cat\/es\/los-juzgados-de-control-ordenan-al-cie-restablecer-las-visitas-de-familiares-y-entidades\/","name":"Los Juzgados de Control ordenan al CIE restablecer las visitas de familiares y entidades","isPartOf":{"@id":"https:\/\/test.iridia.cat\/#website"},"primaryImageOfPage":{"@id":"https:\/\/iridia.cat\/es\/los-juzgados-de-control-ordenan-al-cie-restablecer-las-visitas-de-familiares-y-entidades\/#primaryimage"},"image":{"@id":"https:\/\/iridia.cat\/es\/los-juzgados-de-control-ordenan-al-cie-restablecer-las-visitas-de-familiares-y-entidades\/#primaryimage"},"thumbnailUrl":"https:\/\/iridia.cat\/wp-content\/uploads\/2021\/06\/IMG_4723.jpg","datePublished":"2021-10-26T10:12:42+00:00","dateModified":"2024-03-21T12:06:21+00:00","breadcrumb":{"@id":"https:\/\/iridia.cat\/es\/los-juzgados-de-control-ordenan-al-cie-restablecer-las-visitas-de-familiares-y-entidades\/#breadcrumb"},"inLanguage":"es-ES","potentialAction":[{"@type":"ReadAction","target":["https:\/\/iridia.cat\/es\/los-juzgados-de-control-ordenan-al-cie-restablecer-las-visitas-de-familiares-y-entidades\/"]}]},{"@type":"ImageObject","inLanguage":"es-ES","@id":"https:\/\/iridia.cat\/es\/los-juzgados-de-control-ordenan-al-cie-restablecer-las-visitas-de-familiares-y-entidades\/#primaryimage","url":"https:\/\/iridia.cat\/wp-content\/uploads\/2021\/06\/IMG_4723.jpg","contentUrl":"https:\/\/iridia.cat\/wp-content\/uploads\/2021\/06\/IMG_4723.jpg","width":1280,"height":960,"caption":"Concentraci\u00f3 davant del CIE el dia 12 de juny. Font pr\u00f2pia."},{"@type":"BreadcrumbList","@id":"https:\/\/iridia.cat\/es\/los-juzgados-de-control-ordenan-al-cie-restablecer-las-visitas-de-familiares-y-entidades\/#breadcrumb","itemListElement":[{"@type":"ListItem","position":1,"name":"Inici","item":"https:\/\/iridia.cat\/es\/"},{"@type":"ListItem","position":2,"name":"Los Juzgados de Control ordenan al CIE restablecer las visitas de familiares y entidades"}]},{"@type":"WebSite","@id":"https:\/\/test.iridia.cat\/#website","url":"https:\/\/test.iridia.cat\/","name":"Ir\u00eddia","description":"","publisher":{"@id":"https:\/\/test.iridia.cat\/#organization"},"potentialAction":[{"@type":"SearchAction","target":{"@type":"EntryPoint","urlTemplate":"https:\/\/test.iridia.cat\/?s={search_term_string}"},"query-input":{"@type":"PropertyValueSpecification","valueRequired":true,"valueName":"search_term_string"}}],"inLanguage":"es-ES"},{"@type":"Organization","@id":"https:\/\/test.iridia.cat\/#organization","name":"Ir\u00eddia","url":"https:\/\/test.iridia.cat\/","logo":{"@type":"ImageObject","inLanguage":"es-ES","@id":"https:\/\/test.iridia.cat\/#\/schema\/logo\/image\/","url":"https:\/\/iridia.cat\/wp-content\/uploads\/2022\/10\/avatar_iridia.png","contentUrl":"https:\/\/iridia.cat\/wp-content\/uploads\/2022\/10\/avatar_iridia.png","width":740,"height":220,"caption":"Ir\u00eddia"},"image":{"@id":"https:\/\/test.iridia.cat\/#\/schema\/logo\/image\/"}},{"@type":"Person","@id":"https:\/\/test.iridia.cat\/#\/schema\/person\/4cd6357ca92585af3bb3f05b5c669d5f","name":"Ir\u00eddia","image":{"@type":"ImageObject","inLanguage":"es-ES","@id":"https:\/\/secure.gravatar.com\/avatar\/5b7e0123885b2270f0bc833c606fa7b6ae733761d3e80d47e23ba829fe3bd7f7?s=96&d=mm&r=g","url":"https:\/\/secure.gravatar.com\/avatar\/5b7e0123885b2270f0bc833c606fa7b6ae733761d3e80d47e23ba829fe3bd7f7?s=96&d=mm&r=g","contentUrl":"https:\/\/secure.gravatar.com\/avatar\/5b7e0123885b2270f0bc833c606fa7b6ae733761d3e80d47e23ba829fe3bd7f7?s=96&d=mm&r=g","caption":"Ir\u00eddia"},"url":"https:\/\/iridia.cat\/es\/author\/iridia\/"}]}},"_links":{"self":[{"href":"https:\/\/iridia.cat\/es\/wp-json\/wp\/v2\/posts\/4190","targetHints":{"allow":["GET"]}}],"collection":[{"href":"https:\/\/iridia.cat\/es\/wp-json\/wp\/v2\/posts"}],"about":[{"href":"https:\/\/iridia.cat\/es\/wp-json\/wp\/v2\/types\/post"}],"author":[{"embeddable":true,"href":"https:\/\/iridia.cat\/es\/wp-json\/wp\/v2\/users\/2"}],"replies":[{"embeddable":true,"href":"https:\/\/iridia.cat\/es\/wp-json\/wp\/v2\/comments?post=4190"}],"version-history":[{"count":1,"href":"https:\/\/iridia.cat\/es\/wp-json\/wp\/v2\/posts\/4190\/revisions"}],"predecessor-version":[{"id":4191,"href":"https:\/\/iridia.cat\/es\/wp-json\/wp\/v2\/posts\/4190\/revisions\/4191"}],"wp:featuredmedia":[{"embeddable":true,"href":"https:\/\/iridia.cat\/es\/wp-json\/wp\/v2\/media\/3851"}],"wp:attachment":[{"href":"https:\/\/iridia.cat\/es\/wp-json\/wp\/v2\/media?parent=4190"}],"wp:term":[{"taxonomy":"category","embeddable":true,"href":"https:\/\/iridia.cat\/es\/wp-json\/wp\/v2\/categories?post=4190"},{"taxonomy":"post_tag","embeddable":true,"href":"https:\/\/iridia.cat\/es\/wp-json\/wp\/v2\/tags?post=4190"}],"curies":[{"name":"wp","href":"https:\/\/api.w.org\/{rel}","templated":true}]}}