{"id":4261,"date":"2021-10-27T12:04:56","date_gmt":"2021-10-27T10:04:56","guid":{"rendered":"https:\/\/test.iridia.cat\/?p=4261"},"modified":"2024-03-21T13:07:26","modified_gmt":"2024-03-21T12:07:26","slug":"iridia-ha-presentado-una-denuncia-en-el-mes-por-violencia-institucional-en-el-cie-durante-2020","status":"publish","type":"post","link":"https:\/\/iridia.cat\/es\/iridia-ha-presentado-una-denuncia-en-el-mes-por-violencia-institucional-en-el-cie-durante-2020\/","title":{"rendered":"Ir\u00eddia ha presentado una denuncia en el mes por violencia institucional en el CIE durante 2020"},"content":{"rendered":"<blockquote><p><a href=\"https:\/\/iridia.cat\/wp-content\/uploads\/2020\/12\/INFORME-CIE-2020-V2.pdf\">Informe CIE 2020<\/a><\/p><\/blockquote>\n<p>&nbsp;<\/p>\n<p><em>La entidad de derechos humanos denuncia que los Juzgados de Control del CIE no est\u00e1n garantizando los derechos de las personas internas en su informe anual sobre el CIE.<\/em><\/p>\n<p>El trabajo de Ir\u00eddia en el CIE de Barcelona se centra principalmente en la atenci\u00f3n jur\u00eddica ante eventuales situaciones de violencia institucional, ya sea por petici\u00f3n directa al servicio por parte de los propios internos o por derivaci\u00f3n de organizaciones como Migrastudium o Cerramos Los CIE.<\/p>\n<p>A pesar de que el CIE estuvo cerrado de forma temporal por la pandemia durante m\u00e1s de seis meses, en 2020 hemos presentado seis denuncias por situaciones de violencia institucional contra agentes de la polic\u00eda nacional, encargados de la custodia en el centro. Este hecho supone un aumento respete a\u00f1os anteriores, puesto que en 2019 se atendieron 4 casos en el \u00e1mbito del CIE durando todo el a\u00f1o. En total, pues, estamos representando 10 casos de violencia institucional ante los tribunales, teniendo en cuenta casos abiertos de a\u00f1os anteriores y otros casos que se han ido cerrando por el hecho de deportar la persona v\u00edctima de agresiones y no poder continuar con el procedimiento penal. En todos los casos, los internos relatan agresiones f\u00edsicas por parte de los agentes, as\u00ed como un trato vejatorio y\/o degradante.<\/p>\n<p>As\u00ed pues, la celeridad con que act\u00faa la Administraci\u00f3n para expulsar la persona en cuesti\u00f3n contrasta con el ritmo judicial de los procedimientos penales para investigar hechos tan graves como tortura u otros tratos o penas crueles, inhumanas o degradantes. No hay ning\u00fan canal espec\u00edfico para vehicular estas denuncias con rapidez, por el que cuando se reparte el asunto al Juzgado correspondiente y este acuerda (o no) la incoaci\u00f3n de los hechos, pueden haber pasado semanas. Precisamente por este motivo, desde el Servicio se act\u00faa con la m\u00e1xima celeridad cuando se tiene conocimiento de un caso de estas caracter\u00edsticas, y se solicitan medidas cautelares urgentes. A pesar de que desde el Decanato de los Juzgados de Barcelona se han enviado recomendaciones en este sentido, en que ha participado Ir\u00eddia, en las denuncias presentadas durante el a\u00f1o 2020, no se han acordado las diligencias urgentes en ninguno de las ocasiones, ni se ha suspendido la deportaci\u00f3n para poderlas realizar. En consecuencia, se tiene la confirmaci\u00f3n de la deportaci\u00f3n de al menos tres persones denunciantes pocos d\u00edas despu\u00e9s de presentar la denuncia por maltrato.<\/p>\n<p>El hecho que no haya una regulaci\u00f3n espec\u00edfica de los Juzgados de control, en t\u00e9rminos de procedimiento o plazos, por ejemplo, acaba comportando que la tarea tenga un componente especialmente personalista y poco regular en el ejercicio de esta funci\u00f3n, con diferencias notables entre Juzgados de control, incluso dentro de un mismo partido judicial.<\/p>\n<p>En el caso concreto de Barcelona, los Juzgados de Control competentes son los Juzgados de Instrucci\u00f3n 1 y 30 de Barcelona y es un ejemplo de la anomal\u00eda mencionada. Efectivamente, durante a\u00f1os, las organizaciones de derechos humanos han sido testigos de la inacci\u00f3n de uno de los dos Juzgados, el 30, que en muy pocas ocasiones respond\u00eda los escritos de queja presentados y, cuando lo hac\u00eda, era tarde y poco efectivo. No obstante, ha habido un cambio en la titularidad del Juzgado de Instrucci\u00f3n 30, con una magistrada diferente, que s\u00ed que ha ido dando respuesta a determinadas quejas presentadas<\/p>\n<p>Aun as\u00ed, y precisamente en el contexto de pandemia, consideramos que la actuaci\u00f3n de los Juzgados de Control del CIE de Barcelona no ha sido la esperada, con repercusiones directas en los derechos de las personas internas. Concretamente, el 16 de Octubre de 2020, Ir\u00eddia y Migrastudium presentamos una queja de manera conjunta en la cual solicitamos el cierre cautelar del CIE ante el anuncio que varias personas se hab\u00edan contagiado de COVID y que, en caso de no ordenar el cierre, el Juzgado competente dictara medidas de protecci\u00f3n en el marco de la pandemia. A su vez, un mes m\u00e1s tarde, el 13 de noviembre, Ir\u00eddia y Migrastudium presentamos una nueva queja al Juzgado de Control, denunciando las condiciones en que los internos hab\u00edan sido aislados por positivo de COVID-19, adjuntando incluso una de las denuncias presentadas.<\/p>\n<p>A fecha de 17 de diciembre, no consta todav\u00eda respondida por parte de ninguno de los dos Juzgados de Control a estas quejas, ni consta que se haya llevado a cabo ninguna investigaci\u00f3n, habiendo sido deportadas la mayor\u00eda de personas internas, entre ellas una de las denunciantes de estos hechos.<\/p>\n<p>Esta inacci\u00f3n por parte de los Jueces de Control supone una clara indefensi\u00f3n para los internos y es un motivo claro de preocupaci\u00f3n por parte de las organizaciones de derechos humanos, dado que se trata del \u00f3rgano jurisdiccional garante de sus derechos.<\/p>\n<p><b>17 de Diciembre de 2020<\/b><\/p>\n<p><b>Contacto de premsa:<\/b><\/p>\n<p><span style=\"font-weight: 400;\">Andr\u00e9s Garc\u00eda Berrio: 638336383<\/span><\/p>\n<p>&nbsp;<\/p>\n","protected":false},"excerpt":{"rendered":"<p>Informe CIE 2020 &nbsp; La entidad de derechos humanos denuncia que los Juzgados de Control del CIE no est\u00e1n garantizando los derechos de las personas internas en su informe anual sobre el CIE. El trabajo de Ir\u00eddia en el CIE de Barcelona se centra principalmente en la atenci\u00f3n jur\u00eddica ante eventuales situaciones de violencia institucional, [&hellip;]<\/p>\n","protected":false},"author":2,"featured_media":3232,"comment_status":"closed","ping_status":"closed","sticky":false,"template":"","format":"standard","meta":{"_acf_changed":false,"footnotes":""},"categories":[3],"tags":[144],"class_list":["post-4261","post","type-post","status-publish","format-standard","has-post-thumbnail","hentry","category-publicaciones","tag-migracions-es-2"],"acf":[],"yoast_head":"<!-- This site is optimized with the Yoast SEO plugin v27.4 - https:\/\/yoast.com\/product\/yoast-seo-wordpress\/ -->\n<title>Ir\u00eddia ha presentado una denuncia en el mes por violencia institucional en el CIE durante 2020<\/title>\n<meta name=\"robots\" content=\"index, follow, max-snippet:-1, max-image-preview:large, max-video-preview:-1\" \/>\n<link rel=\"canonical\" href=\"https:\/\/iridia.cat\/es\/iridia-ha-presentado-una-denuncia-en-el-mes-por-violencia-institucional-en-el-cie-durante-2020\/\" \/>\n<meta property=\"og:locale\" content=\"es_ES\" \/>\n<meta property=\"og:type\" content=\"article\" \/>\n<meta property=\"og:title\" content=\"Ir\u00eddia ha presentado una denuncia en el mes por violencia institucional en el CIE durante 2020\" \/>\n<meta property=\"og:description\" content=\"Informe CIE 2020 &nbsp; La entidad de derechos humanos denuncia que los Juzgados de Control del CIE no est\u00e1n garantizando los derechos de las personas internas en su informe anual sobre el CIE. El trabajo de Ir\u00eddia en el CIE de Barcelona se centra principalmente en la atenci\u00f3n jur\u00eddica ante eventuales situaciones de violencia institucional, [&hellip;]\" \/>\n<meta property=\"og:url\" content=\"https:\/\/iridia.cat\/es\/iridia-ha-presentado-una-denuncia-en-el-mes-por-violencia-institucional-en-el-cie-durante-2020\/\" \/>\n<meta property=\"og:site_name\" content=\"Ir\u00eddia\" \/>\n<meta property=\"article:published_time\" content=\"2021-10-27T10:04:56+00:00\" \/>\n<meta property=\"article:modified_time\" content=\"2024-03-21T12:07:26+00:00\" \/>\n<meta property=\"og:image\" content=\"https:\/\/iridia.cat\/wp-content\/uploads\/2020\/12\/IMAGE-2020-12-17-103722.jpg\" \/>\n\t<meta property=\"og:image:width\" content=\"649\" \/>\n\t<meta property=\"og:image:height\" content=\"345\" \/>\n\t<meta property=\"og:image:type\" content=\"image\/jpeg\" \/>\n<meta name=\"author\" content=\"Ir\u00eddia\" \/>\n<meta name=\"twitter:card\" content=\"summary_large_image\" \/>\n<meta name=\"twitter:label1\" content=\"Written by\" \/>\n\t<meta name=\"twitter:data1\" content=\"Ir\u00eddia\" \/>\n\t<meta name=\"twitter:label2\" content=\"Est. reading time\" \/>\n\t<meta name=\"twitter:data2\" content=\"5 minutes\" \/>\n<script type=\"application\/ld+json\" class=\"yoast-schema-graph\">{\"@context\":\"https:\\\/\\\/schema.org\",\"@graph\":[{\"@type\":\"Article\",\"@id\":\"https:\\\/\\\/iridia.cat\\\/es\\\/iridia-ha-presentado-una-denuncia-en-el-mes-por-violencia-institucional-en-el-cie-durante-2020\\\/#article\",\"isPartOf\":{\"@id\":\"https:\\\/\\\/iridia.cat\\\/es\\\/iridia-ha-presentado-una-denuncia-en-el-mes-por-violencia-institucional-en-el-cie-durante-2020\\\/\"},\"author\":{\"name\":\"Ir\u00eddia\",\"@id\":\"https:\\\/\\\/test.iridia.cat\\\/#\\\/schema\\\/person\\\/4cd6357ca92585af3bb3f05b5c669d5f\"},\"headline\":\"Ir\u00eddia ha presentado una denuncia en el mes por violencia institucional en el CIE durante 2020\",\"datePublished\":\"2021-10-27T10:04:56+00:00\",\"dateModified\":\"2024-03-21T12:07:26+00:00\",\"mainEntityOfPage\":{\"@id\":\"https:\\\/\\\/iridia.cat\\\/es\\\/iridia-ha-presentado-una-denuncia-en-el-mes-por-violencia-institucional-en-el-cie-durante-2020\\\/\"},\"wordCount\":849,\"publisher\":{\"@id\":\"https:\\\/\\\/test.iridia.cat\\\/#organization\"},\"image\":{\"@id\":\"https:\\\/\\\/iridia.cat\\\/es\\\/iridia-ha-presentado-una-denuncia-en-el-mes-por-violencia-institucional-en-el-cie-durante-2020\\\/#primaryimage\"},\"thumbnailUrl\":\"https:\\\/\\\/iridia.cat\\\/wp-content\\\/uploads\\\/2020\\\/12\\\/IMAGE-2020-12-17-103722.jpg\",\"keywords\":[\"Migraciones\"],\"articleSection\":[\"Publicaciones\"],\"inLanguage\":\"es-ES\"},{\"@type\":\"WebPage\",\"@id\":\"https:\\\/\\\/iridia.cat\\\/es\\\/iridia-ha-presentado-una-denuncia-en-el-mes-por-violencia-institucional-en-el-cie-durante-2020\\\/\",\"url\":\"https:\\\/\\\/iridia.cat\\\/es\\\/iridia-ha-presentado-una-denuncia-en-el-mes-por-violencia-institucional-en-el-cie-durante-2020\\\/\",\"name\":\"Ir\u00eddia ha presentado una denuncia en el mes por violencia institucional en el CIE durante 2020\",\"isPartOf\":{\"@id\":\"https:\\\/\\\/test.iridia.cat\\\/#website\"},\"primaryImageOfPage\":{\"@id\":\"https:\\\/\\\/iridia.cat\\\/es\\\/iridia-ha-presentado-una-denuncia-en-el-mes-por-violencia-institucional-en-el-cie-durante-2020\\\/#primaryimage\"},\"image\":{\"@id\":\"https:\\\/\\\/iridia.cat\\\/es\\\/iridia-ha-presentado-una-denuncia-en-el-mes-por-violencia-institucional-en-el-cie-durante-2020\\\/#primaryimage\"},\"thumbnailUrl\":\"https:\\\/\\\/iridia.cat\\\/wp-content\\\/uploads\\\/2020\\\/12\\\/IMAGE-2020-12-17-103722.jpg\",\"datePublished\":\"2021-10-27T10:04:56+00:00\",\"dateModified\":\"2024-03-21T12:07:26+00:00\",\"breadcrumb\":{\"@id\":\"https:\\\/\\\/iridia.cat\\\/es\\\/iridia-ha-presentado-una-denuncia-en-el-mes-por-violencia-institucional-en-el-cie-durante-2020\\\/#breadcrumb\"},\"inLanguage\":\"es-ES\",\"potentialAction\":[{\"@type\":\"ReadAction\",\"target\":[\"https:\\\/\\\/iridia.cat\\\/es\\\/iridia-ha-presentado-una-denuncia-en-el-mes-por-violencia-institucional-en-el-cie-durante-2020\\\/\"]}]},{\"@type\":\"ImageObject\",\"inLanguage\":\"es-ES\",\"@id\":\"https:\\\/\\\/iridia.cat\\\/es\\\/iridia-ha-presentado-una-denuncia-en-el-mes-por-violencia-institucional-en-el-cie-durante-2020\\\/#primaryimage\",\"url\":\"https:\\\/\\\/iridia.cat\\\/wp-content\\\/uploads\\\/2020\\\/12\\\/IMAGE-2020-12-17-103722.jpg\",\"contentUrl\":\"https:\\\/\\\/iridia.cat\\\/wp-content\\\/uploads\\\/2020\\\/12\\\/IMAGE-2020-12-17-103722.jpg\",\"width\":649,\"height\":345},{\"@type\":\"BreadcrumbList\",\"@id\":\"https:\\\/\\\/iridia.cat\\\/es\\\/iridia-ha-presentado-una-denuncia-en-el-mes-por-violencia-institucional-en-el-cie-durante-2020\\\/#breadcrumb\",\"itemListElement\":[{\"@type\":\"ListItem\",\"position\":1,\"name\":\"Inici\",\"item\":\"https:\\\/\\\/iridia.cat\\\/es\\\/\"},{\"@type\":\"ListItem\",\"position\":2,\"name\":\"Ir\u00eddia ha presentado una denuncia en el mes por violencia institucional en el CIE durante 2020\"}]},{\"@type\":\"WebSite\",\"@id\":\"https:\\\/\\\/test.iridia.cat\\\/#website\",\"url\":\"https:\\\/\\\/test.iridia.cat\\\/\",\"name\":\"Ir\u00eddia\",\"description\":\"\",\"publisher\":{\"@id\":\"https:\\\/\\\/test.iridia.cat\\\/#organization\"},\"potentialAction\":[{\"@type\":\"SearchAction\",\"target\":{\"@type\":\"EntryPoint\",\"urlTemplate\":\"https:\\\/\\\/test.iridia.cat\\\/?s={search_term_string}\"},\"query-input\":{\"@type\":\"PropertyValueSpecification\",\"valueRequired\":true,\"valueName\":\"search_term_string\"}}],\"inLanguage\":\"es-ES\"},{\"@type\":\"Organization\",\"@id\":\"https:\\\/\\\/test.iridia.cat\\\/#organization\",\"name\":\"Ir\u00eddia\",\"url\":\"https:\\\/\\\/test.iridia.cat\\\/\",\"logo\":{\"@type\":\"ImageObject\",\"inLanguage\":\"es-ES\",\"@id\":\"https:\\\/\\\/test.iridia.cat\\\/#\\\/schema\\\/logo\\\/image\\\/\",\"url\":\"https:\\\/\\\/iridia.cat\\\/wp-content\\\/uploads\\\/2022\\\/10\\\/avatar_iridia.png\",\"contentUrl\":\"https:\\\/\\\/iridia.cat\\\/wp-content\\\/uploads\\\/2022\\\/10\\\/avatar_iridia.png\",\"width\":740,\"height\":220,\"caption\":\"Ir\u00eddia\"},\"image\":{\"@id\":\"https:\\\/\\\/test.iridia.cat\\\/#\\\/schema\\\/logo\\\/image\\\/\"}},{\"@type\":\"Person\",\"@id\":\"https:\\\/\\\/test.iridia.cat\\\/#\\\/schema\\\/person\\\/4cd6357ca92585af3bb3f05b5c669d5f\",\"name\":\"Ir\u00eddia\",\"image\":{\"@type\":\"ImageObject\",\"inLanguage\":\"es-ES\",\"@id\":\"https:\\\/\\\/secure.gravatar.com\\\/avatar\\\/5b7e0123885b2270f0bc833c606fa7b6ae733761d3e80d47e23ba829fe3bd7f7?s=96&d=mm&r=g\",\"url\":\"https:\\\/\\\/secure.gravatar.com\\\/avatar\\\/5b7e0123885b2270f0bc833c606fa7b6ae733761d3e80d47e23ba829fe3bd7f7?s=96&d=mm&r=g\",\"contentUrl\":\"https:\\\/\\\/secure.gravatar.com\\\/avatar\\\/5b7e0123885b2270f0bc833c606fa7b6ae733761d3e80d47e23ba829fe3bd7f7?s=96&d=mm&r=g\",\"caption\":\"Ir\u00eddia\"},\"url\":\"https:\\\/\\\/iridia.cat\\\/es\\\/author\\\/iridia\\\/\"}]}<\/script>\n<!-- \/ Yoast SEO plugin. -->","yoast_head_json":{"title":"Ir\u00eddia ha presentado una denuncia en el mes por violencia institucional en el CIE durante 2020","robots":{"index":"index","follow":"follow","max-snippet":"max-snippet:-1","max-image-preview":"max-image-preview:large","max-video-preview":"max-video-preview:-1"},"canonical":"https:\/\/iridia.cat\/es\/iridia-ha-presentado-una-denuncia-en-el-mes-por-violencia-institucional-en-el-cie-durante-2020\/","og_locale":"es_ES","og_type":"article","og_title":"Ir\u00eddia ha presentado una denuncia en el mes por violencia institucional en el CIE durante 2020","og_description":"Informe CIE 2020 &nbsp; La entidad de derechos humanos denuncia que los Juzgados de Control del CIE no est\u00e1n garantizando los derechos de las personas internas en su informe anual sobre el CIE. El trabajo de Ir\u00eddia en el CIE de Barcelona se centra principalmente en la atenci\u00f3n jur\u00eddica ante eventuales situaciones de violencia institucional, [&hellip;]","og_url":"https:\/\/iridia.cat\/es\/iridia-ha-presentado-una-denuncia-en-el-mes-por-violencia-institucional-en-el-cie-durante-2020\/","og_site_name":"Ir\u00eddia","article_published_time":"2021-10-27T10:04:56+00:00","article_modified_time":"2024-03-21T12:07:26+00:00","og_image":[{"width":649,"height":345,"url":"https:\/\/iridia.cat\/wp-content\/uploads\/2020\/12\/IMAGE-2020-12-17-103722.jpg","type":"image\/jpeg"}],"author":"Ir\u00eddia","twitter_card":"summary_large_image","twitter_misc":{"Written by":"Ir\u00eddia","Est. reading time":"5 minutes"},"schema":{"@context":"https:\/\/schema.org","@graph":[{"@type":"Article","@id":"https:\/\/iridia.cat\/es\/iridia-ha-presentado-una-denuncia-en-el-mes-por-violencia-institucional-en-el-cie-durante-2020\/#article","isPartOf":{"@id":"https:\/\/iridia.cat\/es\/iridia-ha-presentado-una-denuncia-en-el-mes-por-violencia-institucional-en-el-cie-durante-2020\/"},"author":{"name":"Ir\u00eddia","@id":"https:\/\/test.iridia.cat\/#\/schema\/person\/4cd6357ca92585af3bb3f05b5c669d5f"},"headline":"Ir\u00eddia ha presentado una denuncia en el mes por violencia institucional en el CIE durante 2020","datePublished":"2021-10-27T10:04:56+00:00","dateModified":"2024-03-21T12:07:26+00:00","mainEntityOfPage":{"@id":"https:\/\/iridia.cat\/es\/iridia-ha-presentado-una-denuncia-en-el-mes-por-violencia-institucional-en-el-cie-durante-2020\/"},"wordCount":849,"publisher":{"@id":"https:\/\/test.iridia.cat\/#organization"},"image":{"@id":"https:\/\/iridia.cat\/es\/iridia-ha-presentado-una-denuncia-en-el-mes-por-violencia-institucional-en-el-cie-durante-2020\/#primaryimage"},"thumbnailUrl":"https:\/\/iridia.cat\/wp-content\/uploads\/2020\/12\/IMAGE-2020-12-17-103722.jpg","keywords":["Migraciones"],"articleSection":["Publicaciones"],"inLanguage":"es-ES"},{"@type":"WebPage","@id":"https:\/\/iridia.cat\/es\/iridia-ha-presentado-una-denuncia-en-el-mes-por-violencia-institucional-en-el-cie-durante-2020\/","url":"https:\/\/iridia.cat\/es\/iridia-ha-presentado-una-denuncia-en-el-mes-por-violencia-institucional-en-el-cie-durante-2020\/","name":"Ir\u00eddia ha presentado una denuncia en el mes por violencia institucional en el CIE durante 2020","isPartOf":{"@id":"https:\/\/test.iridia.cat\/#website"},"primaryImageOfPage":{"@id":"https:\/\/iridia.cat\/es\/iridia-ha-presentado-una-denuncia-en-el-mes-por-violencia-institucional-en-el-cie-durante-2020\/#primaryimage"},"image":{"@id":"https:\/\/iridia.cat\/es\/iridia-ha-presentado-una-denuncia-en-el-mes-por-violencia-institucional-en-el-cie-durante-2020\/#primaryimage"},"thumbnailUrl":"https:\/\/iridia.cat\/wp-content\/uploads\/2020\/12\/IMAGE-2020-12-17-103722.jpg","datePublished":"2021-10-27T10:04:56+00:00","dateModified":"2024-03-21T12:07:26+00:00","breadcrumb":{"@id":"https:\/\/iridia.cat\/es\/iridia-ha-presentado-una-denuncia-en-el-mes-por-violencia-institucional-en-el-cie-durante-2020\/#breadcrumb"},"inLanguage":"es-ES","potentialAction":[{"@type":"ReadAction","target":["https:\/\/iridia.cat\/es\/iridia-ha-presentado-una-denuncia-en-el-mes-por-violencia-institucional-en-el-cie-durante-2020\/"]}]},{"@type":"ImageObject","inLanguage":"es-ES","@id":"https:\/\/iridia.cat\/es\/iridia-ha-presentado-una-denuncia-en-el-mes-por-violencia-institucional-en-el-cie-durante-2020\/#primaryimage","url":"https:\/\/iridia.cat\/wp-content\/uploads\/2020\/12\/IMAGE-2020-12-17-103722.jpg","contentUrl":"https:\/\/iridia.cat\/wp-content\/uploads\/2020\/12\/IMAGE-2020-12-17-103722.jpg","width":649,"height":345},{"@type":"BreadcrumbList","@id":"https:\/\/iridia.cat\/es\/iridia-ha-presentado-una-denuncia-en-el-mes-por-violencia-institucional-en-el-cie-durante-2020\/#breadcrumb","itemListElement":[{"@type":"ListItem","position":1,"name":"Inici","item":"https:\/\/iridia.cat\/es\/"},{"@type":"ListItem","position":2,"name":"Ir\u00eddia ha presentado una denuncia en el mes por violencia institucional en el CIE durante 2020"}]},{"@type":"WebSite","@id":"https:\/\/test.iridia.cat\/#website","url":"https:\/\/test.iridia.cat\/","name":"Ir\u00eddia","description":"","publisher":{"@id":"https:\/\/test.iridia.cat\/#organization"},"potentialAction":[{"@type":"SearchAction","target":{"@type":"EntryPoint","urlTemplate":"https:\/\/test.iridia.cat\/?s={search_term_string}"},"query-input":{"@type":"PropertyValueSpecification","valueRequired":true,"valueName":"search_term_string"}}],"inLanguage":"es-ES"},{"@type":"Organization","@id":"https:\/\/test.iridia.cat\/#organization","name":"Ir\u00eddia","url":"https:\/\/test.iridia.cat\/","logo":{"@type":"ImageObject","inLanguage":"es-ES","@id":"https:\/\/test.iridia.cat\/#\/schema\/logo\/image\/","url":"https:\/\/iridia.cat\/wp-content\/uploads\/2022\/10\/avatar_iridia.png","contentUrl":"https:\/\/iridia.cat\/wp-content\/uploads\/2022\/10\/avatar_iridia.png","width":740,"height":220,"caption":"Ir\u00eddia"},"image":{"@id":"https:\/\/test.iridia.cat\/#\/schema\/logo\/image\/"}},{"@type":"Person","@id":"https:\/\/test.iridia.cat\/#\/schema\/person\/4cd6357ca92585af3bb3f05b5c669d5f","name":"Ir\u00eddia","image":{"@type":"ImageObject","inLanguage":"es-ES","@id":"https:\/\/secure.gravatar.com\/avatar\/5b7e0123885b2270f0bc833c606fa7b6ae733761d3e80d47e23ba829fe3bd7f7?s=96&d=mm&r=g","url":"https:\/\/secure.gravatar.com\/avatar\/5b7e0123885b2270f0bc833c606fa7b6ae733761d3e80d47e23ba829fe3bd7f7?s=96&d=mm&r=g","contentUrl":"https:\/\/secure.gravatar.com\/avatar\/5b7e0123885b2270f0bc833c606fa7b6ae733761d3e80d47e23ba829fe3bd7f7?s=96&d=mm&r=g","caption":"Ir\u00eddia"},"url":"https:\/\/iridia.cat\/es\/author\/iridia\/"}]}},"_links":{"self":[{"href":"https:\/\/iridia.cat\/es\/wp-json\/wp\/v2\/posts\/4261","targetHints":{"allow":["GET"]}}],"collection":[{"href":"https:\/\/iridia.cat\/es\/wp-json\/wp\/v2\/posts"}],"about":[{"href":"https:\/\/iridia.cat\/es\/wp-json\/wp\/v2\/types\/post"}],"author":[{"embeddable":true,"href":"https:\/\/iridia.cat\/es\/wp-json\/wp\/v2\/users\/2"}],"replies":[{"embeddable":true,"href":"https:\/\/iridia.cat\/es\/wp-json\/wp\/v2\/comments?post=4261"}],"version-history":[{"count":1,"href":"https:\/\/iridia.cat\/es\/wp-json\/wp\/v2\/posts\/4261\/revisions"}],"predecessor-version":[{"id":4262,"href":"https:\/\/iridia.cat\/es\/wp-json\/wp\/v2\/posts\/4261\/revisions\/4262"}],"wp:featuredmedia":[{"embeddable":true,"href":"https:\/\/iridia.cat\/es\/wp-json\/wp\/v2\/media\/3232"}],"wp:attachment":[{"href":"https:\/\/iridia.cat\/es\/wp-json\/wp\/v2\/media?parent=4261"}],"wp:term":[{"taxonomy":"category","embeddable":true,"href":"https:\/\/iridia.cat\/es\/wp-json\/wp\/v2\/categories?post=4261"},{"taxonomy":"post_tag","embeddable":true,"href":"https:\/\/iridia.cat\/es\/wp-json\/wp\/v2\/tags?post=4261"}],"curies":[{"name":"wp","href":"https:\/\/api.w.org\/{rel}","templated":true}]}}