{"id":4314,"date":"2021-10-27T12:27:43","date_gmt":"2021-10-27T10:27:43","guid":{"rendered":"https:\/\/test.iridia.cat\/?p=4314"},"modified":"2021-10-27T12:27:43","modified_gmt":"2021-10-27T10:27:43","slug":"informe-practicas-feministas-para-hacer-frente-a-la-represion","status":"publish","type":"post","link":"https:\/\/iridia.cat\/es\/informe-practicas-feministas-para-hacer-frente-a-la-represion\/","title":{"rendered":"[INFORME] Pr\u00e1cticas feministas para hacer frente a la represi\u00f3n"},"content":{"rendered":"<blockquote><p><a href=\"https:\/\/iridia.cat\/wp-content\/uploads\/2020\/04\/0304_Informe_PractiquesFeministes_MQ.pdf\">Descarga aqu\u00ed el informe \u201cPr\u00e1cticas feministas para hacer frente a la represi\u00f3n\u201c.<\/a><\/p><\/blockquote>\n<p>El presente informe Pr\u00e1cticas feministas para hacer frente a la represi\u00f3n se enmarca en lo programa \u201cMujeres defensoras seguras. Construyendo democracia y promoviendo derechos humanos en Mesoam\u00e9rica\u201d, financiado por la Agencia Catalana de Cooperaci\u00f3n al Desarrollo (ACCD) de la Generalitat de Catalu\u00f1a a la convocatoria 2017 y coordinado por Calala, Hondo de Mujeres. Este informe ha sido elaborado por miembros del \u00e1rea del derecho a la protesta, del \u00e1rea de g\u00e9nero y del \u00e1rea psicosocial de la Asociaci\u00f3n Ir\u00eddia, Centro por la Defensa de los Derechos Humanos.<\/p>\n<p>El documento tiene como finalidad estudiar y profundizar en como la aplicaci\u00f3n de una perspectiva feminista puede garantizar la defensa de los derechos humanos y la protecci\u00f3n de aquellas personas que, con su acci\u00f3n social, los reivindican y los defienden. Tomando como ejemplo las experiencias y herramientas que han surgido y se han implementado a Mesoam\u00e8rica1 en contextos de represi\u00f3n, el informe identifica los impactos, las medidas de protecci\u00f3n y las medidas de afrontamiento aplicables a entidades, movimientos sociales y colectivos dedicados a la defensa de los derechos sociales, civiles y pol\u00edticos en Catalu\u00f1a.<\/p>\n<p>Es decir, a partir de una aplicaci\u00f3n de las perspectivas feminista y psicosocial que ha tenido en cuenta los modelos aplicados por las defensoras de derechos humanos en Mesoam\u00e9rica en contextos de represi\u00f3n y persecuci\u00f3n pol\u00edtica, este informe detalla una serie de herramientas de protecci\u00f3n y de actuaci\u00f3n aplicables en situaciones de represi\u00f3n que creemos que pueden ser de utilidad en nuestro contexto sociopol\u00edtico. De manera m\u00e1s espec\u00edfica, el informe va se\u00f1alando diferentes pr\u00e1cticas que tienen que permitir la protecci\u00f3n y el empoderamiento de las mujeres activistas y otros colectivos (tambi\u00e9n activistas) que est\u00e1n discriminados en nuestras sociedades, como serien, por ejemplo, los colectivos racialitzados o el colectivo LGTBI. Las pr\u00e1cticas que proponemos en este informe se basen en toda aquella informaci\u00f3n recogida a trav\u00e9s de entrevistas y de grupos de discusi\u00f3n en que han participado personas provenientes de una variedad de movimientos sociales y colectivos que, a d\u00eda de hoy, tienen bastante en Catalu\u00f1a. El informe es fruto, pues, de todas aquellas reflexiones que han surgido gracias a haber escuchado las voces de estas personas.<\/p>\n<p>El documento que presentamos se estructura en cuatro partes. La primera tiene car\u00e1cter introductorio y explica los principios b\u00e1sicos de la perspectiva feminista y de la perspectiva psicosocial. Este apartado detalla los elementos clave a tener en cuenta, de estas dos perspectivas, para hacer frente a la represi\u00f3n pol\u00edtica en nuestro contexto. La segunda parte del informe describe, por un lado, los principales objetivos e impactos de la represi\u00f3n, centr\u00e1ndose en las especificidades de estos impactos en los casos en que la represi\u00f3n va dirigida contra las mujeres. Adem\u00e1s, analiza los da\u00f1os psicosociales que supone la represi\u00f3n. La tercera parte presenta la diversidad de herramientas y recursos psicosociales, jur\u00eddicos, de incidencia pol\u00edtica, comunicativos y de protecci\u00f3n \u00fatiles y necesarios en la hora de afrontar la represi\u00f3n. Finalmente, la cuarta secci\u00f3n del informe detalla y analiza los recursos, colectivos y organizaciones existentes en Catalu\u00f1a que pueden\u00a0ser clave en el afrontamiento de la represi\u00f3n.<\/p>\n<p>Esperamos que este informe sea \u00fatil para todas aquellas personas y colectivos que hacen frente a la represi\u00f3n hoy en d\u00eda. Agradecemos la colaboraci\u00f3n de todas las personas que nos han hecho importantes aportaciones, ya sea a las entrevistas o a los grupos de discusi\u00f3n. As\u00ed mismo, queremos remarcar la necesidad de seguir compartiendo con otras colectivos experiencias antirrepresivas para ampliar los conocimientos sobre como hacer frente a la represi\u00f3n, no solo desde una perspectiva feminista, sino tambi\u00e9n desde una perspectiva interseccional. En este sentido, no queremos olvidar que el sistema patriarcal que perpet\u00faa la desigualdad entre hombres y mujeres tambi\u00e9n interact\u00faa con otros sistemas que legitiman sistemas de dominaci\u00f3n por motivos de clase, de edad, de orientaci\u00f3n o identidad sexual, de origen o de estado de salud. Y, reconocemos, as\u00ed, la necesidad de seguir trabajando en esta l\u00ednea.<\/p>\n","protected":false},"excerpt":{"rendered":"<p>Descarga aqu\u00ed el informe \u201cPr\u00e1cticas feministas para hacer frente a la represi\u00f3n\u201c. El presente informe Pr\u00e1cticas feministas para hacer frente a la represi\u00f3n se enmarca en lo programa \u201cMujeres defensoras seguras. Construyendo democracia y promoviendo derechos humanos en Mesoam\u00e9rica\u201d, financiado por la Agencia Catalana de Cooperaci\u00f3n al Desarrollo (ACCD) de la Generalitat de Catalu\u00f1a a [&hellip;]<\/p>\n","protected":false},"author":2,"featured_media":2093,"comment_status":"closed","ping_status":"closed","sticky":false,"template":"","format":"standard","meta":{"_acf_changed":false,"footnotes":""},"categories":[3],"tags":[41,51],"class_list":["post-4314","post","type-post","status-publish","format-standard","has-post-thumbnail","hentry","category-publicaciones","tag-genero","tag-protesta"],"acf":[],"yoast_head":"<!-- This site is optimized with the Yoast SEO plugin v27.4 - https:\/\/yoast.com\/product\/yoast-seo-wordpress\/ -->\n<title>[INFORME] Pr\u00e1cticas feministas para hacer frente a la represi\u00f3n<\/title>\n<meta name=\"robots\" content=\"index, follow, max-snippet:-1, max-image-preview:large, max-video-preview:-1\" \/>\n<link rel=\"canonical\" href=\"https:\/\/iridia.cat\/es\/informe-practicas-feministas-para-hacer-frente-a-la-represion\/\" \/>\n<meta property=\"og:locale\" content=\"es_ES\" \/>\n<meta property=\"og:type\" content=\"article\" \/>\n<meta property=\"og:title\" content=\"[INFORME] Pr\u00e1cticas feministas para hacer frente a la represi\u00f3n\" \/>\n<meta property=\"og:description\" content=\"Descarga aqu\u00ed el informe \u201cPr\u00e1cticas feministas para hacer frente a la represi\u00f3n\u201c. El presente informe Pr\u00e1cticas feministas para hacer frente a la represi\u00f3n se enmarca en lo programa \u201cMujeres defensoras seguras. Construyendo democracia y promoviendo derechos humanos en Mesoam\u00e9rica\u201d, financiado por la Agencia Catalana de Cooperaci\u00f3n al Desarrollo (ACCD) de la Generalitat de Catalu\u00f1a a [&hellip;]\" \/>\n<meta property=\"og:url\" content=\"https:\/\/iridia.cat\/es\/informe-practicas-feministas-para-hacer-frente-a-la-represion\/\" \/>\n<meta property=\"og:site_name\" content=\"Ir\u00eddia\" \/>\n<meta property=\"article:published_time\" content=\"2021-10-27T10:27:43+00:00\" \/>\n<meta property=\"og:image\" content=\"https:\/\/iridia.cat\/wp-content\/uploads\/2020\/04\/unnamed.jpg\" \/>\n\t<meta property=\"og:image:width\" content=\"512\" \/>\n\t<meta property=\"og:image:height\" content=\"341\" \/>\n\t<meta property=\"og:image:type\" content=\"image\/jpeg\" \/>\n<meta name=\"author\" content=\"Ir\u00eddia\" \/>\n<meta name=\"twitter:card\" content=\"summary_large_image\" \/>\n<meta name=\"twitter:label1\" content=\"Written by\" \/>\n\t<meta name=\"twitter:data1\" content=\"Ir\u00eddia\" \/>\n\t<meta name=\"twitter:label2\" content=\"Est. reading time\" \/>\n\t<meta name=\"twitter:data2\" content=\"4 minutes\" \/>\n<script type=\"application\/ld+json\" class=\"yoast-schema-graph\">{\"@context\":\"https:\\\/\\\/schema.org\",\"@graph\":[{\"@type\":\"Article\",\"@id\":\"https:\\\/\\\/iridia.cat\\\/es\\\/informe-practicas-feministas-para-hacer-frente-a-la-represion\\\/#article\",\"isPartOf\":{\"@id\":\"https:\\\/\\\/iridia.cat\\\/es\\\/informe-practicas-feministas-para-hacer-frente-a-la-represion\\\/\"},\"author\":{\"name\":\"Ir\u00eddia\",\"@id\":\"https:\\\/\\\/test.iridia.cat\\\/#\\\/schema\\\/person\\\/4cd6357ca92585af3bb3f05b5c669d5f\"},\"headline\":\"[INFORME] Pr\u00e1cticas feministas para hacer frente a la represi\u00f3n\",\"datePublished\":\"2021-10-27T10:27:43+00:00\",\"mainEntityOfPage\":{\"@id\":\"https:\\\/\\\/iridia.cat\\\/es\\\/informe-practicas-feministas-para-hacer-frente-a-la-represion\\\/\"},\"wordCount\":740,\"publisher\":{\"@id\":\"https:\\\/\\\/test.iridia.cat\\\/#organization\"},\"image\":{\"@id\":\"https:\\\/\\\/iridia.cat\\\/es\\\/informe-practicas-feministas-para-hacer-frente-a-la-represion\\\/#primaryimage\"},\"thumbnailUrl\":\"https:\\\/\\\/iridia.cat\\\/wp-content\\\/uploads\\\/2020\\\/04\\\/unnamed.jpg\",\"keywords\":[\"G\u00e9nero\",\"Protesta\"],\"articleSection\":[\"Publicaciones\"],\"inLanguage\":\"es-ES\"},{\"@type\":\"WebPage\",\"@id\":\"https:\\\/\\\/iridia.cat\\\/es\\\/informe-practicas-feministas-para-hacer-frente-a-la-represion\\\/\",\"url\":\"https:\\\/\\\/iridia.cat\\\/es\\\/informe-practicas-feministas-para-hacer-frente-a-la-represion\\\/\",\"name\":\"[INFORME] Pr\u00e1cticas feministas para hacer frente a la represi\u00f3n\",\"isPartOf\":{\"@id\":\"https:\\\/\\\/test.iridia.cat\\\/#website\"},\"primaryImageOfPage\":{\"@id\":\"https:\\\/\\\/iridia.cat\\\/es\\\/informe-practicas-feministas-para-hacer-frente-a-la-represion\\\/#primaryimage\"},\"image\":{\"@id\":\"https:\\\/\\\/iridia.cat\\\/es\\\/informe-practicas-feministas-para-hacer-frente-a-la-represion\\\/#primaryimage\"},\"thumbnailUrl\":\"https:\\\/\\\/iridia.cat\\\/wp-content\\\/uploads\\\/2020\\\/04\\\/unnamed.jpg\",\"datePublished\":\"2021-10-27T10:27:43+00:00\",\"breadcrumb\":{\"@id\":\"https:\\\/\\\/iridia.cat\\\/es\\\/informe-practicas-feministas-para-hacer-frente-a-la-represion\\\/#breadcrumb\"},\"inLanguage\":\"es-ES\",\"potentialAction\":[{\"@type\":\"ReadAction\",\"target\":[\"https:\\\/\\\/iridia.cat\\\/es\\\/informe-practicas-feministas-para-hacer-frente-a-la-represion\\\/\"]}]},{\"@type\":\"ImageObject\",\"inLanguage\":\"es-ES\",\"@id\":\"https:\\\/\\\/iridia.cat\\\/es\\\/informe-practicas-feministas-para-hacer-frente-a-la-represion\\\/#primaryimage\",\"url\":\"https:\\\/\\\/iridia.cat\\\/wp-content\\\/uploads\\\/2020\\\/04\\\/unnamed.jpg\",\"contentUrl\":\"https:\\\/\\\/iridia.cat\\\/wp-content\\\/uploads\\\/2020\\\/04\\\/unnamed.jpg\",\"width\":512,\"height\":341},{\"@type\":\"BreadcrumbList\",\"@id\":\"https:\\\/\\\/iridia.cat\\\/es\\\/informe-practicas-feministas-para-hacer-frente-a-la-represion\\\/#breadcrumb\",\"itemListElement\":[{\"@type\":\"ListItem\",\"position\":1,\"name\":\"Inici\",\"item\":\"https:\\\/\\\/iridia.cat\\\/es\\\/\"},{\"@type\":\"ListItem\",\"position\":2,\"name\":\"[INFORME] Pr\u00e1cticas feministas para hacer frente a la represi\u00f3n\"}]},{\"@type\":\"WebSite\",\"@id\":\"https:\\\/\\\/test.iridia.cat\\\/#website\",\"url\":\"https:\\\/\\\/test.iridia.cat\\\/\",\"name\":\"Ir\u00eddia\",\"description\":\"\",\"publisher\":{\"@id\":\"https:\\\/\\\/test.iridia.cat\\\/#organization\"},\"potentialAction\":[{\"@type\":\"SearchAction\",\"target\":{\"@type\":\"EntryPoint\",\"urlTemplate\":\"https:\\\/\\\/test.iridia.cat\\\/?s={search_term_string}\"},\"query-input\":{\"@type\":\"PropertyValueSpecification\",\"valueRequired\":true,\"valueName\":\"search_term_string\"}}],\"inLanguage\":\"es-ES\"},{\"@type\":\"Organization\",\"@id\":\"https:\\\/\\\/test.iridia.cat\\\/#organization\",\"name\":\"Ir\u00eddia\",\"url\":\"https:\\\/\\\/test.iridia.cat\\\/\",\"logo\":{\"@type\":\"ImageObject\",\"inLanguage\":\"es-ES\",\"@id\":\"https:\\\/\\\/test.iridia.cat\\\/#\\\/schema\\\/logo\\\/image\\\/\",\"url\":\"https:\\\/\\\/iridia.cat\\\/wp-content\\\/uploads\\\/2022\\\/10\\\/avatar_iridia.png\",\"contentUrl\":\"https:\\\/\\\/iridia.cat\\\/wp-content\\\/uploads\\\/2022\\\/10\\\/avatar_iridia.png\",\"width\":740,\"height\":220,\"caption\":\"Ir\u00eddia\"},\"image\":{\"@id\":\"https:\\\/\\\/test.iridia.cat\\\/#\\\/schema\\\/logo\\\/image\\\/\"}},{\"@type\":\"Person\",\"@id\":\"https:\\\/\\\/test.iridia.cat\\\/#\\\/schema\\\/person\\\/4cd6357ca92585af3bb3f05b5c669d5f\",\"name\":\"Ir\u00eddia\",\"image\":{\"@type\":\"ImageObject\",\"inLanguage\":\"es-ES\",\"@id\":\"https:\\\/\\\/secure.gravatar.com\\\/avatar\\\/5b7e0123885b2270f0bc833c606fa7b6ae733761d3e80d47e23ba829fe3bd7f7?s=96&d=mm&r=g\",\"url\":\"https:\\\/\\\/secure.gravatar.com\\\/avatar\\\/5b7e0123885b2270f0bc833c606fa7b6ae733761d3e80d47e23ba829fe3bd7f7?s=96&d=mm&r=g\",\"contentUrl\":\"https:\\\/\\\/secure.gravatar.com\\\/avatar\\\/5b7e0123885b2270f0bc833c606fa7b6ae733761d3e80d47e23ba829fe3bd7f7?s=96&d=mm&r=g\",\"caption\":\"Ir\u00eddia\"},\"url\":\"https:\\\/\\\/iridia.cat\\\/es\\\/author\\\/iridia\\\/\"}]}<\/script>\n<!-- \/ Yoast SEO plugin. -->","yoast_head_json":{"title":"[INFORME] Pr\u00e1cticas feministas para hacer frente a la represi\u00f3n","robots":{"index":"index","follow":"follow","max-snippet":"max-snippet:-1","max-image-preview":"max-image-preview:large","max-video-preview":"max-video-preview:-1"},"canonical":"https:\/\/iridia.cat\/es\/informe-practicas-feministas-para-hacer-frente-a-la-represion\/","og_locale":"es_ES","og_type":"article","og_title":"[INFORME] Pr\u00e1cticas feministas para hacer frente a la represi\u00f3n","og_description":"Descarga aqu\u00ed el informe \u201cPr\u00e1cticas feministas para hacer frente a la represi\u00f3n\u201c. El presente informe Pr\u00e1cticas feministas para hacer frente a la represi\u00f3n se enmarca en lo programa \u201cMujeres defensoras seguras. Construyendo democracia y promoviendo derechos humanos en Mesoam\u00e9rica\u201d, financiado por la Agencia Catalana de Cooperaci\u00f3n al Desarrollo (ACCD) de la Generalitat de Catalu\u00f1a a [&hellip;]","og_url":"https:\/\/iridia.cat\/es\/informe-practicas-feministas-para-hacer-frente-a-la-represion\/","og_site_name":"Ir\u00eddia","article_published_time":"2021-10-27T10:27:43+00:00","og_image":[{"width":512,"height":341,"url":"https:\/\/iridia.cat\/wp-content\/uploads\/2020\/04\/unnamed.jpg","type":"image\/jpeg"}],"author":"Ir\u00eddia","twitter_card":"summary_large_image","twitter_misc":{"Written by":"Ir\u00eddia","Est. reading time":"4 minutes"},"schema":{"@context":"https:\/\/schema.org","@graph":[{"@type":"Article","@id":"https:\/\/iridia.cat\/es\/informe-practicas-feministas-para-hacer-frente-a-la-represion\/#article","isPartOf":{"@id":"https:\/\/iridia.cat\/es\/informe-practicas-feministas-para-hacer-frente-a-la-represion\/"},"author":{"name":"Ir\u00eddia","@id":"https:\/\/test.iridia.cat\/#\/schema\/person\/4cd6357ca92585af3bb3f05b5c669d5f"},"headline":"[INFORME] Pr\u00e1cticas feministas para hacer frente a la represi\u00f3n","datePublished":"2021-10-27T10:27:43+00:00","mainEntityOfPage":{"@id":"https:\/\/iridia.cat\/es\/informe-practicas-feministas-para-hacer-frente-a-la-represion\/"},"wordCount":740,"publisher":{"@id":"https:\/\/test.iridia.cat\/#organization"},"image":{"@id":"https:\/\/iridia.cat\/es\/informe-practicas-feministas-para-hacer-frente-a-la-represion\/#primaryimage"},"thumbnailUrl":"https:\/\/iridia.cat\/wp-content\/uploads\/2020\/04\/unnamed.jpg","keywords":["G\u00e9nero","Protesta"],"articleSection":["Publicaciones"],"inLanguage":"es-ES"},{"@type":"WebPage","@id":"https:\/\/iridia.cat\/es\/informe-practicas-feministas-para-hacer-frente-a-la-represion\/","url":"https:\/\/iridia.cat\/es\/informe-practicas-feministas-para-hacer-frente-a-la-represion\/","name":"[INFORME] Pr\u00e1cticas feministas para hacer frente a la represi\u00f3n","isPartOf":{"@id":"https:\/\/test.iridia.cat\/#website"},"primaryImageOfPage":{"@id":"https:\/\/iridia.cat\/es\/informe-practicas-feministas-para-hacer-frente-a-la-represion\/#primaryimage"},"image":{"@id":"https:\/\/iridia.cat\/es\/informe-practicas-feministas-para-hacer-frente-a-la-represion\/#primaryimage"},"thumbnailUrl":"https:\/\/iridia.cat\/wp-content\/uploads\/2020\/04\/unnamed.jpg","datePublished":"2021-10-27T10:27:43+00:00","breadcrumb":{"@id":"https:\/\/iridia.cat\/es\/informe-practicas-feministas-para-hacer-frente-a-la-represion\/#breadcrumb"},"inLanguage":"es-ES","potentialAction":[{"@type":"ReadAction","target":["https:\/\/iridia.cat\/es\/informe-practicas-feministas-para-hacer-frente-a-la-represion\/"]}]},{"@type":"ImageObject","inLanguage":"es-ES","@id":"https:\/\/iridia.cat\/es\/informe-practicas-feministas-para-hacer-frente-a-la-represion\/#primaryimage","url":"https:\/\/iridia.cat\/wp-content\/uploads\/2020\/04\/unnamed.jpg","contentUrl":"https:\/\/iridia.cat\/wp-content\/uploads\/2020\/04\/unnamed.jpg","width":512,"height":341},{"@type":"BreadcrumbList","@id":"https:\/\/iridia.cat\/es\/informe-practicas-feministas-para-hacer-frente-a-la-represion\/#breadcrumb","itemListElement":[{"@type":"ListItem","position":1,"name":"Inici","item":"https:\/\/iridia.cat\/es\/"},{"@type":"ListItem","position":2,"name":"[INFORME] Pr\u00e1cticas feministas para hacer frente a la represi\u00f3n"}]},{"@type":"WebSite","@id":"https:\/\/test.iridia.cat\/#website","url":"https:\/\/test.iridia.cat\/","name":"Ir\u00eddia","description":"","publisher":{"@id":"https:\/\/test.iridia.cat\/#organization"},"potentialAction":[{"@type":"SearchAction","target":{"@type":"EntryPoint","urlTemplate":"https:\/\/test.iridia.cat\/?s={search_term_string}"},"query-input":{"@type":"PropertyValueSpecification","valueRequired":true,"valueName":"search_term_string"}}],"inLanguage":"es-ES"},{"@type":"Organization","@id":"https:\/\/test.iridia.cat\/#organization","name":"Ir\u00eddia","url":"https:\/\/test.iridia.cat\/","logo":{"@type":"ImageObject","inLanguage":"es-ES","@id":"https:\/\/test.iridia.cat\/#\/schema\/logo\/image\/","url":"https:\/\/iridia.cat\/wp-content\/uploads\/2022\/10\/avatar_iridia.png","contentUrl":"https:\/\/iridia.cat\/wp-content\/uploads\/2022\/10\/avatar_iridia.png","width":740,"height":220,"caption":"Ir\u00eddia"},"image":{"@id":"https:\/\/test.iridia.cat\/#\/schema\/logo\/image\/"}},{"@type":"Person","@id":"https:\/\/test.iridia.cat\/#\/schema\/person\/4cd6357ca92585af3bb3f05b5c669d5f","name":"Ir\u00eddia","image":{"@type":"ImageObject","inLanguage":"es-ES","@id":"https:\/\/secure.gravatar.com\/avatar\/5b7e0123885b2270f0bc833c606fa7b6ae733761d3e80d47e23ba829fe3bd7f7?s=96&d=mm&r=g","url":"https:\/\/secure.gravatar.com\/avatar\/5b7e0123885b2270f0bc833c606fa7b6ae733761d3e80d47e23ba829fe3bd7f7?s=96&d=mm&r=g","contentUrl":"https:\/\/secure.gravatar.com\/avatar\/5b7e0123885b2270f0bc833c606fa7b6ae733761d3e80d47e23ba829fe3bd7f7?s=96&d=mm&r=g","caption":"Ir\u00eddia"},"url":"https:\/\/iridia.cat\/es\/author\/iridia\/"}]}},"_links":{"self":[{"href":"https:\/\/iridia.cat\/es\/wp-json\/wp\/v2\/posts\/4314","targetHints":{"allow":["GET"]}}],"collection":[{"href":"https:\/\/iridia.cat\/es\/wp-json\/wp\/v2\/posts"}],"about":[{"href":"https:\/\/iridia.cat\/es\/wp-json\/wp\/v2\/types\/post"}],"author":[{"embeddable":true,"href":"https:\/\/iridia.cat\/es\/wp-json\/wp\/v2\/users\/2"}],"replies":[{"embeddable":true,"href":"https:\/\/iridia.cat\/es\/wp-json\/wp\/v2\/comments?post=4314"}],"version-history":[{"count":1,"href":"https:\/\/iridia.cat\/es\/wp-json\/wp\/v2\/posts\/4314\/revisions"}],"predecessor-version":[{"id":4315,"href":"https:\/\/iridia.cat\/es\/wp-json\/wp\/v2\/posts\/4314\/revisions\/4315"}],"wp:featuredmedia":[{"embeddable":true,"href":"https:\/\/iridia.cat\/es\/wp-json\/wp\/v2\/media\/2093"}],"wp:attachment":[{"href":"https:\/\/iridia.cat\/es\/wp-json\/wp\/v2\/media?parent=4314"}],"wp:term":[{"taxonomy":"category","embeddable":true,"href":"https:\/\/iridia.cat\/es\/wp-json\/wp\/v2\/categories?post=4314"},{"taxonomy":"post_tag","embeddable":true,"href":"https:\/\/iridia.cat\/es\/wp-json\/wp\/v2\/tags?post=4314"}],"curies":[{"name":"wp","href":"https:\/\/api.w.org\/{rel}","templated":true}]}}