{"id":4584,"date":"2021-11-30T13:00:32","date_gmt":"2021-11-30T12:00:32","guid":{"rendered":"https:\/\/test.iridia.cat\/?p=4584"},"modified":"2021-11-30T15:18:31","modified_gmt":"2021-11-30T14:18:31","slug":"26-organizaciones-solicitamos-al-congreso-de-los-diputados-que-den-marcha-atras-y-no-se-apruebe-que-los-funcionarios-de-prisiones-sean-considerados-agentes-de-la-autoridad","status":"publish","type":"post","link":"https:\/\/iridia.cat\/es\/26-organizaciones-solicitamos-al-congreso-de-los-diputados-que-den-marcha-atras-y-no-se-apruebe-que-los-funcionarios-de-prisiones-sean-considerados-agentes-de-la-autoridad\/","title":{"rendered":"26 organizaciones solicitamos al Congreso de los Diputados que den marcha atr\u00e1s y no se apruebe que los funcionarios de prisiones sean considerados agentes de la autoridad"},"content":{"rendered":"<h3>La enmienda propuesta por Unidas Podemos y PSOE abre las puertas a la policializaci\u00f3n de los funcionarios de prisiones, as\u00ed como a un aumento de la arbitrariedad en las decisiones que afectan a las personas presas.<\/h3>\n<p><strong>Madrid, 30 de noviembre de 2021<\/strong>. En un comunicado publicado esta ma\u00f1ana un total de 26 organizaciones hemos manifestado nuestro \u00ab<strong>absoluto rechazo<\/strong>\u00bb a la enmienda formulada por el PSOE y Unidas Podemos a la ley mordaza, que reconoce a los funcionarios de prisiones como agentes de la autoridad. Por tal motivo, estos colectivos hemos registrado una petici\u00f3n dirigida a las portavoc\u00edas de los grupos parlamentarios que componen la Comisi\u00f3n de Interior del Congreso, con la finalidad de \u00ab<strong>frenar una modificaci\u00f3n legislativa que implicar\u00eda una nueva regresi\u00f3n democr\u00e1tica<\/strong>\u00bb.<\/p>\n<p>Seg\u00fan fuentes de las organizaciones sociales, esta propuesta \u00ab<strong>implica romper con el consenso establecido en la Ley General Penitenciaria aprobada en el a\u00f1o 1979<\/strong>\u00bb. Esa norma, tal y como aclaran los colectivos, \u00absupuso un salto democr\u00e1tico, ya que<strong> cre\u00f3 un cuerpo civil<\/strong> para la gesti\u00f3n de los centros penitenciarios, en contra de lo que suced\u00eda durante el r\u00e9gimen franquista\u00bb. En este sentido, la enmienda \u00ab<strong>abre las puertas a la policializaci\u00f3n de los funcionarios de prisi\u00f3n<\/strong>\u00bb, ya que, de conformidad con los principios constitucionales, \u00ab<strong>los criterios que han de guiar su actuaci\u00f3n son de \u00edndole tratamental y no de r\u00e9gimen ni orden p\u00fablico<\/strong>\u00bb.<\/p>\n<p>En nuestra opini\u00f3n, esta reforma constituye \u00abel <strong>abandono del paradigma rehabilitador que te\u00f3ricamente debe guiar el funcionamiento del sistema penitenciario<\/strong>\u00bb. En su lugar, esta enmienda implanta un modelo en el que \u00ablas personas privadas de libertad podr\u00e1n ser sancionadas por hechos leves tanto por la v\u00eda administrativa-penitenciaria, como tambi\u00e9n en la v\u00eda penal, generando un aumento de los casos en los que se acuse y condene por atentado, resistencia o desobediencia a agentes de la autoridad\u00bb. Adem\u00e1s, esta reforma tambi\u00e9n supondr\u00e1 \u00abun <strong>incremento de las dificultades para denunciar situaciones de maltrato en contexto de privaci\u00f3n de libertad<\/strong>\u00bb. De esta manera, la <strong>presunci\u00f3n de veracidad<\/strong> de los funcionarios de c\u00e1rcel, que pretende introducir la reforma, \u00ab<strong>actuar\u00e1 como un elemento disuasorio<\/strong> a la hora de presentar denuncias e iniciar procedimientos ante una eventual contradenuncia por parte de los funcionarios\u00bb. Asimismo, aumenta el margen de arbitrariedad en los expedientes sancionadores, incluidos aquellos que afectan gravemente a derechos fundamentales, como los aislamientos en celda.<\/p>\n<p>Las organizaciones sociales hemos puesto de manifiesto nuestro desconcierto respecto a esta enmienda, dado que esta propuesta se presenta poco tiempo despu\u00e9s de haber publicado el Comit\u00e9 para la Prevenci\u00f3n de la Tortura (CPT) del Consejo de Europa su informe tras su \u00faltima visita al Estado espa\u00f1ol. Respecto a la situaci\u00f3n de los centros penitenciarios, el CPT ha afirmado que \u00ab<strong>sigue existiendo un patr\u00f3n de malos tratos f\u00edsicos infligidos por los funcionarios de prisiones<\/strong> como reacci\u00f3n desproporcionada y punitiva al comportamiento recalcitrante de los presos\u00bb. Seg\u00fan la delegaci\u00f3n del CPT, las denuncias efectuadas por las personas privadas de libertad no pueden ser tratadas como resultado de las acciones de uno o dos funcionarios, \u00absino que representan una <strong>cultura m\u00e1s profunda de abuso de poder e impunidad<\/strong> entre ciertos funcionarios de prisiones que trabajan en estas c\u00e1rceles\u00bb. Por todo ello, las organizaciones sociales han solicitado esta ma\u00f1ana a los grupos parlamentarios que den marcha atr\u00e1s en esta reforma que supondr\u00eda \u00ab<strong>un paso atr\u00e1s en la garant\u00eda de los derechos de las personas privadas de libertad y un paso adelante en la consolidaci\u00f3n de la cultura de abuso de poder e impunidad denunciada por el Consejo de Europa<\/strong>\u00bb.<\/p>\n<h3 class=\"western\" lang=\"es-ES\">Organizaciones firmantes:<\/h3>\n<p>1. Asamblea de la Marcha contra la Macroc\u00e1rcel de Zuera<br \/>\n2. Asociaci\u00f3n Pro Derechos Humanos de Andaluc\u00eda (APDHA)<br \/>\n3. Asociaci\u00f3n Libre de Abogadas y Abogados de Madrid &#8211; ALA<br \/>\n4. Asociaci\u00f3n Libre de Abogados y Abogadas de Zaragoza &#8211; ALAZ<br \/>\n5. Asociaci\u00f3n de Derecho Penitenciario Rebeca Santamalia (ASDEPRES)<br \/>\n6. Asociaci\u00f3n Salhaketa &#8211; Araba<br \/>\n7. Asociaci\u00f3n Salhaketa &#8211; Nafarroa<br \/>\n8. Associaci\u00f3 Catalana per a la Defensa dels Drets Humans<br \/>\n9. C. A. M. P. A. (Colectivo de Apoyo a Mujeres Presas en Arag\u00f3n)<br \/>\n10. Ceivar, Organismo Popular Anti-repressivo<br \/>\n11. Colexio da Avogacia de Ourense<br \/>\n12. Comisi\u00f3n Legal Sol<br \/>\n13. CNT-AIT Tarragona<br \/>\n14. Observatorio del sistema penal y los derechos humanos de la Universidad de Barcelona<br \/>\n15. EsCulCa<br \/>\n16. Fam\u00edlies de Presos a Catalunya<br \/>\n17. Federaci\u00f3n Andaluza Enlace<br \/>\n18. Federaci\u00f3n Provincial de Drogodependencias Liberaci\u00f3n<br \/>\n19. GrupoDerechosCiviles15mZaragoza<br \/>\n20. IACTA Cooperativa d\u2019Advocades<br \/>\n21. Institut de Drets Humans de Catalunya<br \/>\n22. Ir\u00eddia &#8211; Centre per a la defensa dels drets humans<br \/>\n23. La Corda &#8211; Grup anticarcerari de Reus<br \/>\n24. OTEANDO. Observatorio para la defensa de los derechos y libertades<br \/>\n25. SODePAz Balamil<br \/>\n26. Zambra M\u00e1laga<\/p>\n","protected":false},"excerpt":{"rendered":"<p>La enmienda propuesta por Unidas Podemos y PSOE abre las puertas a la policializaci\u00f3n de los funcionarios de prisiones, as\u00ed como a un aumento de la arbitrariedad en las decisiones que afectan a las personas presas. Madrid, 30 de noviembre de 2021. En un comunicado publicado esta ma\u00f1ana un total de 26 organizaciones hemos manifestado [&hellip;]<\/p>\n","protected":false},"author":2,"featured_media":4585,"comment_status":"closed","ping_status":"closed","sticky":false,"template":"","format":"standard","meta":{"_acf_changed":false,"footnotes":""},"categories":[3],"tags":[58,65],"class_list":["post-4584","post","type-post","status-publish","format-standard","has-post-thumbnail","hentry","category-publicaciones","tag-comunicados-iridia","tag-prisiones"],"acf":[],"yoast_head":"<!-- This site is optimized with the Yoast SEO plugin v27.4 - https:\/\/yoast.com\/product\/yoast-seo-wordpress\/ -->\n<title>26 organizaciones solicitamos al Congreso de los Diputados que den marcha atr\u00e1s y no se apruebe que los funcionarios de prisiones sean considerados agentes de la autoridad<\/title>\n<meta name=\"robots\" content=\"index, follow, max-snippet:-1, max-image-preview:large, max-video-preview:-1\" \/>\n<link rel=\"canonical\" href=\"https:\/\/iridia.cat\/es\/26-organizaciones-solicitamos-al-congreso-de-los-diputados-que-den-marcha-atras-y-no-se-apruebe-que-los-funcionarios-de-prisiones-sean-considerados-agentes-de-la-autoridad\/\" \/>\n<meta property=\"og:locale\" content=\"es_ES\" \/>\n<meta property=\"og:type\" content=\"article\" \/>\n<meta property=\"og:title\" content=\"26 organizaciones solicitamos al Congreso de los Diputados que den marcha atr\u00e1s y no se apruebe que los funcionarios de prisiones sean considerados agentes de la autoridad\" \/>\n<meta property=\"og:description\" content=\"La enmienda propuesta por Unidas Podemos y PSOE abre las puertas a la policializaci\u00f3n de los funcionarios de prisiones, as\u00ed como a un aumento de la arbitrariedad en las decisiones que afectan a las personas presas. Madrid, 30 de noviembre de 2021. En un comunicado publicado esta ma\u00f1ana un total de 26 organizaciones hemos manifestado [&hellip;]\" \/>\n<meta property=\"og:url\" content=\"https:\/\/iridia.cat\/es\/26-organizaciones-solicitamos-al-congreso-de-los-diputados-que-den-marcha-atras-y-no-se-apruebe-que-los-funcionarios-de-prisiones-sean-considerados-agentes-de-la-autoridad\/\" \/>\n<meta property=\"og:site_name\" content=\"Ir\u00eddia\" \/>\n<meta property=\"article:published_time\" content=\"2021-11-30T12:00:32+00:00\" \/>\n<meta property=\"article:modified_time\" content=\"2021-11-30T14:18:31+00:00\" \/>\n<meta property=\"og:image\" content=\"https:\/\/iridia.cat\/wp-content\/uploads\/2021\/11\/26022021-_MG_0694-scaled.jpg\" \/>\n\t<meta property=\"og:image:width\" content=\"2560\" \/>\n\t<meta property=\"og:image:height\" content=\"1707\" \/>\n\t<meta property=\"og:image:type\" content=\"image\/jpeg\" \/>\n<meta name=\"author\" content=\"Ir\u00eddia\" \/>\n<meta name=\"twitter:card\" content=\"summary_large_image\" \/>\n<meta name=\"twitter:label1\" content=\"Written by\" \/>\n\t<meta name=\"twitter:data1\" content=\"Ir\u00eddia\" \/>\n\t<meta name=\"twitter:label2\" content=\"Est. reading time\" \/>\n\t<meta name=\"twitter:data2\" content=\"4 minutes\" \/>\n<script type=\"application\/ld+json\" class=\"yoast-schema-graph\">{\"@context\":\"https:\\\/\\\/schema.org\",\"@graph\":[{\"@type\":\"Article\",\"@id\":\"https:\\\/\\\/iridia.cat\\\/es\\\/26-organizaciones-solicitamos-al-congreso-de-los-diputados-que-den-marcha-atras-y-no-se-apruebe-que-los-funcionarios-de-prisiones-sean-considerados-agentes-de-la-autoridad\\\/#article\",\"isPartOf\":{\"@id\":\"https:\\\/\\\/iridia.cat\\\/es\\\/26-organizaciones-solicitamos-al-congreso-de-los-diputados-que-den-marcha-atras-y-no-se-apruebe-que-los-funcionarios-de-prisiones-sean-considerados-agentes-de-la-autoridad\\\/\"},\"author\":{\"name\":\"Ir\u00eddia\",\"@id\":\"https:\\\/\\\/test.iridia.cat\\\/#\\\/schema\\\/person\\\/4cd6357ca92585af3bb3f05b5c669d5f\"},\"headline\":\"26 organizaciones solicitamos al Congreso de los Diputados que den marcha atr\u00e1s y no se apruebe que los funcionarios de prisiones sean considerados agentes de la autoridad\",\"datePublished\":\"2021-11-30T12:00:32+00:00\",\"dateModified\":\"2021-11-30T14:18:31+00:00\",\"mainEntityOfPage\":{\"@id\":\"https:\\\/\\\/iridia.cat\\\/es\\\/26-organizaciones-solicitamos-al-congreso-de-los-diputados-que-den-marcha-atras-y-no-se-apruebe-que-los-funcionarios-de-prisiones-sean-considerados-agentes-de-la-autoridad\\\/\"},\"wordCount\":827,\"publisher\":{\"@id\":\"https:\\\/\\\/test.iridia.cat\\\/#organization\"},\"image\":{\"@id\":\"https:\\\/\\\/iridia.cat\\\/es\\\/26-organizaciones-solicitamos-al-congreso-de-los-diputados-que-den-marcha-atras-y-no-se-apruebe-que-los-funcionarios-de-prisiones-sean-considerados-agentes-de-la-autoridad\\\/#primaryimage\"},\"thumbnailUrl\":\"https:\\\/\\\/iridia.cat\\\/wp-content\\\/uploads\\\/2021\\\/11\\\/26022021-_MG_0694-scaled.jpg\",\"keywords\":[\"Comunicados\",\"Prisiones\"],\"articleSection\":[\"Publicaciones\"],\"inLanguage\":\"es-ES\"},{\"@type\":\"WebPage\",\"@id\":\"https:\\\/\\\/iridia.cat\\\/es\\\/26-organizaciones-solicitamos-al-congreso-de-los-diputados-que-den-marcha-atras-y-no-se-apruebe-que-los-funcionarios-de-prisiones-sean-considerados-agentes-de-la-autoridad\\\/\",\"url\":\"https:\\\/\\\/iridia.cat\\\/es\\\/26-organizaciones-solicitamos-al-congreso-de-los-diputados-que-den-marcha-atras-y-no-se-apruebe-que-los-funcionarios-de-prisiones-sean-considerados-agentes-de-la-autoridad\\\/\",\"name\":\"26 organizaciones solicitamos al Congreso de los Diputados que den marcha atr\u00e1s y no se apruebe que los funcionarios de prisiones sean considerados agentes de la autoridad\",\"isPartOf\":{\"@id\":\"https:\\\/\\\/test.iridia.cat\\\/#website\"},\"primaryImageOfPage\":{\"@id\":\"https:\\\/\\\/iridia.cat\\\/es\\\/26-organizaciones-solicitamos-al-congreso-de-los-diputados-que-den-marcha-atras-y-no-se-apruebe-que-los-funcionarios-de-prisiones-sean-considerados-agentes-de-la-autoridad\\\/#primaryimage\"},\"image\":{\"@id\":\"https:\\\/\\\/iridia.cat\\\/es\\\/26-organizaciones-solicitamos-al-congreso-de-los-diputados-que-den-marcha-atras-y-no-se-apruebe-que-los-funcionarios-de-prisiones-sean-considerados-agentes-de-la-autoridad\\\/#primaryimage\"},\"thumbnailUrl\":\"https:\\\/\\\/iridia.cat\\\/wp-content\\\/uploads\\\/2021\\\/11\\\/26022021-_MG_0694-scaled.jpg\",\"datePublished\":\"2021-11-30T12:00:32+00:00\",\"dateModified\":\"2021-11-30T14:18:31+00:00\",\"breadcrumb\":{\"@id\":\"https:\\\/\\\/iridia.cat\\\/es\\\/26-organizaciones-solicitamos-al-congreso-de-los-diputados-que-den-marcha-atras-y-no-se-apruebe-que-los-funcionarios-de-prisiones-sean-considerados-agentes-de-la-autoridad\\\/#breadcrumb\"},\"inLanguage\":\"es-ES\",\"potentialAction\":[{\"@type\":\"ReadAction\",\"target\":[\"https:\\\/\\\/iridia.cat\\\/es\\\/26-organizaciones-solicitamos-al-congreso-de-los-diputados-que-den-marcha-atras-y-no-se-apruebe-que-los-funcionarios-de-prisiones-sean-considerados-agentes-de-la-autoridad\\\/\"]}]},{\"@type\":\"ImageObject\",\"inLanguage\":\"es-ES\",\"@id\":\"https:\\\/\\\/iridia.cat\\\/es\\\/26-organizaciones-solicitamos-al-congreso-de-los-diputados-que-den-marcha-atras-y-no-se-apruebe-que-los-funcionarios-de-prisiones-sean-considerados-agentes-de-la-autoridad\\\/#primaryimage\",\"url\":\"https:\\\/\\\/iridia.cat\\\/wp-content\\\/uploads\\\/2021\\\/11\\\/26022021-_MG_0694-scaled.jpg\",\"contentUrl\":\"https:\\\/\\\/iridia.cat\\\/wp-content\\\/uploads\\\/2021\\\/11\\\/26022021-_MG_0694-scaled.jpg\",\"width\":2560,\"height\":1707},{\"@type\":\"BreadcrumbList\",\"@id\":\"https:\\\/\\\/iridia.cat\\\/es\\\/26-organizaciones-solicitamos-al-congreso-de-los-diputados-que-den-marcha-atras-y-no-se-apruebe-que-los-funcionarios-de-prisiones-sean-considerados-agentes-de-la-autoridad\\\/#breadcrumb\",\"itemListElement\":[{\"@type\":\"ListItem\",\"position\":1,\"name\":\"Inici\",\"item\":\"https:\\\/\\\/iridia.cat\\\/es\\\/\"},{\"@type\":\"ListItem\",\"position\":2,\"name\":\"26 organizaciones solicitamos al Congreso de los Diputados que den marcha atr\u00e1s y no se apruebe que los funcionarios de prisiones sean considerados agentes de la autoridad\"}]},{\"@type\":\"WebSite\",\"@id\":\"https:\\\/\\\/test.iridia.cat\\\/#website\",\"url\":\"https:\\\/\\\/test.iridia.cat\\\/\",\"name\":\"Ir\u00eddia\",\"description\":\"\",\"publisher\":{\"@id\":\"https:\\\/\\\/test.iridia.cat\\\/#organization\"},\"potentialAction\":[{\"@type\":\"SearchAction\",\"target\":{\"@type\":\"EntryPoint\",\"urlTemplate\":\"https:\\\/\\\/test.iridia.cat\\\/?s={search_term_string}\"},\"query-input\":{\"@type\":\"PropertyValueSpecification\",\"valueRequired\":true,\"valueName\":\"search_term_string\"}}],\"inLanguage\":\"es-ES\"},{\"@type\":\"Organization\",\"@id\":\"https:\\\/\\\/test.iridia.cat\\\/#organization\",\"name\":\"Ir\u00eddia\",\"url\":\"https:\\\/\\\/test.iridia.cat\\\/\",\"logo\":{\"@type\":\"ImageObject\",\"inLanguage\":\"es-ES\",\"@id\":\"https:\\\/\\\/test.iridia.cat\\\/#\\\/schema\\\/logo\\\/image\\\/\",\"url\":\"https:\\\/\\\/iridia.cat\\\/wp-content\\\/uploads\\\/2022\\\/10\\\/avatar_iridia.png\",\"contentUrl\":\"https:\\\/\\\/iridia.cat\\\/wp-content\\\/uploads\\\/2022\\\/10\\\/avatar_iridia.png\",\"width\":740,\"height\":220,\"caption\":\"Ir\u00eddia\"},\"image\":{\"@id\":\"https:\\\/\\\/test.iridia.cat\\\/#\\\/schema\\\/logo\\\/image\\\/\"}},{\"@type\":\"Person\",\"@id\":\"https:\\\/\\\/test.iridia.cat\\\/#\\\/schema\\\/person\\\/4cd6357ca92585af3bb3f05b5c669d5f\",\"name\":\"Ir\u00eddia\",\"image\":{\"@type\":\"ImageObject\",\"inLanguage\":\"es-ES\",\"@id\":\"https:\\\/\\\/secure.gravatar.com\\\/avatar\\\/5b7e0123885b2270f0bc833c606fa7b6ae733761d3e80d47e23ba829fe3bd7f7?s=96&d=mm&r=g\",\"url\":\"https:\\\/\\\/secure.gravatar.com\\\/avatar\\\/5b7e0123885b2270f0bc833c606fa7b6ae733761d3e80d47e23ba829fe3bd7f7?s=96&d=mm&r=g\",\"contentUrl\":\"https:\\\/\\\/secure.gravatar.com\\\/avatar\\\/5b7e0123885b2270f0bc833c606fa7b6ae733761d3e80d47e23ba829fe3bd7f7?s=96&d=mm&r=g\",\"caption\":\"Ir\u00eddia\"},\"url\":\"https:\\\/\\\/iridia.cat\\\/es\\\/author\\\/iridia\\\/\"}]}<\/script>\n<!-- \/ Yoast SEO plugin. -->","yoast_head_json":{"title":"26 organizaciones solicitamos al Congreso de los Diputados que den marcha atr\u00e1s y no se apruebe que los funcionarios de prisiones sean considerados agentes de la autoridad","robots":{"index":"index","follow":"follow","max-snippet":"max-snippet:-1","max-image-preview":"max-image-preview:large","max-video-preview":"max-video-preview:-1"},"canonical":"https:\/\/iridia.cat\/es\/26-organizaciones-solicitamos-al-congreso-de-los-diputados-que-den-marcha-atras-y-no-se-apruebe-que-los-funcionarios-de-prisiones-sean-considerados-agentes-de-la-autoridad\/","og_locale":"es_ES","og_type":"article","og_title":"26 organizaciones solicitamos al Congreso de los Diputados que den marcha atr\u00e1s y no se apruebe que los funcionarios de prisiones sean considerados agentes de la autoridad","og_description":"La enmienda propuesta por Unidas Podemos y PSOE abre las puertas a la policializaci\u00f3n de los funcionarios de prisiones, as\u00ed como a un aumento de la arbitrariedad en las decisiones que afectan a las personas presas. Madrid, 30 de noviembre de 2021. En un comunicado publicado esta ma\u00f1ana un total de 26 organizaciones hemos manifestado [&hellip;]","og_url":"https:\/\/iridia.cat\/es\/26-organizaciones-solicitamos-al-congreso-de-los-diputados-que-den-marcha-atras-y-no-se-apruebe-que-los-funcionarios-de-prisiones-sean-considerados-agentes-de-la-autoridad\/","og_site_name":"Ir\u00eddia","article_published_time":"2021-11-30T12:00:32+00:00","article_modified_time":"2021-11-30T14:18:31+00:00","og_image":[{"width":2560,"height":1707,"url":"https:\/\/iridia.cat\/wp-content\/uploads\/2021\/11\/26022021-_MG_0694-scaled.jpg","type":"image\/jpeg"}],"author":"Ir\u00eddia","twitter_card":"summary_large_image","twitter_misc":{"Written by":"Ir\u00eddia","Est. reading time":"4 minutes"},"schema":{"@context":"https:\/\/schema.org","@graph":[{"@type":"Article","@id":"https:\/\/iridia.cat\/es\/26-organizaciones-solicitamos-al-congreso-de-los-diputados-que-den-marcha-atras-y-no-se-apruebe-que-los-funcionarios-de-prisiones-sean-considerados-agentes-de-la-autoridad\/#article","isPartOf":{"@id":"https:\/\/iridia.cat\/es\/26-organizaciones-solicitamos-al-congreso-de-los-diputados-que-den-marcha-atras-y-no-se-apruebe-que-los-funcionarios-de-prisiones-sean-considerados-agentes-de-la-autoridad\/"},"author":{"name":"Ir\u00eddia","@id":"https:\/\/test.iridia.cat\/#\/schema\/person\/4cd6357ca92585af3bb3f05b5c669d5f"},"headline":"26 organizaciones solicitamos al Congreso de los Diputados que den marcha atr\u00e1s y no se apruebe que los funcionarios de prisiones sean considerados agentes de la autoridad","datePublished":"2021-11-30T12:00:32+00:00","dateModified":"2021-11-30T14:18:31+00:00","mainEntityOfPage":{"@id":"https:\/\/iridia.cat\/es\/26-organizaciones-solicitamos-al-congreso-de-los-diputados-que-den-marcha-atras-y-no-se-apruebe-que-los-funcionarios-de-prisiones-sean-considerados-agentes-de-la-autoridad\/"},"wordCount":827,"publisher":{"@id":"https:\/\/test.iridia.cat\/#organization"},"image":{"@id":"https:\/\/iridia.cat\/es\/26-organizaciones-solicitamos-al-congreso-de-los-diputados-que-den-marcha-atras-y-no-se-apruebe-que-los-funcionarios-de-prisiones-sean-considerados-agentes-de-la-autoridad\/#primaryimage"},"thumbnailUrl":"https:\/\/iridia.cat\/wp-content\/uploads\/2021\/11\/26022021-_MG_0694-scaled.jpg","keywords":["Comunicados","Prisiones"],"articleSection":["Publicaciones"],"inLanguage":"es-ES"},{"@type":"WebPage","@id":"https:\/\/iridia.cat\/es\/26-organizaciones-solicitamos-al-congreso-de-los-diputados-que-den-marcha-atras-y-no-se-apruebe-que-los-funcionarios-de-prisiones-sean-considerados-agentes-de-la-autoridad\/","url":"https:\/\/iridia.cat\/es\/26-organizaciones-solicitamos-al-congreso-de-los-diputados-que-den-marcha-atras-y-no-se-apruebe-que-los-funcionarios-de-prisiones-sean-considerados-agentes-de-la-autoridad\/","name":"26 organizaciones solicitamos al Congreso de los Diputados que den marcha atr\u00e1s y no se apruebe que los funcionarios de prisiones sean considerados agentes de la autoridad","isPartOf":{"@id":"https:\/\/test.iridia.cat\/#website"},"primaryImageOfPage":{"@id":"https:\/\/iridia.cat\/es\/26-organizaciones-solicitamos-al-congreso-de-los-diputados-que-den-marcha-atras-y-no-se-apruebe-que-los-funcionarios-de-prisiones-sean-considerados-agentes-de-la-autoridad\/#primaryimage"},"image":{"@id":"https:\/\/iridia.cat\/es\/26-organizaciones-solicitamos-al-congreso-de-los-diputados-que-den-marcha-atras-y-no-se-apruebe-que-los-funcionarios-de-prisiones-sean-considerados-agentes-de-la-autoridad\/#primaryimage"},"thumbnailUrl":"https:\/\/iridia.cat\/wp-content\/uploads\/2021\/11\/26022021-_MG_0694-scaled.jpg","datePublished":"2021-11-30T12:00:32+00:00","dateModified":"2021-11-30T14:18:31+00:00","breadcrumb":{"@id":"https:\/\/iridia.cat\/es\/26-organizaciones-solicitamos-al-congreso-de-los-diputados-que-den-marcha-atras-y-no-se-apruebe-que-los-funcionarios-de-prisiones-sean-considerados-agentes-de-la-autoridad\/#breadcrumb"},"inLanguage":"es-ES","potentialAction":[{"@type":"ReadAction","target":["https:\/\/iridia.cat\/es\/26-organizaciones-solicitamos-al-congreso-de-los-diputados-que-den-marcha-atras-y-no-se-apruebe-que-los-funcionarios-de-prisiones-sean-considerados-agentes-de-la-autoridad\/"]}]},{"@type":"ImageObject","inLanguage":"es-ES","@id":"https:\/\/iridia.cat\/es\/26-organizaciones-solicitamos-al-congreso-de-los-diputados-que-den-marcha-atras-y-no-se-apruebe-que-los-funcionarios-de-prisiones-sean-considerados-agentes-de-la-autoridad\/#primaryimage","url":"https:\/\/iridia.cat\/wp-content\/uploads\/2021\/11\/26022021-_MG_0694-scaled.jpg","contentUrl":"https:\/\/iridia.cat\/wp-content\/uploads\/2021\/11\/26022021-_MG_0694-scaled.jpg","width":2560,"height":1707},{"@type":"BreadcrumbList","@id":"https:\/\/iridia.cat\/es\/26-organizaciones-solicitamos-al-congreso-de-los-diputados-que-den-marcha-atras-y-no-se-apruebe-que-los-funcionarios-de-prisiones-sean-considerados-agentes-de-la-autoridad\/#breadcrumb","itemListElement":[{"@type":"ListItem","position":1,"name":"Inici","item":"https:\/\/iridia.cat\/es\/"},{"@type":"ListItem","position":2,"name":"26 organizaciones solicitamos al Congreso de los Diputados que den marcha atr\u00e1s y no se apruebe que los funcionarios de prisiones sean considerados agentes de la autoridad"}]},{"@type":"WebSite","@id":"https:\/\/test.iridia.cat\/#website","url":"https:\/\/test.iridia.cat\/","name":"Ir\u00eddia","description":"","publisher":{"@id":"https:\/\/test.iridia.cat\/#organization"},"potentialAction":[{"@type":"SearchAction","target":{"@type":"EntryPoint","urlTemplate":"https:\/\/test.iridia.cat\/?s={search_term_string}"},"query-input":{"@type":"PropertyValueSpecification","valueRequired":true,"valueName":"search_term_string"}}],"inLanguage":"es-ES"},{"@type":"Organization","@id":"https:\/\/test.iridia.cat\/#organization","name":"Ir\u00eddia","url":"https:\/\/test.iridia.cat\/","logo":{"@type":"ImageObject","inLanguage":"es-ES","@id":"https:\/\/test.iridia.cat\/#\/schema\/logo\/image\/","url":"https:\/\/iridia.cat\/wp-content\/uploads\/2022\/10\/avatar_iridia.png","contentUrl":"https:\/\/iridia.cat\/wp-content\/uploads\/2022\/10\/avatar_iridia.png","width":740,"height":220,"caption":"Ir\u00eddia"},"image":{"@id":"https:\/\/test.iridia.cat\/#\/schema\/logo\/image\/"}},{"@type":"Person","@id":"https:\/\/test.iridia.cat\/#\/schema\/person\/4cd6357ca92585af3bb3f05b5c669d5f","name":"Ir\u00eddia","image":{"@type":"ImageObject","inLanguage":"es-ES","@id":"https:\/\/secure.gravatar.com\/avatar\/5b7e0123885b2270f0bc833c606fa7b6ae733761d3e80d47e23ba829fe3bd7f7?s=96&d=mm&r=g","url":"https:\/\/secure.gravatar.com\/avatar\/5b7e0123885b2270f0bc833c606fa7b6ae733761d3e80d47e23ba829fe3bd7f7?s=96&d=mm&r=g","contentUrl":"https:\/\/secure.gravatar.com\/avatar\/5b7e0123885b2270f0bc833c606fa7b6ae733761d3e80d47e23ba829fe3bd7f7?s=96&d=mm&r=g","caption":"Ir\u00eddia"},"url":"https:\/\/iridia.cat\/es\/author\/iridia\/"}]}},"_links":{"self":[{"href":"https:\/\/iridia.cat\/es\/wp-json\/wp\/v2\/posts\/4584","targetHints":{"allow":["GET"]}}],"collection":[{"href":"https:\/\/iridia.cat\/es\/wp-json\/wp\/v2\/posts"}],"about":[{"href":"https:\/\/iridia.cat\/es\/wp-json\/wp\/v2\/types\/post"}],"author":[{"embeddable":true,"href":"https:\/\/iridia.cat\/es\/wp-json\/wp\/v2\/users\/2"}],"replies":[{"embeddable":true,"href":"https:\/\/iridia.cat\/es\/wp-json\/wp\/v2\/comments?post=4584"}],"version-history":[{"count":5,"href":"https:\/\/iridia.cat\/es\/wp-json\/wp\/v2\/posts\/4584\/revisions"}],"predecessor-version":[{"id":4601,"href":"https:\/\/iridia.cat\/es\/wp-json\/wp\/v2\/posts\/4584\/revisions\/4601"}],"wp:featuredmedia":[{"embeddable":true,"href":"https:\/\/iridia.cat\/es\/wp-json\/wp\/v2\/media\/4585"}],"wp:attachment":[{"href":"https:\/\/iridia.cat\/es\/wp-json\/wp\/v2\/media?parent=4584"}],"wp:term":[{"taxonomy":"category","embeddable":true,"href":"https:\/\/iridia.cat\/es\/wp-json\/wp\/v2\/categories?post=4584"},{"taxonomy":"post_tag","embeddable":true,"href":"https:\/\/iridia.cat\/es\/wp-json\/wp\/v2\/tags?post=4584"}],"curies":[{"name":"wp","href":"https:\/\/api.w.org\/{rel}","templated":true}]}}