{"id":4959,"date":"2022-03-15T12:59:43","date_gmt":"2022-03-15T11:59:43","guid":{"rendered":"https:\/\/test.iridia.cat\/?p=4959"},"modified":"2022-03-15T12:59:43","modified_gmt":"2022-03-15T11:59:43","slug":"trece-organizaciones-y-colectivos-reclaman-a-los-partidos-aprovechar-la-ultima-oportunidad-de-quitarnos-todas-las-mordazas","status":"publish","type":"post","link":"https:\/\/iridia.cat\/es\/trece-organizaciones-y-colectivos-reclaman-a-los-partidos-aprovechar-la-ultima-oportunidad-de-quitarnos-todas-las-mordazas\/","title":{"rendered":"Trece organizaciones y colectivos reclaman a los partidos aprovechar \u201cla \u00faltima oportunidad de quitarnos todas las mordazas\u201d"},"content":{"rendered":"<ul>\n<li>\n<h3><strong>Representantes de doce entidades se unen a la plataforma No Somos Delito para reclamar cambios m\u00e1s profundos frente al Congreso en la semana clave en las negociaciones para la reforma de Ley de Seguridad Ciudadana<br \/>\n<\/strong><\/h3>\n<\/li>\n<li>\n<h3><strong>Las entidades participantes son las siguientes: Amnist\u00eda Internacional, Asociaci\u00f3n Libre de Abogadas y Abogados, Coordinadora de Vivienda en Madrid, Defender a Quien Defiende, Federaci\u00f3n de Sindicatos de Periodistas, Greenpeace, Ir\u00eddia, No Somos Delito, Plataforma por la Libertad de Informaci\u00f3n, No M\u00e1s Precariedad, CGT, Sindicato de Inquilinas y Plataforma de Afectados por la Hipoteca <\/strong><\/h3>\n<\/li>\n<\/ul>\n<p>Con una mordaza frente al Congreso de los Diputados, representantes de <strong>doce entidades y colectivos<\/strong> junto a la plataforma <a href=\"https:\/\/nosomosdelito.net\/\">No Somos Delito<\/a> han expresado as\u00ed, en las escaleras de entrada del Parlamento, la necesidad de \u201caprovechar la \u00faltima oportunidad\u201d que suponen las negociaciones sobre la reforma de la Ley de Seguridad Ciudadana para \u201cquitarnos de una vez todas las mordazas\u201d que se mantienen a\u00fan en el proyecto de reforma presentado.<\/p>\n<p><em>\u201c<strong>Amordazada, as\u00ed est\u00e1 la sociedad civil en nuestro pa\u00eds <\/strong>desde que se aprob\u00f3 la Ley de Seguridad Ciudadana en 2015 y lo seguir\u00e1 estando si no se acuerdan a partir de hoy cambios significativos en las negociaciones entre los partidos que tendr\u00e1n lugar esta semana. Por eso pedimos a los grupos parlamentarios que cumplan con sus compromisos y podamos volver a disfrutar del derecho a la protesta y la libertad de expresi\u00f3n de forma plena\u201d, <\/em>afirm\u00f3 Sol Rom\u00e1n, portavoz de No Somos Delito.<\/p>\n<p>Desde estas entidades reclaman a los partidos, en particular a los que forman parte del Gobierno y sus apoyos parlamentarios, que escuchen a las miles de personas y m\u00e1s de 130 organizaciones y colectivos que el pasado 13 de febrero se lanzaron a la calle en 25 ciudades bajo el lema <strong>\u201cNi Ley Mordaza ni mordaza maquillada\u201d<\/strong>. Las entidades quisieron recordar particularmente el compromiso del actual presidente del Gobierno, Pedro S\u00e1nchez, quien tras su investidura anunci\u00f3 que su Ejecutivo iba a <em>\u201cavanzar en derechos derogando la Ley Mordaza, porque ninguna sociedad realmente libre persigue la libertad de expresi\u00f3n\u201d.<\/em><\/p>\n<p><em>\u201cAyer se cumplieron dos a\u00f1os de la declaraci\u00f3n del Estado de Alarma durante el cual documentamos numerosas sanciones arbitrarias que fueron posibles gracias a esta norma. En los pr\u00f3ximos d\u00edas los partidos tienen una <strong>nueva oportunidad de recuperar el retroceso de derechos<\/strong> que se produjo hace siete a\u00f1os y que nuestra ley sea realmente una garant\u00eda de derechos y libertades, acorde con los est\u00e1ndares que marcan organismos como las Naciones Unidas o el Consejo de Europa\u201d,<\/em> reivindic\u00f3 Esteban Beltr\u00e1n, director de Amnist\u00eda Internacional.<\/p>\n<p><em>\u201cLa protesta pac\u00edfica es un s\u00edntoma de salud democr\u00e1tica que la Ley Mordaza lleva ya demasiados a\u00f1os acorralando. Es en estos tiempos complejos cuando m\u00e1s necesitamos las voces de los y las activistas que salen a las calles a se\u00f1alar a las empresas contaminantes o a exigir al Gobierno mayor ambici\u00f3n clim\u00e1tica. Necesitamos una Ley de Seguridad Ciudadana que garantice verdaderamente el derecho a la protesta, dejando atr\u00e1s la <strong>criminalizaci\u00f3n de los movimientos sociales que la Ley Mordaza nos leg\u00f3<\/strong>\u201d,<\/em> ha se\u00f1alado Eva Salda\u00f1a, directora ejecutiva de Greenpeace Espa\u00f1a.<\/p>\n<p>En el acto de protesta estuvieron presentes, adem\u00e1s, representantes de las siguientes entidades y colectivos: Asociaci\u00f3n Libre de Abogadas y Abogados, Coordinadora de Vivienda en Madrid, Defender a Quien Defiende, Federaci\u00f3n de Sindicatos de Periodistas, Ir\u00eddia, Plataforma por la Libertad de Informaci\u00f3n, No M\u00e1s Precariedad, CGT, Sindicato de Inquilinas y la Plataforma de Afectados por la Hipoteca.<\/p>\n<p><strong>Puntos clave para quitar la mordaza:<\/strong><\/p>\n<p>Desde las organizaciones se\u00f1alan que, a pesar de algunos avances, en el actual borrador de la Ley de Seguridad Ciudadana propuesto por los partidos de gobierno, se mantienen ocho elementos preocupantes:<\/p>\n<p>\u2013 \u201c<strong>Resistencia, desobediencia o negativa a identificarse<\/strong>\u00bb (36.6) y \u00ab<strong>faltas de respeto a la autoridad<\/strong>\u00bb (37.4). Estos dos art\u00edculos han supuesto m\u00e1s del 70% de las sanciones en materia de seguridad ciudadana entre 2015 y 2019. Ninguno de ellos se modifica en la actual propuesta.<\/p>\n<p>\u2013 No se eliminan las<strong> infracciones por publicar im\u00e1genes de las fuerzas de seguridad, lo cual vulnera gravemente la libertad de informaci\u00f3n.<\/strong><\/p>\n<p><strong>\u2013 No se<\/strong> establece un <strong>mecanismo independiente de supervisi\u00f3n<\/strong> de la actuaci\u00f3n policial que entre otras cosas sirva para evitar la arbitrariedad en sus actuaciones as\u00ed como prevenir posibles denuncias falsas.<\/p>\n<p>\u2013 El acuerdo aparca la prohibici\u00f3n de las expulsiones sumarias y colectivas, conocidas como \u201c<strong>devoluciones en caliente\u201d y contrarias al derecho internacional,<\/strong> <strong>y se limita a derivar la cuesti\u00f3n a la reforma de la Ley de Extranjer\u00eda.<\/strong><\/p>\n<p><strong>\u2013 No hay una prohibici\u00f3n expresa de las redadas y las identificaciones racistas, por lo que queda abierta la posibilidad de que se sigan produciendo, lo cual contradice las recomendaciones de diferentes organismos internacionales<\/strong><\/p>\n<p>\u2013 No se elimina el art\u00edculo 36.11, cuya aplicaci\u00f3n supone que las <strong>mujeres que ejercen la prostituci\u00f3n y v\u00edctimas de trata<\/strong> se vean <strong>obligadas a ejercer en lugares aislados<\/strong>, expuestas por tanto a mayores peligros de abuso.<\/p>\n<p>\u2013 Aunque se indica que se deben \u201cutilizar siempre los medios menos lesivos\u201d, no hay una <strong>prohibici\u00f3n expresa al uso de balas de goma<\/strong> por parte de las fuerzas de seguridad.<\/p>\n<p>\u2013 Se reconoce el derecho a <strong>manifestaci\u00f3n espont\u00e1nea<\/strong> sin comunicaci\u00f3n previa, pero se mantiene una sanci\u00f3n a los organizadores en caso de \u201calteraci\u00f3n del orden p\u00fablico\u201d.<\/p>\n<p>Para las entidades mencionadas, <strong>si no se cambia sustancialmente el proyecto de reforma en estos puntos clave, se mantendr\u00e1n las amenazas al derecho de protesta de los movimientos sociales, los medios de comunicaci\u00f3n seguir\u00e1n viendo mermada su libertad de informaci\u00f3n, y se perpetuar\u00e1 la discriminaci\u00f3n y la indefensi\u00f3n de colectivos como migrantes, personas refugiadas, mujeres que ejercen la prostituci\u00f3n, v\u00edctimas de trata o personas sin hogar<\/strong>.<\/p>\n","protected":false},"excerpt":{"rendered":"<p>Representantes de doce entidades se unen a la plataforma No Somos Delito para reclamar cambios m\u00e1s profundos frente al Congreso en la semana clave en las negociaciones para la reforma de Ley de Seguridad Ciudadana Las entidades participantes son las siguientes: Amnist\u00eda Internacional, Asociaci\u00f3n Libre de Abogadas y Abogados, Coordinadora de Vivienda en Madrid, Defender [&hellip;]<\/p>\n","protected":false},"author":2,"featured_media":4960,"comment_status":"closed","ping_status":"closed","sticky":false,"template":"","format":"standard","meta":{"_acf_changed":false,"footnotes":""},"categories":[3],"tags":[58,51],"class_list":["post-4959","post","type-post","status-publish","format-standard","has-post-thumbnail","hentry","category-publicaciones","tag-comunicados-iridia","tag-protesta"],"acf":[],"yoast_head":"<!-- This site is optimized with the Yoast SEO plugin v27.4 - https:\/\/yoast.com\/product\/yoast-seo-wordpress\/ -->\n<title>Trece organizaciones y colectivos reclaman a los partidos aprovechar \u201cla \u00faltima oportunidad de quitarnos todas las mordazas\u201d<\/title>\n<meta name=\"robots\" content=\"index, follow, max-snippet:-1, max-image-preview:large, max-video-preview:-1\" \/>\n<link rel=\"canonical\" href=\"https:\/\/iridia.cat\/es\/trece-organizaciones-y-colectivos-reclaman-a-los-partidos-aprovechar-la-ultima-oportunidad-de-quitarnos-todas-las-mordazas\/\" \/>\n<meta property=\"og:locale\" content=\"es_ES\" \/>\n<meta property=\"og:type\" content=\"article\" \/>\n<meta property=\"og:title\" content=\"Trece organizaciones y colectivos reclaman a los partidos aprovechar \u201cla \u00faltima oportunidad de quitarnos todas las mordazas\u201d\" \/>\n<meta property=\"og:description\" content=\"Representantes de doce entidades se unen a la plataforma No Somos Delito para reclamar cambios m\u00e1s profundos frente al Congreso en la semana clave en las negociaciones para la reforma de Ley de Seguridad Ciudadana Las entidades participantes son las siguientes: Amnist\u00eda Internacional, Asociaci\u00f3n Libre de Abogadas y Abogados, Coordinadora de Vivienda en Madrid, Defender [&hellip;]\" \/>\n<meta property=\"og:url\" content=\"https:\/\/iridia.cat\/es\/trece-organizaciones-y-colectivos-reclaman-a-los-partidos-aprovechar-la-ultima-oportunidad-de-quitarnos-todas-las-mordazas\/\" \/>\n<meta property=\"og:site_name\" content=\"Ir\u00eddia\" \/>\n<meta property=\"article:published_time\" content=\"2022-03-15T11:59:43+00:00\" \/>\n<meta property=\"og:image\" content=\"https:\/\/iridia.cat\/wp-content\/uploads\/2022\/03\/photo1647340562.jpeg\" \/>\n\t<meta property=\"og:image:width\" content=\"1280\" \/>\n\t<meta property=\"og:image:height\" content=\"960\" \/>\n\t<meta property=\"og:image:type\" content=\"image\/jpeg\" \/>\n<meta name=\"author\" content=\"Ir\u00eddia\" \/>\n<meta name=\"twitter:card\" content=\"summary_large_image\" \/>\n<meta name=\"twitter:label1\" content=\"Written by\" \/>\n\t<meta name=\"twitter:data1\" content=\"Ir\u00eddia\" \/>\n\t<meta name=\"twitter:label2\" content=\"Est. reading time\" \/>\n\t<meta name=\"twitter:data2\" content=\"5 minutes\" \/>\n<script type=\"application\/ld+json\" class=\"yoast-schema-graph\">{\"@context\":\"https:\\\/\\\/schema.org\",\"@graph\":[{\"@type\":\"Article\",\"@id\":\"https:\\\/\\\/iridia.cat\\\/es\\\/trece-organizaciones-y-colectivos-reclaman-a-los-partidos-aprovechar-la-ultima-oportunidad-de-quitarnos-todas-las-mordazas\\\/#article\",\"isPartOf\":{\"@id\":\"https:\\\/\\\/iridia.cat\\\/es\\\/trece-organizaciones-y-colectivos-reclaman-a-los-partidos-aprovechar-la-ultima-oportunidad-de-quitarnos-todas-las-mordazas\\\/\"},\"author\":{\"name\":\"Ir\u00eddia\",\"@id\":\"https:\\\/\\\/test.iridia.cat\\\/#\\\/schema\\\/person\\\/4cd6357ca92585af3bb3f05b5c669d5f\"},\"headline\":\"Trece organizaciones y colectivos reclaman a los partidos aprovechar \u201cla \u00faltima oportunidad de quitarnos todas las mordazas\u201d\",\"datePublished\":\"2022-03-15T11:59:43+00:00\",\"mainEntityOfPage\":{\"@id\":\"https:\\\/\\\/iridia.cat\\\/es\\\/trece-organizaciones-y-colectivos-reclaman-a-los-partidos-aprovechar-la-ultima-oportunidad-de-quitarnos-todas-las-mordazas\\\/\"},\"wordCount\":1006,\"publisher\":{\"@id\":\"https:\\\/\\\/test.iridia.cat\\\/#organization\"},\"image\":{\"@id\":\"https:\\\/\\\/iridia.cat\\\/es\\\/trece-organizaciones-y-colectivos-reclaman-a-los-partidos-aprovechar-la-ultima-oportunidad-de-quitarnos-todas-las-mordazas\\\/#primaryimage\"},\"thumbnailUrl\":\"https:\\\/\\\/iridia.cat\\\/wp-content\\\/uploads\\\/2022\\\/03\\\/photo1647340562.jpeg\",\"keywords\":[\"Comunicados\",\"Protesta\"],\"articleSection\":[\"Publicaciones\"],\"inLanguage\":\"es-ES\"},{\"@type\":\"WebPage\",\"@id\":\"https:\\\/\\\/iridia.cat\\\/es\\\/trece-organizaciones-y-colectivos-reclaman-a-los-partidos-aprovechar-la-ultima-oportunidad-de-quitarnos-todas-las-mordazas\\\/\",\"url\":\"https:\\\/\\\/iridia.cat\\\/es\\\/trece-organizaciones-y-colectivos-reclaman-a-los-partidos-aprovechar-la-ultima-oportunidad-de-quitarnos-todas-las-mordazas\\\/\",\"name\":\"Trece organizaciones y colectivos reclaman a los partidos aprovechar \u201cla \u00faltima oportunidad de quitarnos todas las mordazas\u201d\",\"isPartOf\":{\"@id\":\"https:\\\/\\\/test.iridia.cat\\\/#website\"},\"primaryImageOfPage\":{\"@id\":\"https:\\\/\\\/iridia.cat\\\/es\\\/trece-organizaciones-y-colectivos-reclaman-a-los-partidos-aprovechar-la-ultima-oportunidad-de-quitarnos-todas-las-mordazas\\\/#primaryimage\"},\"image\":{\"@id\":\"https:\\\/\\\/iridia.cat\\\/es\\\/trece-organizaciones-y-colectivos-reclaman-a-los-partidos-aprovechar-la-ultima-oportunidad-de-quitarnos-todas-las-mordazas\\\/#primaryimage\"},\"thumbnailUrl\":\"https:\\\/\\\/iridia.cat\\\/wp-content\\\/uploads\\\/2022\\\/03\\\/photo1647340562.jpeg\",\"datePublished\":\"2022-03-15T11:59:43+00:00\",\"breadcrumb\":{\"@id\":\"https:\\\/\\\/iridia.cat\\\/es\\\/trece-organizaciones-y-colectivos-reclaman-a-los-partidos-aprovechar-la-ultima-oportunidad-de-quitarnos-todas-las-mordazas\\\/#breadcrumb\"},\"inLanguage\":\"es-ES\",\"potentialAction\":[{\"@type\":\"ReadAction\",\"target\":[\"https:\\\/\\\/iridia.cat\\\/es\\\/trece-organizaciones-y-colectivos-reclaman-a-los-partidos-aprovechar-la-ultima-oportunidad-de-quitarnos-todas-las-mordazas\\\/\"]}]},{\"@type\":\"ImageObject\",\"inLanguage\":\"es-ES\",\"@id\":\"https:\\\/\\\/iridia.cat\\\/es\\\/trece-organizaciones-y-colectivos-reclaman-a-los-partidos-aprovechar-la-ultima-oportunidad-de-quitarnos-todas-las-mordazas\\\/#primaryimage\",\"url\":\"https:\\\/\\\/iridia.cat\\\/wp-content\\\/uploads\\\/2022\\\/03\\\/photo1647340562.jpeg\",\"contentUrl\":\"https:\\\/\\\/iridia.cat\\\/wp-content\\\/uploads\\\/2022\\\/03\\\/photo1647340562.jpeg\",\"width\":1280,\"height\":960},{\"@type\":\"BreadcrumbList\",\"@id\":\"https:\\\/\\\/iridia.cat\\\/es\\\/trece-organizaciones-y-colectivos-reclaman-a-los-partidos-aprovechar-la-ultima-oportunidad-de-quitarnos-todas-las-mordazas\\\/#breadcrumb\",\"itemListElement\":[{\"@type\":\"ListItem\",\"position\":1,\"name\":\"Inici\",\"item\":\"https:\\\/\\\/iridia.cat\\\/es\\\/\"},{\"@type\":\"ListItem\",\"position\":2,\"name\":\"Trece organizaciones y colectivos reclaman a los partidos aprovechar \u201cla \u00faltima oportunidad de quitarnos todas las mordazas\u201d\"}]},{\"@type\":\"WebSite\",\"@id\":\"https:\\\/\\\/test.iridia.cat\\\/#website\",\"url\":\"https:\\\/\\\/test.iridia.cat\\\/\",\"name\":\"Ir\u00eddia\",\"description\":\"\",\"publisher\":{\"@id\":\"https:\\\/\\\/test.iridia.cat\\\/#organization\"},\"potentialAction\":[{\"@type\":\"SearchAction\",\"target\":{\"@type\":\"EntryPoint\",\"urlTemplate\":\"https:\\\/\\\/test.iridia.cat\\\/?s={search_term_string}\"},\"query-input\":{\"@type\":\"PropertyValueSpecification\",\"valueRequired\":true,\"valueName\":\"search_term_string\"}}],\"inLanguage\":\"es-ES\"},{\"@type\":\"Organization\",\"@id\":\"https:\\\/\\\/test.iridia.cat\\\/#organization\",\"name\":\"Ir\u00eddia\",\"url\":\"https:\\\/\\\/test.iridia.cat\\\/\",\"logo\":{\"@type\":\"ImageObject\",\"inLanguage\":\"es-ES\",\"@id\":\"https:\\\/\\\/test.iridia.cat\\\/#\\\/schema\\\/logo\\\/image\\\/\",\"url\":\"https:\\\/\\\/iridia.cat\\\/wp-content\\\/uploads\\\/2022\\\/10\\\/avatar_iridia.png\",\"contentUrl\":\"https:\\\/\\\/iridia.cat\\\/wp-content\\\/uploads\\\/2022\\\/10\\\/avatar_iridia.png\",\"width\":740,\"height\":220,\"caption\":\"Ir\u00eddia\"},\"image\":{\"@id\":\"https:\\\/\\\/test.iridia.cat\\\/#\\\/schema\\\/logo\\\/image\\\/\"}},{\"@type\":\"Person\",\"@id\":\"https:\\\/\\\/test.iridia.cat\\\/#\\\/schema\\\/person\\\/4cd6357ca92585af3bb3f05b5c669d5f\",\"name\":\"Ir\u00eddia\",\"image\":{\"@type\":\"ImageObject\",\"inLanguage\":\"es-ES\",\"@id\":\"https:\\\/\\\/secure.gravatar.com\\\/avatar\\\/5b7e0123885b2270f0bc833c606fa7b6ae733761d3e80d47e23ba829fe3bd7f7?s=96&d=mm&r=g\",\"url\":\"https:\\\/\\\/secure.gravatar.com\\\/avatar\\\/5b7e0123885b2270f0bc833c606fa7b6ae733761d3e80d47e23ba829fe3bd7f7?s=96&d=mm&r=g\",\"contentUrl\":\"https:\\\/\\\/secure.gravatar.com\\\/avatar\\\/5b7e0123885b2270f0bc833c606fa7b6ae733761d3e80d47e23ba829fe3bd7f7?s=96&d=mm&r=g\",\"caption\":\"Ir\u00eddia\"},\"url\":\"https:\\\/\\\/iridia.cat\\\/es\\\/author\\\/iridia\\\/\"}]}<\/script>\n<!-- \/ Yoast SEO plugin. -->","yoast_head_json":{"title":"Trece organizaciones y colectivos reclaman a los partidos aprovechar \u201cla \u00faltima oportunidad de quitarnos todas las mordazas\u201d","robots":{"index":"index","follow":"follow","max-snippet":"max-snippet:-1","max-image-preview":"max-image-preview:large","max-video-preview":"max-video-preview:-1"},"canonical":"https:\/\/iridia.cat\/es\/trece-organizaciones-y-colectivos-reclaman-a-los-partidos-aprovechar-la-ultima-oportunidad-de-quitarnos-todas-las-mordazas\/","og_locale":"es_ES","og_type":"article","og_title":"Trece organizaciones y colectivos reclaman a los partidos aprovechar \u201cla \u00faltima oportunidad de quitarnos todas las mordazas\u201d","og_description":"Representantes de doce entidades se unen a la plataforma No Somos Delito para reclamar cambios m\u00e1s profundos frente al Congreso en la semana clave en las negociaciones para la reforma de Ley de Seguridad Ciudadana Las entidades participantes son las siguientes: Amnist\u00eda Internacional, Asociaci\u00f3n Libre de Abogadas y Abogados, Coordinadora de Vivienda en Madrid, Defender [&hellip;]","og_url":"https:\/\/iridia.cat\/es\/trece-organizaciones-y-colectivos-reclaman-a-los-partidos-aprovechar-la-ultima-oportunidad-de-quitarnos-todas-las-mordazas\/","og_site_name":"Ir\u00eddia","article_published_time":"2022-03-15T11:59:43+00:00","og_image":[{"width":1280,"height":960,"url":"https:\/\/iridia.cat\/wp-content\/uploads\/2022\/03\/photo1647340562.jpeg","type":"image\/jpeg"}],"author":"Ir\u00eddia","twitter_card":"summary_large_image","twitter_misc":{"Written by":"Ir\u00eddia","Est. reading time":"5 minutes"},"schema":{"@context":"https:\/\/schema.org","@graph":[{"@type":"Article","@id":"https:\/\/iridia.cat\/es\/trece-organizaciones-y-colectivos-reclaman-a-los-partidos-aprovechar-la-ultima-oportunidad-de-quitarnos-todas-las-mordazas\/#article","isPartOf":{"@id":"https:\/\/iridia.cat\/es\/trece-organizaciones-y-colectivos-reclaman-a-los-partidos-aprovechar-la-ultima-oportunidad-de-quitarnos-todas-las-mordazas\/"},"author":{"name":"Ir\u00eddia","@id":"https:\/\/test.iridia.cat\/#\/schema\/person\/4cd6357ca92585af3bb3f05b5c669d5f"},"headline":"Trece organizaciones y colectivos reclaman a los partidos aprovechar \u201cla \u00faltima oportunidad de quitarnos todas las mordazas\u201d","datePublished":"2022-03-15T11:59:43+00:00","mainEntityOfPage":{"@id":"https:\/\/iridia.cat\/es\/trece-organizaciones-y-colectivos-reclaman-a-los-partidos-aprovechar-la-ultima-oportunidad-de-quitarnos-todas-las-mordazas\/"},"wordCount":1006,"publisher":{"@id":"https:\/\/test.iridia.cat\/#organization"},"image":{"@id":"https:\/\/iridia.cat\/es\/trece-organizaciones-y-colectivos-reclaman-a-los-partidos-aprovechar-la-ultima-oportunidad-de-quitarnos-todas-las-mordazas\/#primaryimage"},"thumbnailUrl":"https:\/\/iridia.cat\/wp-content\/uploads\/2022\/03\/photo1647340562.jpeg","keywords":["Comunicados","Protesta"],"articleSection":["Publicaciones"],"inLanguage":"es-ES"},{"@type":"WebPage","@id":"https:\/\/iridia.cat\/es\/trece-organizaciones-y-colectivos-reclaman-a-los-partidos-aprovechar-la-ultima-oportunidad-de-quitarnos-todas-las-mordazas\/","url":"https:\/\/iridia.cat\/es\/trece-organizaciones-y-colectivos-reclaman-a-los-partidos-aprovechar-la-ultima-oportunidad-de-quitarnos-todas-las-mordazas\/","name":"Trece organizaciones y colectivos reclaman a los partidos aprovechar \u201cla \u00faltima oportunidad de quitarnos todas las mordazas\u201d","isPartOf":{"@id":"https:\/\/test.iridia.cat\/#website"},"primaryImageOfPage":{"@id":"https:\/\/iridia.cat\/es\/trece-organizaciones-y-colectivos-reclaman-a-los-partidos-aprovechar-la-ultima-oportunidad-de-quitarnos-todas-las-mordazas\/#primaryimage"},"image":{"@id":"https:\/\/iridia.cat\/es\/trece-organizaciones-y-colectivos-reclaman-a-los-partidos-aprovechar-la-ultima-oportunidad-de-quitarnos-todas-las-mordazas\/#primaryimage"},"thumbnailUrl":"https:\/\/iridia.cat\/wp-content\/uploads\/2022\/03\/photo1647340562.jpeg","datePublished":"2022-03-15T11:59:43+00:00","breadcrumb":{"@id":"https:\/\/iridia.cat\/es\/trece-organizaciones-y-colectivos-reclaman-a-los-partidos-aprovechar-la-ultima-oportunidad-de-quitarnos-todas-las-mordazas\/#breadcrumb"},"inLanguage":"es-ES","potentialAction":[{"@type":"ReadAction","target":["https:\/\/iridia.cat\/es\/trece-organizaciones-y-colectivos-reclaman-a-los-partidos-aprovechar-la-ultima-oportunidad-de-quitarnos-todas-las-mordazas\/"]}]},{"@type":"ImageObject","inLanguage":"es-ES","@id":"https:\/\/iridia.cat\/es\/trece-organizaciones-y-colectivos-reclaman-a-los-partidos-aprovechar-la-ultima-oportunidad-de-quitarnos-todas-las-mordazas\/#primaryimage","url":"https:\/\/iridia.cat\/wp-content\/uploads\/2022\/03\/photo1647340562.jpeg","contentUrl":"https:\/\/iridia.cat\/wp-content\/uploads\/2022\/03\/photo1647340562.jpeg","width":1280,"height":960},{"@type":"BreadcrumbList","@id":"https:\/\/iridia.cat\/es\/trece-organizaciones-y-colectivos-reclaman-a-los-partidos-aprovechar-la-ultima-oportunidad-de-quitarnos-todas-las-mordazas\/#breadcrumb","itemListElement":[{"@type":"ListItem","position":1,"name":"Inici","item":"https:\/\/iridia.cat\/es\/"},{"@type":"ListItem","position":2,"name":"Trece organizaciones y colectivos reclaman a los partidos aprovechar \u201cla \u00faltima oportunidad de quitarnos todas las mordazas\u201d"}]},{"@type":"WebSite","@id":"https:\/\/test.iridia.cat\/#website","url":"https:\/\/test.iridia.cat\/","name":"Ir\u00eddia","description":"","publisher":{"@id":"https:\/\/test.iridia.cat\/#organization"},"potentialAction":[{"@type":"SearchAction","target":{"@type":"EntryPoint","urlTemplate":"https:\/\/test.iridia.cat\/?s={search_term_string}"},"query-input":{"@type":"PropertyValueSpecification","valueRequired":true,"valueName":"search_term_string"}}],"inLanguage":"es-ES"},{"@type":"Organization","@id":"https:\/\/test.iridia.cat\/#organization","name":"Ir\u00eddia","url":"https:\/\/test.iridia.cat\/","logo":{"@type":"ImageObject","inLanguage":"es-ES","@id":"https:\/\/test.iridia.cat\/#\/schema\/logo\/image\/","url":"https:\/\/iridia.cat\/wp-content\/uploads\/2022\/10\/avatar_iridia.png","contentUrl":"https:\/\/iridia.cat\/wp-content\/uploads\/2022\/10\/avatar_iridia.png","width":740,"height":220,"caption":"Ir\u00eddia"},"image":{"@id":"https:\/\/test.iridia.cat\/#\/schema\/logo\/image\/"}},{"@type":"Person","@id":"https:\/\/test.iridia.cat\/#\/schema\/person\/4cd6357ca92585af3bb3f05b5c669d5f","name":"Ir\u00eddia","image":{"@type":"ImageObject","inLanguage":"es-ES","@id":"https:\/\/secure.gravatar.com\/avatar\/5b7e0123885b2270f0bc833c606fa7b6ae733761d3e80d47e23ba829fe3bd7f7?s=96&d=mm&r=g","url":"https:\/\/secure.gravatar.com\/avatar\/5b7e0123885b2270f0bc833c606fa7b6ae733761d3e80d47e23ba829fe3bd7f7?s=96&d=mm&r=g","contentUrl":"https:\/\/secure.gravatar.com\/avatar\/5b7e0123885b2270f0bc833c606fa7b6ae733761d3e80d47e23ba829fe3bd7f7?s=96&d=mm&r=g","caption":"Ir\u00eddia"},"url":"https:\/\/iridia.cat\/es\/author\/iridia\/"}]}},"_links":{"self":[{"href":"https:\/\/iridia.cat\/es\/wp-json\/wp\/v2\/posts\/4959","targetHints":{"allow":["GET"]}}],"collection":[{"href":"https:\/\/iridia.cat\/es\/wp-json\/wp\/v2\/posts"}],"about":[{"href":"https:\/\/iridia.cat\/es\/wp-json\/wp\/v2\/types\/post"}],"author":[{"embeddable":true,"href":"https:\/\/iridia.cat\/es\/wp-json\/wp\/v2\/users\/2"}],"replies":[{"embeddable":true,"href":"https:\/\/iridia.cat\/es\/wp-json\/wp\/v2\/comments?post=4959"}],"version-history":[{"count":1,"href":"https:\/\/iridia.cat\/es\/wp-json\/wp\/v2\/posts\/4959\/revisions"}],"predecessor-version":[{"id":4963,"href":"https:\/\/iridia.cat\/es\/wp-json\/wp\/v2\/posts\/4959\/revisions\/4963"}],"wp:featuredmedia":[{"embeddable":true,"href":"https:\/\/iridia.cat\/es\/wp-json\/wp\/v2\/media\/4960"}],"wp:attachment":[{"href":"https:\/\/iridia.cat\/es\/wp-json\/wp\/v2\/media?parent=4959"}],"wp:term":[{"taxonomy":"category","embeddable":true,"href":"https:\/\/iridia.cat\/es\/wp-json\/wp\/v2\/categories?post=4959"},{"taxonomy":"post_tag","embeddable":true,"href":"https:\/\/iridia.cat\/es\/wp-json\/wp\/v2\/tags?post=4959"}],"curies":[{"name":"wp","href":"https:\/\/api.w.org\/{rel}","templated":true}]}}