{"id":5291,"date":"2022-01-27T09:57:00","date_gmt":"2022-01-27T08:57:00","guid":{"rendered":"https:\/\/test.iridia.cat\/omnium-iridia-i-lanc-demanem-37-noves-imputacions-dagents-de-la-policia-nacional-en-la-macrocausa-de-l1-o-a-barcelona\/"},"modified":"2022-07-20T10:39:19","modified_gmt":"2022-07-20T08:39:19","slug":"omnium-iridia-i-lanc-demanem-37-noves-imputacions-dagents-de-la-policia-nacional-en-la-macrocausa-de-l1-o-a-barcelona","status":"publish","type":"post","link":"https:\/\/iridia.cat\/es\/omnium-iridia-i-lanc-demanem-37-noves-imputacions-dagents-de-la-policia-nacional-en-la-macrocausa-de-l1-o-a-barcelona\/","title":{"rendered":"\u00d2mnium, Ir\u00eddia y ANC piden 37 nuevas imputaciones de agentes de Polic\u00eda Nacional en la macrocausa del 1-O en Barcelona"},"content":{"rendered":"<h3>Una nueva pericial de las tres acusaciones populares identifica m\u00e1s de 450 actuaciones il\u00edcitas durante el refer\u00e9ndum de autodeterminaci\u00f3n. Las acusaciones populares piden 24 imputaciones de nuevos agentes y 13 ampliaciones de imputaci\u00f3n de polic\u00edas ya investigados.<\/h3>\n<p>Barcelona, 27 de enero de 2022- \u00d2mnium, Ir\u00eddia y ANC piden 37 nuevas imputaciones de agentes de la Polic\u00eda Nacional en la macrocausa del 1-O del Juzgado de Instrucci\u00f3n 7 de Barcelona. Las tras acusaciones populares hemos presentado al juez <strong>un nuevo informe pericial de an\u00e1lisis de im\u00e1genes donde se identifican hasta 468 acciones policiales desproporcionadas en 16 escuelas<\/strong> de Barcelona que fueron centro de votaci\u00f3n durante el refer\u00e9ndum del 1 de Octubre. Se observan pu\u00f1etazos, empujones con fuerza, obstrucci\u00f3n de las v\u00edas respiratorias, ahogamientos o patadas, entre otros. A partir del visionado de estas im\u00e1genes y grabaciones, y fruto de meses de trabajo, las tres acusaciones populares consideramos imprescindible la imputaci\u00f3n de 37 agentes m\u00e1s de la Polic\u00eda Nacional: <strong>24 ser\u00edan nuevas imputaciones y 13 ser\u00edan ampliaciones de imputaci\u00f3n de polic\u00edas ya investigados.<\/strong> Cuatro de ellos son jefes de grupo. As\u00ed, a cifra total de agentes de la Polic\u00eda Nacional imputados en la causa del 1-O en Barcelona ascender\u00edan hasta 90. \u00d2mnium, Ir\u00eddia i la ANC, personadas como acusaciones populares, volvemos a denunciar que este papel tendr\u00eda que hacerlo la Fiscal\u00eda en defensa de los derechos fundamentales vulnerados a la ciudadan\u00eda.<\/p>\n<p>Todas las acusaciones policiales desproporcionadas e il\u00edcitas que se analizan en esta nueva pericial tubieron lugar el 1 de octubre de 2017 en 16 puntos de votaci\u00f3n de la ciudad de Barcelona: Escola Mediterr\u00e0nia, IES Pau Claris, Escola Pia Sant Antoni, IES Ramon Llull, IES Joan Fuster, Centre Educatiu Projecte, Escola Infant Jes\u00fas, Dolors Monserd\u00e0, IES Santa Caterina de Siena, \u00c0gora, Mare Nostrum, Escola Prosperitat, Escola V\u00edctor Catal\u00e0, IES Joan Bosc\u00e0, CAP Guinard\u00f3 y CEIP Els Horts.<\/p>\n<p>A su vez, las tras acusaciones tambi\u00e9n reclamamos una <strong>nueva pr\u00f3rroga de 6 meses de la instrucci\u00f3n<\/strong> del caso para practicar diligencias pendientes de investigaci\u00f3n y resolver las que puedan derivarse de las nuevas imputaciones de agentes de la Polic\u00eda Nacional. La \u00faltima pr\u00f3rroga de la investigaci\u00f3n fijaba el fin de la instrucci\u00f3n para este 29 de enero de 2022.<\/p>\n","protected":false},"excerpt":{"rendered":"<p>Una nueva pericial de las tres acusaciones populares identifica m\u00e1s de 450 actuaciones il\u00edcitas durante el refer\u00e9ndum de autodeterminaci\u00f3n. Las acusaciones populares piden 24 imputaciones de nuevos agentes y 13 ampliaciones de imputaci\u00f3n de polic\u00edas ya investigados. Barcelona, 27 de enero de 2022- \u00d2mnium, Ir\u00eddia y ANC piden 37 nuevas imputaciones de agentes de la [&hellip;]<\/p>\n","protected":false},"author":2,"featured_media":4825,"comment_status":"closed","ping_status":"closed","sticky":false,"template":"","format":"standard","meta":{"_acf_changed":false,"footnotes":""},"categories":[74],"tags":[58,51],"class_list":["post-5291","post","type-post","status-publish","format-standard","has-post-thumbnail","hentry","category-comunicats-es","tag-comunicados-iridia","tag-protesta"],"acf":[],"yoast_head":"<!-- This site is optimized with the Yoast SEO plugin v27.4 - https:\/\/yoast.com\/product\/yoast-seo-wordpress\/ -->\n<title>\u00d2mnium, Ir\u00eddia y ANC piden 37 nuevas imputaciones de agentes de Polic\u00eda Nacional en la macrocausa del 1-O en Barcelona<\/title>\n<meta name=\"robots\" content=\"index, follow, max-snippet:-1, max-image-preview:large, max-video-preview:-1\" \/>\n<link rel=\"canonical\" href=\"https:\/\/iridia.cat\/es\/omnium-iridia-i-lanc-demanem-37-noves-imputacions-dagents-de-la-policia-nacional-en-la-macrocausa-de-l1-o-a-barcelona\/\" \/>\n<meta property=\"og:locale\" content=\"es_ES\" \/>\n<meta property=\"og:type\" content=\"article\" \/>\n<meta property=\"og:title\" content=\"\u00d2mnium, Ir\u00eddia y ANC piden 37 nuevas imputaciones de agentes de Polic\u00eda Nacional en la macrocausa del 1-O en Barcelona\" \/>\n<meta property=\"og:description\" content=\"Una nueva pericial de las tres acusaciones populares identifica m\u00e1s de 450 actuaciones il\u00edcitas durante el refer\u00e9ndum de autodeterminaci\u00f3n. Las acusaciones populares piden 24 imputaciones de nuevos agentes y 13 ampliaciones de imputaci\u00f3n de polic\u00edas ya investigados. Barcelona, 27 de enero de 2022- \u00d2mnium, Ir\u00eddia y ANC piden 37 nuevas imputaciones de agentes de la [&hellip;]\" \/>\n<meta property=\"og:url\" content=\"https:\/\/iridia.cat\/es\/omnium-iridia-i-lanc-demanem-37-noves-imputacions-dagents-de-la-policia-nacional-en-la-macrocausa-de-l1-o-a-barcelona\/\" \/>\n<meta property=\"og:site_name\" content=\"Ir\u00eddia\" \/>\n<meta property=\"article:published_time\" content=\"2022-01-27T08:57:00+00:00\" \/>\n<meta property=\"article:modified_time\" content=\"2022-07-20T08:39:19+00:00\" \/>\n<meta property=\"og:image\" content=\"https:\/\/iridia.cat\/wp-content\/uploads\/2022\/01\/01_CPALACIOB01102017_0031Octubre-scaled.jpg\" \/>\n\t<meta property=\"og:image:width\" content=\"2560\" \/>\n\t<meta property=\"og:image:height\" content=\"1707\" \/>\n\t<meta property=\"og:image:type\" content=\"image\/jpeg\" \/>\n<meta name=\"author\" content=\"Ir\u00eddia\" \/>\n<meta name=\"twitter:card\" content=\"summary_large_image\" \/>\n<meta name=\"twitter:label1\" content=\"Written by\" \/>\n\t<meta name=\"twitter:data1\" content=\"Ir\u00eddia\" \/>\n\t<meta name=\"twitter:label2\" content=\"Est. reading time\" \/>\n\t<meta name=\"twitter:data2\" content=\"2 minutes\" \/>\n<script type=\"application\/ld+json\" class=\"yoast-schema-graph\">{\"@context\":\"https:\\\/\\\/schema.org\",\"@graph\":[{\"@type\":\"Article\",\"@id\":\"https:\\\/\\\/iridia.cat\\\/es\\\/omnium-iridia-i-lanc-demanem-37-noves-imputacions-dagents-de-la-policia-nacional-en-la-macrocausa-de-l1-o-a-barcelona\\\/#article\",\"isPartOf\":{\"@id\":\"https:\\\/\\\/iridia.cat\\\/es\\\/omnium-iridia-i-lanc-demanem-37-noves-imputacions-dagents-de-la-policia-nacional-en-la-macrocausa-de-l1-o-a-barcelona\\\/\"},\"author\":{\"name\":\"Ir\u00eddia\",\"@id\":\"https:\\\/\\\/test.iridia.cat\\\/#\\\/schema\\\/person\\\/4cd6357ca92585af3bb3f05b5c669d5f\"},\"headline\":\"\u00d2mnium, Ir\u00eddia y ANC piden 37 nuevas imputaciones de agentes de Polic\u00eda Nacional en la macrocausa del 1-O en Barcelona\",\"datePublished\":\"2022-01-27T08:57:00+00:00\",\"dateModified\":\"2022-07-20T08:39:19+00:00\",\"mainEntityOfPage\":{\"@id\":\"https:\\\/\\\/iridia.cat\\\/es\\\/omnium-iridia-i-lanc-demanem-37-noves-imputacions-dagents-de-la-policia-nacional-en-la-macrocausa-de-l1-o-a-barcelona\\\/\"},\"wordCount\":411,\"publisher\":{\"@id\":\"https:\\\/\\\/test.iridia.cat\\\/#organization\"},\"image\":{\"@id\":\"https:\\\/\\\/iridia.cat\\\/es\\\/omnium-iridia-i-lanc-demanem-37-noves-imputacions-dagents-de-la-policia-nacional-en-la-macrocausa-de-l1-o-a-barcelona\\\/#primaryimage\"},\"thumbnailUrl\":\"https:\\\/\\\/iridia.cat\\\/wp-content\\\/uploads\\\/2022\\\/01\\\/01_CPALACIOB01102017_0031Octubre-scaled.jpg\",\"keywords\":[\"Comunicados\",\"Protesta\"],\"articleSection\":[\"Comunicats\"],\"inLanguage\":\"es-ES\"},{\"@type\":\"WebPage\",\"@id\":\"https:\\\/\\\/iridia.cat\\\/es\\\/omnium-iridia-i-lanc-demanem-37-noves-imputacions-dagents-de-la-policia-nacional-en-la-macrocausa-de-l1-o-a-barcelona\\\/\",\"url\":\"https:\\\/\\\/iridia.cat\\\/es\\\/omnium-iridia-i-lanc-demanem-37-noves-imputacions-dagents-de-la-policia-nacional-en-la-macrocausa-de-l1-o-a-barcelona\\\/\",\"name\":\"\u00d2mnium, Ir\u00eddia y ANC piden 37 nuevas imputaciones de agentes de Polic\u00eda Nacional en la macrocausa del 1-O en Barcelona\",\"isPartOf\":{\"@id\":\"https:\\\/\\\/test.iridia.cat\\\/#website\"},\"primaryImageOfPage\":{\"@id\":\"https:\\\/\\\/iridia.cat\\\/es\\\/omnium-iridia-i-lanc-demanem-37-noves-imputacions-dagents-de-la-policia-nacional-en-la-macrocausa-de-l1-o-a-barcelona\\\/#primaryimage\"},\"image\":{\"@id\":\"https:\\\/\\\/iridia.cat\\\/es\\\/omnium-iridia-i-lanc-demanem-37-noves-imputacions-dagents-de-la-policia-nacional-en-la-macrocausa-de-l1-o-a-barcelona\\\/#primaryimage\"},\"thumbnailUrl\":\"https:\\\/\\\/iridia.cat\\\/wp-content\\\/uploads\\\/2022\\\/01\\\/01_CPALACIOB01102017_0031Octubre-scaled.jpg\",\"datePublished\":\"2022-01-27T08:57:00+00:00\",\"dateModified\":\"2022-07-20T08:39:19+00:00\",\"breadcrumb\":{\"@id\":\"https:\\\/\\\/iridia.cat\\\/es\\\/omnium-iridia-i-lanc-demanem-37-noves-imputacions-dagents-de-la-policia-nacional-en-la-macrocausa-de-l1-o-a-barcelona\\\/#breadcrumb\"},\"inLanguage\":\"es-ES\",\"potentialAction\":[{\"@type\":\"ReadAction\",\"target\":[\"https:\\\/\\\/iridia.cat\\\/es\\\/omnium-iridia-i-lanc-demanem-37-noves-imputacions-dagents-de-la-policia-nacional-en-la-macrocausa-de-l1-o-a-barcelona\\\/\"]}]},{\"@type\":\"ImageObject\",\"inLanguage\":\"es-ES\",\"@id\":\"https:\\\/\\\/iridia.cat\\\/es\\\/omnium-iridia-i-lanc-demanem-37-noves-imputacions-dagents-de-la-policia-nacional-en-la-macrocausa-de-l1-o-a-barcelona\\\/#primaryimage\",\"url\":\"https:\\\/\\\/iridia.cat\\\/wp-content\\\/uploads\\\/2022\\\/01\\\/01_CPALACIOB01102017_0031Octubre-scaled.jpg\",\"contentUrl\":\"https:\\\/\\\/iridia.cat\\\/wp-content\\\/uploads\\\/2022\\\/01\\\/01_CPALACIOB01102017_0031Octubre-scaled.jpg\",\"width\":2560,\"height\":1707,\"caption\":\"Carles Palacio. Informe sobre viol\u00e8ncia institucional 2018, Ir\u00eddia.\"},{\"@type\":\"BreadcrumbList\",\"@id\":\"https:\\\/\\\/iridia.cat\\\/es\\\/omnium-iridia-i-lanc-demanem-37-noves-imputacions-dagents-de-la-policia-nacional-en-la-macrocausa-de-l1-o-a-barcelona\\\/#breadcrumb\",\"itemListElement\":[{\"@type\":\"ListItem\",\"position\":1,\"name\":\"Inici\",\"item\":\"https:\\\/\\\/iridia.cat\\\/es\\\/\"},{\"@type\":\"ListItem\",\"position\":2,\"name\":\"\u00d2mnium, Ir\u00eddia y ANC piden 37 nuevas imputaciones de agentes de Polic\u00eda Nacional en la macrocausa del 1-O en Barcelona\"}]},{\"@type\":\"WebSite\",\"@id\":\"https:\\\/\\\/test.iridia.cat\\\/#website\",\"url\":\"https:\\\/\\\/test.iridia.cat\\\/\",\"name\":\"Ir\u00eddia\",\"description\":\"\",\"publisher\":{\"@id\":\"https:\\\/\\\/test.iridia.cat\\\/#organization\"},\"potentialAction\":[{\"@type\":\"SearchAction\",\"target\":{\"@type\":\"EntryPoint\",\"urlTemplate\":\"https:\\\/\\\/test.iridia.cat\\\/?s={search_term_string}\"},\"query-input\":{\"@type\":\"PropertyValueSpecification\",\"valueRequired\":true,\"valueName\":\"search_term_string\"}}],\"inLanguage\":\"es-ES\"},{\"@type\":\"Organization\",\"@id\":\"https:\\\/\\\/test.iridia.cat\\\/#organization\",\"name\":\"Ir\u00eddia\",\"url\":\"https:\\\/\\\/test.iridia.cat\\\/\",\"logo\":{\"@type\":\"ImageObject\",\"inLanguage\":\"es-ES\",\"@id\":\"https:\\\/\\\/test.iridia.cat\\\/#\\\/schema\\\/logo\\\/image\\\/\",\"url\":\"https:\\\/\\\/iridia.cat\\\/wp-content\\\/uploads\\\/2022\\\/10\\\/avatar_iridia.png\",\"contentUrl\":\"https:\\\/\\\/iridia.cat\\\/wp-content\\\/uploads\\\/2022\\\/10\\\/avatar_iridia.png\",\"width\":740,\"height\":220,\"caption\":\"Ir\u00eddia\"},\"image\":{\"@id\":\"https:\\\/\\\/test.iridia.cat\\\/#\\\/schema\\\/logo\\\/image\\\/\"}},{\"@type\":\"Person\",\"@id\":\"https:\\\/\\\/test.iridia.cat\\\/#\\\/schema\\\/person\\\/4cd6357ca92585af3bb3f05b5c669d5f\",\"name\":\"Ir\u00eddia\",\"image\":{\"@type\":\"ImageObject\",\"inLanguage\":\"es-ES\",\"@id\":\"https:\\\/\\\/secure.gravatar.com\\\/avatar\\\/5b7e0123885b2270f0bc833c606fa7b6ae733761d3e80d47e23ba829fe3bd7f7?s=96&d=mm&r=g\",\"url\":\"https:\\\/\\\/secure.gravatar.com\\\/avatar\\\/5b7e0123885b2270f0bc833c606fa7b6ae733761d3e80d47e23ba829fe3bd7f7?s=96&d=mm&r=g\",\"contentUrl\":\"https:\\\/\\\/secure.gravatar.com\\\/avatar\\\/5b7e0123885b2270f0bc833c606fa7b6ae733761d3e80d47e23ba829fe3bd7f7?s=96&d=mm&r=g\",\"caption\":\"Ir\u00eddia\"},\"url\":\"https:\\\/\\\/iridia.cat\\\/es\\\/author\\\/iridia\\\/\"}]}<\/script>\n<!-- \/ Yoast SEO plugin. -->","yoast_head_json":{"title":"\u00d2mnium, Ir\u00eddia y ANC piden 37 nuevas imputaciones de agentes de Polic\u00eda Nacional en la macrocausa del 1-O en Barcelona","robots":{"index":"index","follow":"follow","max-snippet":"max-snippet:-1","max-image-preview":"max-image-preview:large","max-video-preview":"max-video-preview:-1"},"canonical":"https:\/\/iridia.cat\/es\/omnium-iridia-i-lanc-demanem-37-noves-imputacions-dagents-de-la-policia-nacional-en-la-macrocausa-de-l1-o-a-barcelona\/","og_locale":"es_ES","og_type":"article","og_title":"\u00d2mnium, Ir\u00eddia y ANC piden 37 nuevas imputaciones de agentes de Polic\u00eda Nacional en la macrocausa del 1-O en Barcelona","og_description":"Una nueva pericial de las tres acusaciones populares identifica m\u00e1s de 450 actuaciones il\u00edcitas durante el refer\u00e9ndum de autodeterminaci\u00f3n. Las acusaciones populares piden 24 imputaciones de nuevos agentes y 13 ampliaciones de imputaci\u00f3n de polic\u00edas ya investigados. Barcelona, 27 de enero de 2022- \u00d2mnium, Ir\u00eddia y ANC piden 37 nuevas imputaciones de agentes de la [&hellip;]","og_url":"https:\/\/iridia.cat\/es\/omnium-iridia-i-lanc-demanem-37-noves-imputacions-dagents-de-la-policia-nacional-en-la-macrocausa-de-l1-o-a-barcelona\/","og_site_name":"Ir\u00eddia","article_published_time":"2022-01-27T08:57:00+00:00","article_modified_time":"2022-07-20T08:39:19+00:00","og_image":[{"width":2560,"height":1707,"url":"https:\/\/iridia.cat\/wp-content\/uploads\/2022\/01\/01_CPALACIOB01102017_0031Octubre-scaled.jpg","type":"image\/jpeg"}],"author":"Ir\u00eddia","twitter_card":"summary_large_image","twitter_misc":{"Written by":"Ir\u00eddia","Est. reading time":"2 minutes"},"schema":{"@context":"https:\/\/schema.org","@graph":[{"@type":"Article","@id":"https:\/\/iridia.cat\/es\/omnium-iridia-i-lanc-demanem-37-noves-imputacions-dagents-de-la-policia-nacional-en-la-macrocausa-de-l1-o-a-barcelona\/#article","isPartOf":{"@id":"https:\/\/iridia.cat\/es\/omnium-iridia-i-lanc-demanem-37-noves-imputacions-dagents-de-la-policia-nacional-en-la-macrocausa-de-l1-o-a-barcelona\/"},"author":{"name":"Ir\u00eddia","@id":"https:\/\/test.iridia.cat\/#\/schema\/person\/4cd6357ca92585af3bb3f05b5c669d5f"},"headline":"\u00d2mnium, Ir\u00eddia y ANC piden 37 nuevas imputaciones de agentes de Polic\u00eda Nacional en la macrocausa del 1-O en Barcelona","datePublished":"2022-01-27T08:57:00+00:00","dateModified":"2022-07-20T08:39:19+00:00","mainEntityOfPage":{"@id":"https:\/\/iridia.cat\/es\/omnium-iridia-i-lanc-demanem-37-noves-imputacions-dagents-de-la-policia-nacional-en-la-macrocausa-de-l1-o-a-barcelona\/"},"wordCount":411,"publisher":{"@id":"https:\/\/test.iridia.cat\/#organization"},"image":{"@id":"https:\/\/iridia.cat\/es\/omnium-iridia-i-lanc-demanem-37-noves-imputacions-dagents-de-la-policia-nacional-en-la-macrocausa-de-l1-o-a-barcelona\/#primaryimage"},"thumbnailUrl":"https:\/\/iridia.cat\/wp-content\/uploads\/2022\/01\/01_CPALACIOB01102017_0031Octubre-scaled.jpg","keywords":["Comunicados","Protesta"],"articleSection":["Comunicats"],"inLanguage":"es-ES"},{"@type":"WebPage","@id":"https:\/\/iridia.cat\/es\/omnium-iridia-i-lanc-demanem-37-noves-imputacions-dagents-de-la-policia-nacional-en-la-macrocausa-de-l1-o-a-barcelona\/","url":"https:\/\/iridia.cat\/es\/omnium-iridia-i-lanc-demanem-37-noves-imputacions-dagents-de-la-policia-nacional-en-la-macrocausa-de-l1-o-a-barcelona\/","name":"\u00d2mnium, Ir\u00eddia y ANC piden 37 nuevas imputaciones de agentes de Polic\u00eda Nacional en la macrocausa del 1-O en Barcelona","isPartOf":{"@id":"https:\/\/test.iridia.cat\/#website"},"primaryImageOfPage":{"@id":"https:\/\/iridia.cat\/es\/omnium-iridia-i-lanc-demanem-37-noves-imputacions-dagents-de-la-policia-nacional-en-la-macrocausa-de-l1-o-a-barcelona\/#primaryimage"},"image":{"@id":"https:\/\/iridia.cat\/es\/omnium-iridia-i-lanc-demanem-37-noves-imputacions-dagents-de-la-policia-nacional-en-la-macrocausa-de-l1-o-a-barcelona\/#primaryimage"},"thumbnailUrl":"https:\/\/iridia.cat\/wp-content\/uploads\/2022\/01\/01_CPALACIOB01102017_0031Octubre-scaled.jpg","datePublished":"2022-01-27T08:57:00+00:00","dateModified":"2022-07-20T08:39:19+00:00","breadcrumb":{"@id":"https:\/\/iridia.cat\/es\/omnium-iridia-i-lanc-demanem-37-noves-imputacions-dagents-de-la-policia-nacional-en-la-macrocausa-de-l1-o-a-barcelona\/#breadcrumb"},"inLanguage":"es-ES","potentialAction":[{"@type":"ReadAction","target":["https:\/\/iridia.cat\/es\/omnium-iridia-i-lanc-demanem-37-noves-imputacions-dagents-de-la-policia-nacional-en-la-macrocausa-de-l1-o-a-barcelona\/"]}]},{"@type":"ImageObject","inLanguage":"es-ES","@id":"https:\/\/iridia.cat\/es\/omnium-iridia-i-lanc-demanem-37-noves-imputacions-dagents-de-la-policia-nacional-en-la-macrocausa-de-l1-o-a-barcelona\/#primaryimage","url":"https:\/\/iridia.cat\/wp-content\/uploads\/2022\/01\/01_CPALACIOB01102017_0031Octubre-scaled.jpg","contentUrl":"https:\/\/iridia.cat\/wp-content\/uploads\/2022\/01\/01_CPALACIOB01102017_0031Octubre-scaled.jpg","width":2560,"height":1707,"caption":"Carles Palacio. Informe sobre viol\u00e8ncia institucional 2018, Ir\u00eddia."},{"@type":"BreadcrumbList","@id":"https:\/\/iridia.cat\/es\/omnium-iridia-i-lanc-demanem-37-noves-imputacions-dagents-de-la-policia-nacional-en-la-macrocausa-de-l1-o-a-barcelona\/#breadcrumb","itemListElement":[{"@type":"ListItem","position":1,"name":"Inici","item":"https:\/\/iridia.cat\/es\/"},{"@type":"ListItem","position":2,"name":"\u00d2mnium, Ir\u00eddia y ANC piden 37 nuevas imputaciones de agentes de Polic\u00eda Nacional en la macrocausa del 1-O en Barcelona"}]},{"@type":"WebSite","@id":"https:\/\/test.iridia.cat\/#website","url":"https:\/\/test.iridia.cat\/","name":"Ir\u00eddia","description":"","publisher":{"@id":"https:\/\/test.iridia.cat\/#organization"},"potentialAction":[{"@type":"SearchAction","target":{"@type":"EntryPoint","urlTemplate":"https:\/\/test.iridia.cat\/?s={search_term_string}"},"query-input":{"@type":"PropertyValueSpecification","valueRequired":true,"valueName":"search_term_string"}}],"inLanguage":"es-ES"},{"@type":"Organization","@id":"https:\/\/test.iridia.cat\/#organization","name":"Ir\u00eddia","url":"https:\/\/test.iridia.cat\/","logo":{"@type":"ImageObject","inLanguage":"es-ES","@id":"https:\/\/test.iridia.cat\/#\/schema\/logo\/image\/","url":"https:\/\/iridia.cat\/wp-content\/uploads\/2022\/10\/avatar_iridia.png","contentUrl":"https:\/\/iridia.cat\/wp-content\/uploads\/2022\/10\/avatar_iridia.png","width":740,"height":220,"caption":"Ir\u00eddia"},"image":{"@id":"https:\/\/test.iridia.cat\/#\/schema\/logo\/image\/"}},{"@type":"Person","@id":"https:\/\/test.iridia.cat\/#\/schema\/person\/4cd6357ca92585af3bb3f05b5c669d5f","name":"Ir\u00eddia","image":{"@type":"ImageObject","inLanguage":"es-ES","@id":"https:\/\/secure.gravatar.com\/avatar\/5b7e0123885b2270f0bc833c606fa7b6ae733761d3e80d47e23ba829fe3bd7f7?s=96&d=mm&r=g","url":"https:\/\/secure.gravatar.com\/avatar\/5b7e0123885b2270f0bc833c606fa7b6ae733761d3e80d47e23ba829fe3bd7f7?s=96&d=mm&r=g","contentUrl":"https:\/\/secure.gravatar.com\/avatar\/5b7e0123885b2270f0bc833c606fa7b6ae733761d3e80d47e23ba829fe3bd7f7?s=96&d=mm&r=g","caption":"Ir\u00eddia"},"url":"https:\/\/iridia.cat\/es\/author\/iridia\/"}]}},"_links":{"self":[{"href":"https:\/\/iridia.cat\/es\/wp-json\/wp\/v2\/posts\/5291","targetHints":{"allow":["GET"]}}],"collection":[{"href":"https:\/\/iridia.cat\/es\/wp-json\/wp\/v2\/posts"}],"about":[{"href":"https:\/\/iridia.cat\/es\/wp-json\/wp\/v2\/types\/post"}],"author":[{"embeddable":true,"href":"https:\/\/iridia.cat\/es\/wp-json\/wp\/v2\/users\/2"}],"replies":[{"embeddable":true,"href":"https:\/\/iridia.cat\/es\/wp-json\/wp\/v2\/comments?post=5291"}],"version-history":[{"count":2,"href":"https:\/\/iridia.cat\/es\/wp-json\/wp\/v2\/posts\/5291\/revisions"}],"predecessor-version":[{"id":5293,"href":"https:\/\/iridia.cat\/es\/wp-json\/wp\/v2\/posts\/5291\/revisions\/5293"}],"wp:featuredmedia":[{"embeddable":true,"href":"https:\/\/iridia.cat\/es\/wp-json\/wp\/v2\/media\/4825"}],"wp:attachment":[{"href":"https:\/\/iridia.cat\/es\/wp-json\/wp\/v2\/media?parent=5291"}],"wp:term":[{"taxonomy":"category","embeddable":true,"href":"https:\/\/iridia.cat\/es\/wp-json\/wp\/v2\/categories?post=5291"},{"taxonomy":"post_tag","embeddable":true,"href":"https:\/\/iridia.cat\/es\/wp-json\/wp\/v2\/tags?post=5291"}],"curies":[{"name":"wp","href":"https:\/\/api.w.org\/{rel}","templated":true}]}}