{"id":6800,"date":"2023-05-12T09:53:33","date_gmt":"2023-05-12T07:53:33","guid":{"rendered":"https:\/\/test.iridia.cat\/?p=6800"},"modified":"2023-05-12T09:53:33","modified_gmt":"2023-05-12T07:53:33","slug":"el-estado-espanol-continua-negandose-a-investigar-judicialmente-los-crimenes-del-franquismo","status":"publish","type":"post","link":"https:\/\/iridia.cat\/es\/el-estado-espanol-continua-negandose-a-investigar-judicialmente-los-crimenes-del-franquismo\/","title":{"rendered":"El Estado espa\u00f1ol contin\u00faa neg\u00e1ndose a investigar judicialmente los cr\u00edmenes del franquismo"},"content":{"rendered":"<p><strong>[COMUNICADO DE CeAqua, Amnist\u00eda Internacional e Ir\u00eddia]<\/strong><\/p>\n<ul>\n<li>\n<h3>EL PSOE, el pasado 10 de mayo, impidi\u00f3 en el Senado el avance de una iniciativa legislativa que pretend\u00eda introducir en el C\u00f3digo Penal el principio de legalidad que permitir\u00eda acabar con el sistema de impunidad de los cr\u00edmenes cometidos durante el franquismo.<\/h3>\n<\/li>\n<li>\n<h3>Un d\u00eda antes, la Red CEAQUA recib\u00eda la inadmisi\u00f3n y consecuente archivo de la querella presentada en Pamplona por las torturas denunciadas por Mar\u00eda Concepci\u00f3n Edo Gil, en un contexto de cr\u00edmenes contra la humanidad.<\/h3>\n<\/li>\n<\/ul>\n<p>El pasado 10 de mayo, <strong>se rechaz\u00f3 en el Pleno del Senado<\/strong> la consideraci\u00f3n de una iniciativa legislativa que pretend\u00eda modificar el C\u00f3digo Penal para <strong>introducir el principio de legalidad desde una perspectiva del Derecho Internacional de los Derechos Humanos<\/strong>.<\/p>\n<p>Dicha iniciativa pretend\u00eda <strong>remover uno de los obst\u00e1culos principales<\/strong> que invocan reiteradamente los Juzgados y Tribunales espa\u00f1oles <strong>para investigar y enjuiciar los cr\u00edmenes franquistas,<\/strong> el principio de legalidad. Este principio est\u00e1 recogido en diferentes Tratados y Convenios Internacionales suscritos y ratificados por el Estado espa\u00f1ol, entre otros en el Pacto Internacional de Derechos Civiles y Pol\u00edticos y en el Convenio Europeo de Derechos Humanos. Para CEAQUA, Amnist\u00eda Internacional y el Centro para la Defensa de los Derechos Humanos \u2013 Ir\u00eddia, se trata de un paso m\u00e1s para bloquear la investigaci\u00f3n y enjuiciamiento de los cr\u00edmenes franquistas.<\/p>\n<p>Este <strong>rechazo a facilitar la investigaci\u00f3n judicial<\/strong> en el Senado coincide con la notificaci\u00f3n el 9 de mayo, de la inadmisi\u00f3n, y consecuentemente <strong>archivo, de la segunda querella presentada desde la entrada en vigor de la nueva Ley de Memoria Democr\u00e1tica<\/strong> (en octubre de 2022). La querella, presentada en los juzgados de Pamplona, denunciaba las torturas que Mar\u00eda Concepci\u00f3n Edo Gil recibi\u00f3 tras su detenci\u00f3n en 1973 por repartir octavillas de un sindicato.<\/p>\n<p>La inadmisi\u00f3n de la querella de Mar\u00eda Concepci\u00f3n Edo Gil resaltaba la importancia de la iniciativa legislativa llevada al Senado como una herramienta efectiva para luchar contra la impunidad de los cr\u00edmenes del franquismo, a\u00fan vigente en el Estado espa\u00f1ol, garantizando la investigaci\u00f3n de los hechos.<\/p>\n<p>La toma en consideraci\u00f3n fue rechazada como consecuencia del voto en contra del grupo del Partido Socialista Obrero Espa\u00f1ol que, en esta materia, se aline\u00f3 con la posici\u00f3n mantenida, entre otros, por los Grupos del Partido Popular, Vox y Ciudadanos, lo que impide que contin\u00fae su tramitaci\u00f3n parlamentaria. Ya en el mes de marzo de 2022, esta iniciativa fue rechazada en el Congreso de los Diputados, tambi\u00e9n con el voto en contra del PSOE.<\/p>\n<p>La iniciativa ha sido apoyada en el Senado por un amplio y diverso conjunto de fuerzas parlamentarias territoriales que votaron a favor: Esquerra Republicana de Catalunya, Partido Nacionalista Vasco, Junts per Catalunya, Agrupaci\u00f3n de Electores Teruel Existe, Euskal Herria Bildu, M\u00e1s Madrid, M\u00e9s per Mallorca y Comprom\u00eds. Esta misma iniciativa tambi\u00e9n fue apoyada en el Congreso de los Diputados en marzo de 2022, por fuerzas parlamentarias que actualmente no tienen representaci\u00f3n en el Senado: Candidatura d\u00b4Unitat Popular, Unidas Podemos y Bloque Nacionalista Galego.<\/p>\n<p>El PSOE considera que, con la actual Ley de Memoria Democr\u00e1tica, los derechos de las v\u00edctimas que sufrieron graves violaciones de Derechos Humanos durante la dictadura franquista y la Transici\u00f3n, y de sus familiares, est\u00e1n reconocidos y materializados.<\/p>\n<p>Desde CEAQUA, Amnist\u00eda Internacional y el Centro para la Defensa de los Derechos Humanos \u2013 Ir\u00eddia se valora que esto no es as\u00ed. <strong>El derecho a la justicia contin\u00faa siendo negado por los Juzgados y Tribunales del Estado espa\u00f1ol.<\/strong> Las organizaciones manifiestan que tras la entrada en vigor de la Ley de Memoria Democr\u00e1tica siguen existiendo los mismos obst\u00e1culos legislativos que demuestran la poca voluntad y compromiso pol\u00edtico para asegurar y proteger el derecho a la verdad, justicia, la reparaci\u00f3n y las garant\u00edas de no repetici\u00f3n en el Estado espa\u00f1ol. Prueba de ello son las dos \u00faltimas resoluciones de archivo dictadas por diferentes Juzgados espa\u00f1oles en relaci\u00f3n con la interposici\u00f3n de querellas criminales en las que se denunciaban cr\u00edmenes franquistas constitutivos de cr\u00edmenes contra la humanidad, querellas interpuestas una vez que entr\u00f3 en vigor la actual Ley de Memoria Democr\u00e1tica:<\/p>\n<ol>\n<li>Auto del Juzgado de Instrucci\u00f3n n\u00famero 1 de Ferrol, a cargo de la Magistrada D\u00f1a. Ana Gonz\u00e1lez Lorenzo, Jueza Decana de dichos Juzgados, de fecha 3 de abril de 2023 en el que se acord\u00f3 el sobreseimiento libre y archivo de las actuaciones por prescripci\u00f3n de los delitos objeto de denuncia -asesinato en 1975 de Xose Ram\u00f3n (Moncho) Reboiras, en un contexto de cr\u00edmenes contra la humanidad. En dicho Auto, despu\u00e9s de citar diferentes resoluciones judiciales previamente dictadas por otros Juzgados y Tribunales espa\u00f1oles, la Jueza considera que los razonamientos contenidos en las mismas contin\u00faan siendo aplicables a d\u00eda de hoy y que no se ven alterados por lo dispuesto en la Ley 20\/2022 de Memoria Democr\u00e1tica.<\/li>\n<li>Auto del Juzgado de Instrucci\u00f3n n\u00famero 1 de Pamplona, a cargo de la Magistrada D\u00f1a. Mar\u00eda Teresa Reta C\u00e1rcamo, de fecha 27 de abril de 2023, en el que se acuerda el sobreseimiento provisional y archivo de la querella interpuesta por Concepci\u00f3n Edo Gil en la que denunciaba las torturas sufridas durante el franquismo igualmente en un contexto de cr\u00edmenes contra la humanidad, mencionado con antelaci\u00f3n. Dicho Auto, despreciando a la querellante y al resto de personas que sufrieron graves violaciones de derechos humanos durante el franquismo, as\u00ed como a las disposiciones m\u00e1s b\u00e1sicas del Derecho Internacional de los Derechos Humanos considera, en dos l\u00edneas de argumentaci\u00f3n, que los hechos se encuentran prescritos.<\/li>\n<\/ol>\n<p>En definitiva, esta semana en el Senado, el PSOE con su voto en contra refuerza este tipo de resoluciones judiciales que tan severamente han sido censuradas desde el Consejo de Derechos Humanos de las Naciones Unidas, manteniendo y sosteniendo pol\u00edticas de impunidad que dejan en el m\u00e1s absoluto desamparo y olvido, una vez m\u00e1s, a las v\u00edctimas de la dictadura franquista y la Transici\u00f3n.<\/p>\n<p>A pesar del tiempo transcurrido desde que fueron cometidos dichos cr\u00edmenes, y de ser conscientes de las dificultades que conlleva revertir una pol\u00edtica de impunidad y olvido mantenida por el Estado espa\u00f1ol en su conjunto, CEAQUA afirma que no dejar\u00e1 de demandar y exigir el reconocimiento del derecho efectivo a la Justicia de las v\u00edctimas de la dictadura y la Transici\u00f3n.<\/p>\n","protected":false},"excerpt":{"rendered":"<p>[COMUNICADO DE CeAqua, Amnist\u00eda Internacional e Ir\u00eddia] EL PSOE, el pasado 10 de mayo, impidi\u00f3 en el Senado el avance de una iniciativa legislativa que pretend\u00eda introducir en el C\u00f3digo Penal el principio de legalidad que permitir\u00eda acabar con el sistema de impunidad de los cr\u00edmenes cometidos durante el franquismo. Un d\u00eda antes, la Red [&hellip;]<\/p>\n","protected":false},"author":2,"featured_media":6806,"comment_status":"closed","ping_status":"closed","sticky":false,"template":"","format":"standard","meta":{"_acf_changed":false,"footnotes":""},"categories":[3],"tags":[58,60],"class_list":["post-6800","post","type-post","status-publish","format-standard","has-post-thumbnail","hentry","category-publicaciones","tag-comunicados-iridia","tag-memoria-es"],"acf":[],"yoast_head":"<!-- This site is optimized with the Yoast SEO plugin v27.4 - https:\/\/yoast.com\/product\/yoast-seo-wordpress\/ -->\n<title>El Estado espa\u00f1ol contin\u00faa neg\u00e1ndose a investigar judicialmente los cr\u00edmenes del franquismo<\/title>\n<meta name=\"robots\" content=\"index, follow, max-snippet:-1, max-image-preview:large, max-video-preview:-1\" \/>\n<link rel=\"canonical\" href=\"https:\/\/test.iridia.cat\/es\/el-estado-espanol-continua-negandose-a-investigar-judicialmente-los-crimenes-del-franquismo\/\" \/>\n<meta property=\"og:locale\" content=\"es_ES\" \/>\n<meta property=\"og:type\" content=\"article\" \/>\n<meta property=\"og:title\" content=\"El Estado espa\u00f1ol contin\u00faa neg\u00e1ndose a investigar judicialmente los cr\u00edmenes del franquismo\" \/>\n<meta property=\"og:description\" content=\"[COMUNICADO DE CeAqua, Amnist\u00eda Internacional e Ir\u00eddia] EL PSOE, el pasado 10 de mayo, impidi\u00f3 en el Senado el avance de una iniciativa legislativa que pretend\u00eda introducir en el C\u00f3digo Penal el principio de legalidad que permitir\u00eda acabar con el sistema de impunidad de los cr\u00edmenes cometidos durante el franquismo. Un d\u00eda antes, la Red [&hellip;]\" \/>\n<meta property=\"og:url\" content=\"https:\/\/test.iridia.cat\/es\/el-estado-espanol-continua-negandose-a-investigar-judicialmente-los-crimenes-del-franquismo\/\" \/>\n<meta property=\"og:site_name\" content=\"Ir\u00eddia\" \/>\n<meta property=\"article:published_time\" content=\"2023-05-12T07:53:33+00:00\" \/>\n<meta property=\"og:image\" content=\"https:\/\/test.iridia.cat\/wp-content\/uploads\/2023\/05\/674a39b8-a3ed-4e4b-9251-b66ef6e1132f.jpg\" \/>\n\t<meta property=\"og:image:width\" content=\"548\" \/>\n\t<meta property=\"og:image:height\" content=\"340\" \/>\n\t<meta property=\"og:image:type\" content=\"image\/jpeg\" \/>\n<meta name=\"author\" content=\"Ir\u00eddia\" \/>\n<meta name=\"twitter:card\" content=\"summary_large_image\" \/>\n<meta name=\"twitter:label1\" content=\"Written by\" \/>\n\t<meta name=\"twitter:data1\" content=\"Ir\u00eddia\" \/>\n\t<meta name=\"twitter:label2\" content=\"Est. reading time\" \/>\n\t<meta name=\"twitter:data2\" content=\"6 minutes\" \/>\n<script type=\"application\/ld+json\" class=\"yoast-schema-graph\">{\"@context\":\"https:\\\/\\\/schema.org\",\"@graph\":[{\"@type\":\"Article\",\"@id\":\"https:\\\/\\\/test.iridia.cat\\\/es\\\/el-estado-espanol-continua-negandose-a-investigar-judicialmente-los-crimenes-del-franquismo\\\/#article\",\"isPartOf\":{\"@id\":\"https:\\\/\\\/test.iridia.cat\\\/es\\\/el-estado-espanol-continua-negandose-a-investigar-judicialmente-los-crimenes-del-franquismo\\\/\"},\"author\":{\"name\":\"Ir\u00eddia\",\"@id\":\"https:\\\/\\\/test.iridia.cat\\\/#\\\/schema\\\/person\\\/4cd6357ca92585af3bb3f05b5c669d5f\"},\"headline\":\"El Estado espa\u00f1ol contin\u00faa neg\u00e1ndose a investigar judicialmente los cr\u00edmenes del franquismo\",\"datePublished\":\"2023-05-12T07:53:33+00:00\",\"mainEntityOfPage\":{\"@id\":\"https:\\\/\\\/test.iridia.cat\\\/es\\\/el-estado-espanol-continua-negandose-a-investigar-judicialmente-los-crimenes-del-franquismo\\\/\"},\"wordCount\":1137,\"publisher\":{\"@id\":\"https:\\\/\\\/test.iridia.cat\\\/#organization\"},\"image\":{\"@id\":\"https:\\\/\\\/test.iridia.cat\\\/es\\\/el-estado-espanol-continua-negandose-a-investigar-judicialmente-los-crimenes-del-franquismo\\\/#primaryimage\"},\"thumbnailUrl\":\"https:\\\/\\\/iridia.cat\\\/wp-content\\\/uploads\\\/2023\\\/05\\\/674a39b8-a3ed-4e4b-9251-b66ef6e1132f.jpg\",\"keywords\":[\"Comunicados\",\"Memoria\"],\"articleSection\":[\"Publicaciones\"],\"inLanguage\":\"es-ES\"},{\"@type\":\"WebPage\",\"@id\":\"https:\\\/\\\/test.iridia.cat\\\/es\\\/el-estado-espanol-continua-negandose-a-investigar-judicialmente-los-crimenes-del-franquismo\\\/\",\"url\":\"https:\\\/\\\/test.iridia.cat\\\/es\\\/el-estado-espanol-continua-negandose-a-investigar-judicialmente-los-crimenes-del-franquismo\\\/\",\"name\":\"El Estado espa\u00f1ol contin\u00faa neg\u00e1ndose a investigar judicialmente los cr\u00edmenes del franquismo\",\"isPartOf\":{\"@id\":\"https:\\\/\\\/test.iridia.cat\\\/#website\"},\"primaryImageOfPage\":{\"@id\":\"https:\\\/\\\/test.iridia.cat\\\/es\\\/el-estado-espanol-continua-negandose-a-investigar-judicialmente-los-crimenes-del-franquismo\\\/#primaryimage\"},\"image\":{\"@id\":\"https:\\\/\\\/test.iridia.cat\\\/es\\\/el-estado-espanol-continua-negandose-a-investigar-judicialmente-los-crimenes-del-franquismo\\\/#primaryimage\"},\"thumbnailUrl\":\"https:\\\/\\\/iridia.cat\\\/wp-content\\\/uploads\\\/2023\\\/05\\\/674a39b8-a3ed-4e4b-9251-b66ef6e1132f.jpg\",\"datePublished\":\"2023-05-12T07:53:33+00:00\",\"breadcrumb\":{\"@id\":\"https:\\\/\\\/test.iridia.cat\\\/es\\\/el-estado-espanol-continua-negandose-a-investigar-judicialmente-los-crimenes-del-franquismo\\\/#breadcrumb\"},\"inLanguage\":\"es-ES\",\"potentialAction\":[{\"@type\":\"ReadAction\",\"target\":[\"https:\\\/\\\/test.iridia.cat\\\/es\\\/el-estado-espanol-continua-negandose-a-investigar-judicialmente-los-crimenes-del-franquismo\\\/\"]}]},{\"@type\":\"ImageObject\",\"inLanguage\":\"es-ES\",\"@id\":\"https:\\\/\\\/test.iridia.cat\\\/es\\\/el-estado-espanol-continua-negandose-a-investigar-judicialmente-los-crimenes-del-franquismo\\\/#primaryimage\",\"url\":\"https:\\\/\\\/iridia.cat\\\/wp-content\\\/uploads\\\/2023\\\/05\\\/674a39b8-a3ed-4e4b-9251-b66ef6e1132f.jpg\",\"contentUrl\":\"https:\\\/\\\/iridia.cat\\\/wp-content\\\/uploads\\\/2023\\\/05\\\/674a39b8-a3ed-4e4b-9251-b66ef6e1132f.jpg\",\"width\":548,\"height\":340},{\"@type\":\"BreadcrumbList\",\"@id\":\"https:\\\/\\\/test.iridia.cat\\\/es\\\/el-estado-espanol-continua-negandose-a-investigar-judicialmente-los-crimenes-del-franquismo\\\/#breadcrumb\",\"itemListElement\":[{\"@type\":\"ListItem\",\"position\":1,\"name\":\"Inici\",\"item\":\"https:\\\/\\\/iridia.cat\\\/es\\\/\"},{\"@type\":\"ListItem\",\"position\":2,\"name\":\"El Estado espa\u00f1ol contin\u00faa neg\u00e1ndose a investigar judicialmente los cr\u00edmenes del franquismo\"}]},{\"@type\":\"WebSite\",\"@id\":\"https:\\\/\\\/test.iridia.cat\\\/#website\",\"url\":\"https:\\\/\\\/test.iridia.cat\\\/\",\"name\":\"Ir\u00eddia\",\"description\":\"\",\"publisher\":{\"@id\":\"https:\\\/\\\/test.iridia.cat\\\/#organization\"},\"potentialAction\":[{\"@type\":\"SearchAction\",\"target\":{\"@type\":\"EntryPoint\",\"urlTemplate\":\"https:\\\/\\\/test.iridia.cat\\\/?s={search_term_string}\"},\"query-input\":{\"@type\":\"PropertyValueSpecification\",\"valueRequired\":true,\"valueName\":\"search_term_string\"}}],\"inLanguage\":\"es-ES\"},{\"@type\":\"Organization\",\"@id\":\"https:\\\/\\\/test.iridia.cat\\\/#organization\",\"name\":\"Ir\u00eddia\",\"url\":\"https:\\\/\\\/test.iridia.cat\\\/\",\"logo\":{\"@type\":\"ImageObject\",\"inLanguage\":\"es-ES\",\"@id\":\"https:\\\/\\\/test.iridia.cat\\\/#\\\/schema\\\/logo\\\/image\\\/\",\"url\":\"https:\\\/\\\/iridia.cat\\\/wp-content\\\/uploads\\\/2022\\\/10\\\/avatar_iridia.png\",\"contentUrl\":\"https:\\\/\\\/iridia.cat\\\/wp-content\\\/uploads\\\/2022\\\/10\\\/avatar_iridia.png\",\"width\":740,\"height\":220,\"caption\":\"Ir\u00eddia\"},\"image\":{\"@id\":\"https:\\\/\\\/test.iridia.cat\\\/#\\\/schema\\\/logo\\\/image\\\/\"}},{\"@type\":\"Person\",\"@id\":\"https:\\\/\\\/test.iridia.cat\\\/#\\\/schema\\\/person\\\/4cd6357ca92585af3bb3f05b5c669d5f\",\"name\":\"Ir\u00eddia\",\"image\":{\"@type\":\"ImageObject\",\"inLanguage\":\"es-ES\",\"@id\":\"https:\\\/\\\/secure.gravatar.com\\\/avatar\\\/5b7e0123885b2270f0bc833c606fa7b6ae733761d3e80d47e23ba829fe3bd7f7?s=96&d=mm&r=g\",\"url\":\"https:\\\/\\\/secure.gravatar.com\\\/avatar\\\/5b7e0123885b2270f0bc833c606fa7b6ae733761d3e80d47e23ba829fe3bd7f7?s=96&d=mm&r=g\",\"contentUrl\":\"https:\\\/\\\/secure.gravatar.com\\\/avatar\\\/5b7e0123885b2270f0bc833c606fa7b6ae733761d3e80d47e23ba829fe3bd7f7?s=96&d=mm&r=g\",\"caption\":\"Ir\u00eddia\"},\"url\":\"https:\\\/\\\/iridia.cat\\\/es\\\/author\\\/iridia\\\/\"}]}<\/script>\n<!-- \/ Yoast SEO plugin. -->","yoast_head_json":{"title":"El Estado espa\u00f1ol contin\u00faa neg\u00e1ndose a investigar judicialmente los cr\u00edmenes del franquismo","robots":{"index":"index","follow":"follow","max-snippet":"max-snippet:-1","max-image-preview":"max-image-preview:large","max-video-preview":"max-video-preview:-1"},"canonical":"https:\/\/test.iridia.cat\/es\/el-estado-espanol-continua-negandose-a-investigar-judicialmente-los-crimenes-del-franquismo\/","og_locale":"es_ES","og_type":"article","og_title":"El Estado espa\u00f1ol contin\u00faa neg\u00e1ndose a investigar judicialmente los cr\u00edmenes del franquismo","og_description":"[COMUNICADO DE CeAqua, Amnist\u00eda Internacional e Ir\u00eddia] EL PSOE, el pasado 10 de mayo, impidi\u00f3 en el Senado el avance de una iniciativa legislativa que pretend\u00eda introducir en el C\u00f3digo Penal el principio de legalidad que permitir\u00eda acabar con el sistema de impunidad de los cr\u00edmenes cometidos durante el franquismo. Un d\u00eda antes, la Red [&hellip;]","og_url":"https:\/\/test.iridia.cat\/es\/el-estado-espanol-continua-negandose-a-investigar-judicialmente-los-crimenes-del-franquismo\/","og_site_name":"Ir\u00eddia","article_published_time":"2023-05-12T07:53:33+00:00","og_image":[{"width":548,"height":340,"url":"https:\/\/test.iridia.cat\/wp-content\/uploads\/2023\/05\/674a39b8-a3ed-4e4b-9251-b66ef6e1132f.jpg","type":"image\/jpeg"}],"author":"Ir\u00eddia","twitter_card":"summary_large_image","twitter_misc":{"Written by":"Ir\u00eddia","Est. reading time":"6 minutes"},"schema":{"@context":"https:\/\/schema.org","@graph":[{"@type":"Article","@id":"https:\/\/test.iridia.cat\/es\/el-estado-espanol-continua-negandose-a-investigar-judicialmente-los-crimenes-del-franquismo\/#article","isPartOf":{"@id":"https:\/\/test.iridia.cat\/es\/el-estado-espanol-continua-negandose-a-investigar-judicialmente-los-crimenes-del-franquismo\/"},"author":{"name":"Ir\u00eddia","@id":"https:\/\/test.iridia.cat\/#\/schema\/person\/4cd6357ca92585af3bb3f05b5c669d5f"},"headline":"El Estado espa\u00f1ol contin\u00faa neg\u00e1ndose a investigar judicialmente los cr\u00edmenes del franquismo","datePublished":"2023-05-12T07:53:33+00:00","mainEntityOfPage":{"@id":"https:\/\/test.iridia.cat\/es\/el-estado-espanol-continua-negandose-a-investigar-judicialmente-los-crimenes-del-franquismo\/"},"wordCount":1137,"publisher":{"@id":"https:\/\/test.iridia.cat\/#organization"},"image":{"@id":"https:\/\/test.iridia.cat\/es\/el-estado-espanol-continua-negandose-a-investigar-judicialmente-los-crimenes-del-franquismo\/#primaryimage"},"thumbnailUrl":"https:\/\/iridia.cat\/wp-content\/uploads\/2023\/05\/674a39b8-a3ed-4e4b-9251-b66ef6e1132f.jpg","keywords":["Comunicados","Memoria"],"articleSection":["Publicaciones"],"inLanguage":"es-ES"},{"@type":"WebPage","@id":"https:\/\/test.iridia.cat\/es\/el-estado-espanol-continua-negandose-a-investigar-judicialmente-los-crimenes-del-franquismo\/","url":"https:\/\/test.iridia.cat\/es\/el-estado-espanol-continua-negandose-a-investigar-judicialmente-los-crimenes-del-franquismo\/","name":"El Estado espa\u00f1ol contin\u00faa neg\u00e1ndose a investigar judicialmente los cr\u00edmenes del franquismo","isPartOf":{"@id":"https:\/\/test.iridia.cat\/#website"},"primaryImageOfPage":{"@id":"https:\/\/test.iridia.cat\/es\/el-estado-espanol-continua-negandose-a-investigar-judicialmente-los-crimenes-del-franquismo\/#primaryimage"},"image":{"@id":"https:\/\/test.iridia.cat\/es\/el-estado-espanol-continua-negandose-a-investigar-judicialmente-los-crimenes-del-franquismo\/#primaryimage"},"thumbnailUrl":"https:\/\/iridia.cat\/wp-content\/uploads\/2023\/05\/674a39b8-a3ed-4e4b-9251-b66ef6e1132f.jpg","datePublished":"2023-05-12T07:53:33+00:00","breadcrumb":{"@id":"https:\/\/test.iridia.cat\/es\/el-estado-espanol-continua-negandose-a-investigar-judicialmente-los-crimenes-del-franquismo\/#breadcrumb"},"inLanguage":"es-ES","potentialAction":[{"@type":"ReadAction","target":["https:\/\/test.iridia.cat\/es\/el-estado-espanol-continua-negandose-a-investigar-judicialmente-los-crimenes-del-franquismo\/"]}]},{"@type":"ImageObject","inLanguage":"es-ES","@id":"https:\/\/test.iridia.cat\/es\/el-estado-espanol-continua-negandose-a-investigar-judicialmente-los-crimenes-del-franquismo\/#primaryimage","url":"https:\/\/iridia.cat\/wp-content\/uploads\/2023\/05\/674a39b8-a3ed-4e4b-9251-b66ef6e1132f.jpg","contentUrl":"https:\/\/iridia.cat\/wp-content\/uploads\/2023\/05\/674a39b8-a3ed-4e4b-9251-b66ef6e1132f.jpg","width":548,"height":340},{"@type":"BreadcrumbList","@id":"https:\/\/test.iridia.cat\/es\/el-estado-espanol-continua-negandose-a-investigar-judicialmente-los-crimenes-del-franquismo\/#breadcrumb","itemListElement":[{"@type":"ListItem","position":1,"name":"Inici","item":"https:\/\/iridia.cat\/es\/"},{"@type":"ListItem","position":2,"name":"El Estado espa\u00f1ol contin\u00faa neg\u00e1ndose a investigar judicialmente los cr\u00edmenes del franquismo"}]},{"@type":"WebSite","@id":"https:\/\/test.iridia.cat\/#website","url":"https:\/\/test.iridia.cat\/","name":"Ir\u00eddia","description":"","publisher":{"@id":"https:\/\/test.iridia.cat\/#organization"},"potentialAction":[{"@type":"SearchAction","target":{"@type":"EntryPoint","urlTemplate":"https:\/\/test.iridia.cat\/?s={search_term_string}"},"query-input":{"@type":"PropertyValueSpecification","valueRequired":true,"valueName":"search_term_string"}}],"inLanguage":"es-ES"},{"@type":"Organization","@id":"https:\/\/test.iridia.cat\/#organization","name":"Ir\u00eddia","url":"https:\/\/test.iridia.cat\/","logo":{"@type":"ImageObject","inLanguage":"es-ES","@id":"https:\/\/test.iridia.cat\/#\/schema\/logo\/image\/","url":"https:\/\/iridia.cat\/wp-content\/uploads\/2022\/10\/avatar_iridia.png","contentUrl":"https:\/\/iridia.cat\/wp-content\/uploads\/2022\/10\/avatar_iridia.png","width":740,"height":220,"caption":"Ir\u00eddia"},"image":{"@id":"https:\/\/test.iridia.cat\/#\/schema\/logo\/image\/"}},{"@type":"Person","@id":"https:\/\/test.iridia.cat\/#\/schema\/person\/4cd6357ca92585af3bb3f05b5c669d5f","name":"Ir\u00eddia","image":{"@type":"ImageObject","inLanguage":"es-ES","@id":"https:\/\/secure.gravatar.com\/avatar\/5b7e0123885b2270f0bc833c606fa7b6ae733761d3e80d47e23ba829fe3bd7f7?s=96&d=mm&r=g","url":"https:\/\/secure.gravatar.com\/avatar\/5b7e0123885b2270f0bc833c606fa7b6ae733761d3e80d47e23ba829fe3bd7f7?s=96&d=mm&r=g","contentUrl":"https:\/\/secure.gravatar.com\/avatar\/5b7e0123885b2270f0bc833c606fa7b6ae733761d3e80d47e23ba829fe3bd7f7?s=96&d=mm&r=g","caption":"Ir\u00eddia"},"url":"https:\/\/iridia.cat\/es\/author\/iridia\/"}]}},"_links":{"self":[{"href":"https:\/\/iridia.cat\/es\/wp-json\/wp\/v2\/posts\/6800","targetHints":{"allow":["GET"]}}],"collection":[{"href":"https:\/\/iridia.cat\/es\/wp-json\/wp\/v2\/posts"}],"about":[{"href":"https:\/\/iridia.cat\/es\/wp-json\/wp\/v2\/types\/post"}],"author":[{"embeddable":true,"href":"https:\/\/iridia.cat\/es\/wp-json\/wp\/v2\/users\/2"}],"replies":[{"embeddable":true,"href":"https:\/\/iridia.cat\/es\/wp-json\/wp\/v2\/comments?post=6800"}],"version-history":[{"count":1,"href":"https:\/\/iridia.cat\/es\/wp-json\/wp\/v2\/posts\/6800\/revisions"}],"predecessor-version":[{"id":6813,"href":"https:\/\/iridia.cat\/es\/wp-json\/wp\/v2\/posts\/6800\/revisions\/6813"}],"wp:featuredmedia":[{"embeddable":true,"href":"https:\/\/iridia.cat\/es\/wp-json\/wp\/v2\/media\/6806"}],"wp:attachment":[{"href":"https:\/\/iridia.cat\/es\/wp-json\/wp\/v2\/media?parent=6800"}],"wp:term":[{"taxonomy":"category","embeddable":true,"href":"https:\/\/iridia.cat\/es\/wp-json\/wp\/v2\/categories?post=6800"},{"taxonomy":"post_tag","embeddable":true,"href":"https:\/\/iridia.cat\/es\/wp-json\/wp\/v2\/tags?post=6800"}],"curies":[{"name":"wp","href":"https:\/\/api.w.org\/{rel}","templated":true}]}}