{"id":7615,"date":"2023-09-18T12:52:57","date_gmt":"2023-09-18T10:52:57","guid":{"rendered":"https:\/\/iridia.cat\/?p=7615"},"modified":"2023-09-18T12:52:57","modified_gmt":"2023-09-18T10:52:57","slug":"comunicado-la-tortura-y-el-maltrato-policial-no-son-delitos-amnistiables-de-acuerdo-con-el-derecho-internacional-de-los-derechos-humanos","status":"publish","type":"post","link":"https:\/\/iridia.cat\/es\/comunicado-la-tortura-y-el-maltrato-policial-no-son-delitos-amnistiables-de-acuerdo-con-el-derecho-internacional-de-los-derechos-humanos\/","title":{"rendered":"COMUNICADO | La tortura y el maltrato policial no son delitos amnistiables de acuerdo con el derecho internacional de los derechos humanos"},"content":{"rendered":"<p><a href=\"https:\/\/iridia.cat\/wp-content\/uploads\/2023\/09\/Comunicat_Amnistia_cat.pdf\"><strong>+ DESCARGA EL COMUNICADO<\/strong><\/a><\/p>\n<p><strong>Barcelona, 18 de septiembre de 2023.-<\/strong> Ir\u00eddia &#8211; Centro para la Defensa de los Derechos Humanos quiere manifestar su total desacuerdo con la posibilidad de que una eventual Ley de Amnist\u00eda que se tramite en el Congreso de los Diputados pueda dejar sin investigar y enjuiciar los agentes de las Fuerzas y Cuerpos de Seguridad del Estado, responsables de graves vulneraciones de derechos humanos durante la Operaci\u00f3n Cop\u00e9rnico, el 1 de octubre de 2017, y pueda dejar a las personas afectadas sin un recurso efectivo.<\/p>\n<p>A la espera de conocer los detalles concretos de la negociaci\u00f3n pol\u00edtica, como entidad de defensa de los derechos humanos que ejerce la acusaci\u00f3n popular en los dos procedimientos abiertos en Barcelona, as\u00ed como la acusaci\u00f3n particular en representaci\u00f3n de 13 personas afectadas (algunas de ellas de gravedad, incluyendo una p\u00e9rdida de \u00f3rgano vital), queremos recordar que cualquier proceso de reparaci\u00f3n ha de atender el principio de centralidad de las personas afectadas y no puede ignorar las disposiciones del derecho internacional de los derechos humanos.<\/p>\n<p>En sinton\u00eda con lo que ya han expresado otras entidades, como la Comisi\u00f3n de Defensa del ICAB, consideramos que la amnist\u00eda es una herramienta excepcional, destinada a la resoluci\u00f3n de conflictos y a la reconciliaci\u00f3n. En ese sentido, siempre hemos defendido que el conflicto era pol\u00edtico y que su gesti\u00f3n y resoluci\u00f3n tambi\u00e9n deb\u00eda ser pol\u00edtica, de forma que la Ley de Amnist\u00eda podr\u00eda ser un instrumento eficaz en ese camino. No obstante, tal como establece el Derecho Internacional, las amnist\u00edas no pueden limitar el derecho de las v\u00edctimas del delito de tortura a un recurso efectivo, as\u00ed como a la reparaci\u00f3n, ni pueden obstaculizar el derecho de las v\u00edctimas y del conjunto de la sociedad a conocer la verdad de las violaciones cometidas. La b\u00fasqueda de la paz y la convivencia no es incompatible con la lucha contra la impunidad, tal como reiteradamente han defendido mecanismos internacionales de protecci\u00f3n de los derechos humanos que vinculan al Estado espa\u00f1ol.<\/p>\n<p>Es importante destacar que, en los dos procedimientos abiertos en Barcelona, por los cuales hay investigados actualmente 52 agentes del Cuerpo Nacional de Polic\u00eda, hay hechos que pueden ser constitutivos de tortura u otros tratos crueles, inhumanos o degradantes. Una amnist\u00eda que impidiese el enjuiciamiento de los responsables de estas graves vulneraciones de derechos humanos e imposibilitase a las v\u00edctimas el acceso a un recurso efectivo incumplir\u00eda las obligaciones adquiridas por el Estado espa\u00f1ol en los tratados internacionales y regionales de los cuales es parte y violar\u00eda obligaciones imperativas establecidas por la costumbre internacional. Concretamente, la Convenci\u00f3n contra la Tortura, el Pacto Internacional de Derechos Civiles y Pol\u00edticos y el Convenio Europeo de Derechos Humanos, instrumentos que vinculan a los Estados parte a adoptar todas las medidas efectivas para investigar y llevar ante la justicia a los responsables de estas vulneraciones de derechos y la prohibici\u00f3n absoluta de la tortura y otros tratos crueles, inhumanos o degradantes<a href=\"#_ftn1\" name=\"_ftnref1\">[1]<\/a>.<\/p>\n<p>Por \u00faltimo, se quiere remarcar que una de las consecuencias de la obligaci\u00f3n de los Estados de investigar y condenar los actos de tortura y los tratos o penas crueles, inhumanos o degradantes es ofrecer garant\u00edas de no repetici\u00f3n. El marco de negociaciones actual brinda una oportunidad \u00fanica en ese sentido por la v\u00eda de la prohibici\u00f3n de las balas de goma y la creaci\u00f3n de un mecanismo externo e independiente de supervisi\u00f3n e investigaci\u00f3n de las actuaciones policiales, entre otras.<\/p>\n<hr \/>\n<p><a href=\"#_ftnref1\" name=\"_ftn1\">[1]<\/a> Oficina del Alto Comisionado de las Naciones Unidas para los Derechos Humanos (2009), Instrumentos del Estado de derecho para sociedades que deben salir de un conflicto. Amnist\u00edas. Naciones Unidas. Disponible en:<\/p>\n<p><a href=\"https:\/\/www.ohchr.org\/sites\/default\/files\/Documents\/Publications\/Amnesties_sp.pdf\">https:\/\/www.ohchr.org\/sites\/default\/files\/Documents\/Publications\/Amnesties_sp.pdf<\/a><\/p>\n<p>&nbsp;<\/p>\n","protected":false},"excerpt":{"rendered":"<p>+ DESCARGA EL COMUNICADO Barcelona, 18 de septiembre de 2023.- Ir\u00eddia &#8211; Centro para la Defensa de los Derechos Humanos quiere manifestar su total desacuerdo con la posibilidad de que una eventual Ley de Amnist\u00eda que se tramite en el Congreso de los Diputados pueda dejar sin investigar y enjuiciar los agentes de las Fuerzas [&hellip;]<\/p>\n","protected":false},"author":2,"featured_media":7648,"comment_status":"closed","ping_status":"closed","sticky":false,"template":"","format":"standard","meta":{"_acf_changed":false,"footnotes":""},"categories":[74],"tags":[58,82],"class_list":["post-7615","post","type-post","status-publish","format-standard","has-post-thumbnail","hentry","category-comunicats-es","tag-comunicados-iridia","tag-violencia-institucional-es"],"acf":[],"yoast_head":"<!-- This site is optimized with the Yoast SEO plugin v27.4 - https:\/\/yoast.com\/product\/yoast-seo-wordpress\/ -->\n<title>COMUNICADO | La tortura y el maltrato policial no son delitos amnistiables de acuerdo con el derecho internacional de los derechos humanos<\/title>\n<meta name=\"robots\" content=\"index, follow, max-snippet:-1, max-image-preview:large, max-video-preview:-1\" \/>\n<link rel=\"canonical\" href=\"https:\/\/iridia.cat\/es\/comunicado-la-tortura-y-el-maltrato-policial-no-son-delitos-amnistiables-de-acuerdo-con-el-derecho-internacional-de-los-derechos-humanos\/\" \/>\n<meta property=\"og:locale\" content=\"es_ES\" \/>\n<meta property=\"og:type\" content=\"article\" \/>\n<meta property=\"og:title\" content=\"COMUNICADO | La tortura y el maltrato policial no son delitos amnistiables de acuerdo con el derecho internacional de los derechos humanos\" \/>\n<meta property=\"og:description\" content=\"+ DESCARGA EL COMUNICADO Barcelona, 18 de septiembre de 2023.- Ir\u00eddia &#8211; Centro para la Defensa de los Derechos Humanos quiere manifestar su total desacuerdo con la posibilidad de que una eventual Ley de Amnist\u00eda que se tramite en el Congreso de los Diputados pueda dejar sin investigar y enjuiciar los agentes de las Fuerzas [&hellip;]\" \/>\n<meta property=\"og:url\" content=\"https:\/\/iridia.cat\/es\/comunicado-la-tortura-y-el-maltrato-policial-no-son-delitos-amnistiables-de-acuerdo-con-el-derecho-internacional-de-los-derechos-humanos\/\" \/>\n<meta property=\"og:site_name\" content=\"Ir\u00eddia\" \/>\n<meta property=\"article:published_time\" content=\"2023-09-18T10:52:57+00:00\" \/>\n<meta property=\"og:image\" content=\"https:\/\/iridia.cat\/wp-content\/uploads\/2023\/09\/01_CPALACIOB01102017_0031Octubre-1.jpg\" \/>\n\t<meta property=\"og:image:width\" content=\"1800\" \/>\n\t<meta property=\"og:image:height\" content=\"1200\" \/>\n\t<meta property=\"og:image:type\" content=\"image\/jpeg\" \/>\n<meta name=\"author\" content=\"Ir\u00eddia\" \/>\n<meta name=\"twitter:card\" content=\"summary_large_image\" \/>\n<meta name=\"twitter:label1\" content=\"Written by\" \/>\n\t<meta name=\"twitter:data1\" content=\"Ir\u00eddia\" \/>\n\t<meta name=\"twitter:label2\" content=\"Est. reading time\" \/>\n\t<meta name=\"twitter:data2\" content=\"4 minutes\" \/>\n<script type=\"application\/ld+json\" class=\"yoast-schema-graph\">{\"@context\":\"https:\\\/\\\/schema.org\",\"@graph\":[{\"@type\":\"Article\",\"@id\":\"https:\\\/\\\/iridia.cat\\\/es\\\/comunicado-la-tortura-y-el-maltrato-policial-no-son-delitos-amnistiables-de-acuerdo-con-el-derecho-internacional-de-los-derechos-humanos\\\/#article\",\"isPartOf\":{\"@id\":\"https:\\\/\\\/iridia.cat\\\/es\\\/comunicado-la-tortura-y-el-maltrato-policial-no-son-delitos-amnistiables-de-acuerdo-con-el-derecho-internacional-de-los-derechos-humanos\\\/\"},\"author\":{\"name\":\"Ir\u00eddia\",\"@id\":\"https:\\\/\\\/test.iridia.cat\\\/#\\\/schema\\\/person\\\/4cd6357ca92585af3bb3f05b5c669d5f\"},\"headline\":\"COMUNICADO | La tortura y el maltrato policial no son delitos amnistiables de acuerdo con el derecho internacional de los derechos humanos\",\"datePublished\":\"2023-09-18T10:52:57+00:00\",\"mainEntityOfPage\":{\"@id\":\"https:\\\/\\\/iridia.cat\\\/es\\\/comunicado-la-tortura-y-el-maltrato-policial-no-son-delitos-amnistiables-de-acuerdo-con-el-derecho-internacional-de-los-derechos-humanos\\\/\"},\"wordCount\":678,\"publisher\":{\"@id\":\"https:\\\/\\\/test.iridia.cat\\\/#organization\"},\"image\":{\"@id\":\"https:\\\/\\\/iridia.cat\\\/es\\\/comunicado-la-tortura-y-el-maltrato-policial-no-son-delitos-amnistiables-de-acuerdo-con-el-derecho-internacional-de-los-derechos-humanos\\\/#primaryimage\"},\"thumbnailUrl\":\"https:\\\/\\\/iridia.cat\\\/wp-content\\\/uploads\\\/2023\\\/09\\\/01_CPALACIOB01102017_0031Octubre-1.jpg\",\"keywords\":[\"Comunicados\",\"Violencia institucional\"],\"articleSection\":[\"Comunicats\"],\"inLanguage\":\"es-ES\"},{\"@type\":\"WebPage\",\"@id\":\"https:\\\/\\\/iridia.cat\\\/es\\\/comunicado-la-tortura-y-el-maltrato-policial-no-son-delitos-amnistiables-de-acuerdo-con-el-derecho-internacional-de-los-derechos-humanos\\\/\",\"url\":\"https:\\\/\\\/iridia.cat\\\/es\\\/comunicado-la-tortura-y-el-maltrato-policial-no-son-delitos-amnistiables-de-acuerdo-con-el-derecho-internacional-de-los-derechos-humanos\\\/\",\"name\":\"COMUNICADO | La tortura y el maltrato policial no son delitos amnistiables de acuerdo con el derecho internacional de los derechos humanos\",\"isPartOf\":{\"@id\":\"https:\\\/\\\/test.iridia.cat\\\/#website\"},\"primaryImageOfPage\":{\"@id\":\"https:\\\/\\\/iridia.cat\\\/es\\\/comunicado-la-tortura-y-el-maltrato-policial-no-son-delitos-amnistiables-de-acuerdo-con-el-derecho-internacional-de-los-derechos-humanos\\\/#primaryimage\"},\"image\":{\"@id\":\"https:\\\/\\\/iridia.cat\\\/es\\\/comunicado-la-tortura-y-el-maltrato-policial-no-son-delitos-amnistiables-de-acuerdo-con-el-derecho-internacional-de-los-derechos-humanos\\\/#primaryimage\"},\"thumbnailUrl\":\"https:\\\/\\\/iridia.cat\\\/wp-content\\\/uploads\\\/2023\\\/09\\\/01_CPALACIOB01102017_0031Octubre-1.jpg\",\"datePublished\":\"2023-09-18T10:52:57+00:00\",\"breadcrumb\":{\"@id\":\"https:\\\/\\\/iridia.cat\\\/es\\\/comunicado-la-tortura-y-el-maltrato-policial-no-son-delitos-amnistiables-de-acuerdo-con-el-derecho-internacional-de-los-derechos-humanos\\\/#breadcrumb\"},\"inLanguage\":\"es-ES\",\"potentialAction\":[{\"@type\":\"ReadAction\",\"target\":[\"https:\\\/\\\/iridia.cat\\\/es\\\/comunicado-la-tortura-y-el-maltrato-policial-no-son-delitos-amnistiables-de-acuerdo-con-el-derecho-internacional-de-los-derechos-humanos\\\/\"]}]},{\"@type\":\"ImageObject\",\"inLanguage\":\"es-ES\",\"@id\":\"https:\\\/\\\/iridia.cat\\\/es\\\/comunicado-la-tortura-y-el-maltrato-policial-no-son-delitos-amnistiables-de-acuerdo-con-el-derecho-internacional-de-los-derechos-humanos\\\/#primaryimage\",\"url\":\"https:\\\/\\\/iridia.cat\\\/wp-content\\\/uploads\\\/2023\\\/09\\\/01_CPALACIOB01102017_0031Octubre-1.jpg\",\"contentUrl\":\"https:\\\/\\\/iridia.cat\\\/wp-content\\\/uploads\\\/2023\\\/09\\\/01_CPALACIOB01102017_0031Octubre-1.jpg\",\"width\":1800,\"height\":1200,\"caption\":\"Fotograf\u00eda: Carles Palacio\"},{\"@type\":\"BreadcrumbList\",\"@id\":\"https:\\\/\\\/iridia.cat\\\/es\\\/comunicado-la-tortura-y-el-maltrato-policial-no-son-delitos-amnistiables-de-acuerdo-con-el-derecho-internacional-de-los-derechos-humanos\\\/#breadcrumb\",\"itemListElement\":[{\"@type\":\"ListItem\",\"position\":1,\"name\":\"Inici\",\"item\":\"https:\\\/\\\/iridia.cat\\\/es\\\/\"},{\"@type\":\"ListItem\",\"position\":2,\"name\":\"COMUNICADO | La tortura y el maltrato policial no son delitos amnistiables de acuerdo con el derecho internacional de los derechos humanos\"}]},{\"@type\":\"WebSite\",\"@id\":\"https:\\\/\\\/test.iridia.cat\\\/#website\",\"url\":\"https:\\\/\\\/test.iridia.cat\\\/\",\"name\":\"Ir\u00eddia\",\"description\":\"\",\"publisher\":{\"@id\":\"https:\\\/\\\/test.iridia.cat\\\/#organization\"},\"potentialAction\":[{\"@type\":\"SearchAction\",\"target\":{\"@type\":\"EntryPoint\",\"urlTemplate\":\"https:\\\/\\\/test.iridia.cat\\\/?s={search_term_string}\"},\"query-input\":{\"@type\":\"PropertyValueSpecification\",\"valueRequired\":true,\"valueName\":\"search_term_string\"}}],\"inLanguage\":\"es-ES\"},{\"@type\":\"Organization\",\"@id\":\"https:\\\/\\\/test.iridia.cat\\\/#organization\",\"name\":\"Ir\u00eddia\",\"url\":\"https:\\\/\\\/test.iridia.cat\\\/\",\"logo\":{\"@type\":\"ImageObject\",\"inLanguage\":\"es-ES\",\"@id\":\"https:\\\/\\\/test.iridia.cat\\\/#\\\/schema\\\/logo\\\/image\\\/\",\"url\":\"https:\\\/\\\/iridia.cat\\\/wp-content\\\/uploads\\\/2022\\\/10\\\/avatar_iridia.png\",\"contentUrl\":\"https:\\\/\\\/iridia.cat\\\/wp-content\\\/uploads\\\/2022\\\/10\\\/avatar_iridia.png\",\"width\":740,\"height\":220,\"caption\":\"Ir\u00eddia\"},\"image\":{\"@id\":\"https:\\\/\\\/test.iridia.cat\\\/#\\\/schema\\\/logo\\\/image\\\/\"}},{\"@type\":\"Person\",\"@id\":\"https:\\\/\\\/test.iridia.cat\\\/#\\\/schema\\\/person\\\/4cd6357ca92585af3bb3f05b5c669d5f\",\"name\":\"Ir\u00eddia\",\"image\":{\"@type\":\"ImageObject\",\"inLanguage\":\"es-ES\",\"@id\":\"https:\\\/\\\/secure.gravatar.com\\\/avatar\\\/5b7e0123885b2270f0bc833c606fa7b6ae733761d3e80d47e23ba829fe3bd7f7?s=96&d=mm&r=g\",\"url\":\"https:\\\/\\\/secure.gravatar.com\\\/avatar\\\/5b7e0123885b2270f0bc833c606fa7b6ae733761d3e80d47e23ba829fe3bd7f7?s=96&d=mm&r=g\",\"contentUrl\":\"https:\\\/\\\/secure.gravatar.com\\\/avatar\\\/5b7e0123885b2270f0bc833c606fa7b6ae733761d3e80d47e23ba829fe3bd7f7?s=96&d=mm&r=g\",\"caption\":\"Ir\u00eddia\"},\"url\":\"https:\\\/\\\/iridia.cat\\\/es\\\/author\\\/iridia\\\/\"}]}<\/script>\n<!-- \/ Yoast SEO plugin. -->","yoast_head_json":{"title":"COMUNICADO | La tortura y el maltrato policial no son delitos amnistiables de acuerdo con el derecho internacional de los derechos humanos","robots":{"index":"index","follow":"follow","max-snippet":"max-snippet:-1","max-image-preview":"max-image-preview:large","max-video-preview":"max-video-preview:-1"},"canonical":"https:\/\/iridia.cat\/es\/comunicado-la-tortura-y-el-maltrato-policial-no-son-delitos-amnistiables-de-acuerdo-con-el-derecho-internacional-de-los-derechos-humanos\/","og_locale":"es_ES","og_type":"article","og_title":"COMUNICADO | La tortura y el maltrato policial no son delitos amnistiables de acuerdo con el derecho internacional de los derechos humanos","og_description":"+ DESCARGA EL COMUNICADO Barcelona, 18 de septiembre de 2023.- Ir\u00eddia &#8211; Centro para la Defensa de los Derechos Humanos quiere manifestar su total desacuerdo con la posibilidad de que una eventual Ley de Amnist\u00eda que se tramite en el Congreso de los Diputados pueda dejar sin investigar y enjuiciar los agentes de las Fuerzas [&hellip;]","og_url":"https:\/\/iridia.cat\/es\/comunicado-la-tortura-y-el-maltrato-policial-no-son-delitos-amnistiables-de-acuerdo-con-el-derecho-internacional-de-los-derechos-humanos\/","og_site_name":"Ir\u00eddia","article_published_time":"2023-09-18T10:52:57+00:00","og_image":[{"width":1800,"height":1200,"url":"https:\/\/iridia.cat\/wp-content\/uploads\/2023\/09\/01_CPALACIOB01102017_0031Octubre-1.jpg","type":"image\/jpeg"}],"author":"Ir\u00eddia","twitter_card":"summary_large_image","twitter_misc":{"Written by":"Ir\u00eddia","Est. reading time":"4 minutes"},"schema":{"@context":"https:\/\/schema.org","@graph":[{"@type":"Article","@id":"https:\/\/iridia.cat\/es\/comunicado-la-tortura-y-el-maltrato-policial-no-son-delitos-amnistiables-de-acuerdo-con-el-derecho-internacional-de-los-derechos-humanos\/#article","isPartOf":{"@id":"https:\/\/iridia.cat\/es\/comunicado-la-tortura-y-el-maltrato-policial-no-son-delitos-amnistiables-de-acuerdo-con-el-derecho-internacional-de-los-derechos-humanos\/"},"author":{"name":"Ir\u00eddia","@id":"https:\/\/test.iridia.cat\/#\/schema\/person\/4cd6357ca92585af3bb3f05b5c669d5f"},"headline":"COMUNICADO | La tortura y el maltrato policial no son delitos amnistiables de acuerdo con el derecho internacional de los derechos humanos","datePublished":"2023-09-18T10:52:57+00:00","mainEntityOfPage":{"@id":"https:\/\/iridia.cat\/es\/comunicado-la-tortura-y-el-maltrato-policial-no-son-delitos-amnistiables-de-acuerdo-con-el-derecho-internacional-de-los-derechos-humanos\/"},"wordCount":678,"publisher":{"@id":"https:\/\/test.iridia.cat\/#organization"},"image":{"@id":"https:\/\/iridia.cat\/es\/comunicado-la-tortura-y-el-maltrato-policial-no-son-delitos-amnistiables-de-acuerdo-con-el-derecho-internacional-de-los-derechos-humanos\/#primaryimage"},"thumbnailUrl":"https:\/\/iridia.cat\/wp-content\/uploads\/2023\/09\/01_CPALACIOB01102017_0031Octubre-1.jpg","keywords":["Comunicados","Violencia institucional"],"articleSection":["Comunicats"],"inLanguage":"es-ES"},{"@type":"WebPage","@id":"https:\/\/iridia.cat\/es\/comunicado-la-tortura-y-el-maltrato-policial-no-son-delitos-amnistiables-de-acuerdo-con-el-derecho-internacional-de-los-derechos-humanos\/","url":"https:\/\/iridia.cat\/es\/comunicado-la-tortura-y-el-maltrato-policial-no-son-delitos-amnistiables-de-acuerdo-con-el-derecho-internacional-de-los-derechos-humanos\/","name":"COMUNICADO | La tortura y el maltrato policial no son delitos amnistiables de acuerdo con el derecho internacional de los derechos humanos","isPartOf":{"@id":"https:\/\/test.iridia.cat\/#website"},"primaryImageOfPage":{"@id":"https:\/\/iridia.cat\/es\/comunicado-la-tortura-y-el-maltrato-policial-no-son-delitos-amnistiables-de-acuerdo-con-el-derecho-internacional-de-los-derechos-humanos\/#primaryimage"},"image":{"@id":"https:\/\/iridia.cat\/es\/comunicado-la-tortura-y-el-maltrato-policial-no-son-delitos-amnistiables-de-acuerdo-con-el-derecho-internacional-de-los-derechos-humanos\/#primaryimage"},"thumbnailUrl":"https:\/\/iridia.cat\/wp-content\/uploads\/2023\/09\/01_CPALACIOB01102017_0031Octubre-1.jpg","datePublished":"2023-09-18T10:52:57+00:00","breadcrumb":{"@id":"https:\/\/iridia.cat\/es\/comunicado-la-tortura-y-el-maltrato-policial-no-son-delitos-amnistiables-de-acuerdo-con-el-derecho-internacional-de-los-derechos-humanos\/#breadcrumb"},"inLanguage":"es-ES","potentialAction":[{"@type":"ReadAction","target":["https:\/\/iridia.cat\/es\/comunicado-la-tortura-y-el-maltrato-policial-no-son-delitos-amnistiables-de-acuerdo-con-el-derecho-internacional-de-los-derechos-humanos\/"]}]},{"@type":"ImageObject","inLanguage":"es-ES","@id":"https:\/\/iridia.cat\/es\/comunicado-la-tortura-y-el-maltrato-policial-no-son-delitos-amnistiables-de-acuerdo-con-el-derecho-internacional-de-los-derechos-humanos\/#primaryimage","url":"https:\/\/iridia.cat\/wp-content\/uploads\/2023\/09\/01_CPALACIOB01102017_0031Octubre-1.jpg","contentUrl":"https:\/\/iridia.cat\/wp-content\/uploads\/2023\/09\/01_CPALACIOB01102017_0031Octubre-1.jpg","width":1800,"height":1200,"caption":"Fotograf\u00eda: Carles Palacio"},{"@type":"BreadcrumbList","@id":"https:\/\/iridia.cat\/es\/comunicado-la-tortura-y-el-maltrato-policial-no-son-delitos-amnistiables-de-acuerdo-con-el-derecho-internacional-de-los-derechos-humanos\/#breadcrumb","itemListElement":[{"@type":"ListItem","position":1,"name":"Inici","item":"https:\/\/iridia.cat\/es\/"},{"@type":"ListItem","position":2,"name":"COMUNICADO | La tortura y el maltrato policial no son delitos amnistiables de acuerdo con el derecho internacional de los derechos humanos"}]},{"@type":"WebSite","@id":"https:\/\/test.iridia.cat\/#website","url":"https:\/\/test.iridia.cat\/","name":"Ir\u00eddia","description":"","publisher":{"@id":"https:\/\/test.iridia.cat\/#organization"},"potentialAction":[{"@type":"SearchAction","target":{"@type":"EntryPoint","urlTemplate":"https:\/\/test.iridia.cat\/?s={search_term_string}"},"query-input":{"@type":"PropertyValueSpecification","valueRequired":true,"valueName":"search_term_string"}}],"inLanguage":"es-ES"},{"@type":"Organization","@id":"https:\/\/test.iridia.cat\/#organization","name":"Ir\u00eddia","url":"https:\/\/test.iridia.cat\/","logo":{"@type":"ImageObject","inLanguage":"es-ES","@id":"https:\/\/test.iridia.cat\/#\/schema\/logo\/image\/","url":"https:\/\/iridia.cat\/wp-content\/uploads\/2022\/10\/avatar_iridia.png","contentUrl":"https:\/\/iridia.cat\/wp-content\/uploads\/2022\/10\/avatar_iridia.png","width":740,"height":220,"caption":"Ir\u00eddia"},"image":{"@id":"https:\/\/test.iridia.cat\/#\/schema\/logo\/image\/"}},{"@type":"Person","@id":"https:\/\/test.iridia.cat\/#\/schema\/person\/4cd6357ca92585af3bb3f05b5c669d5f","name":"Ir\u00eddia","image":{"@type":"ImageObject","inLanguage":"es-ES","@id":"https:\/\/secure.gravatar.com\/avatar\/5b7e0123885b2270f0bc833c606fa7b6ae733761d3e80d47e23ba829fe3bd7f7?s=96&d=mm&r=g","url":"https:\/\/secure.gravatar.com\/avatar\/5b7e0123885b2270f0bc833c606fa7b6ae733761d3e80d47e23ba829fe3bd7f7?s=96&d=mm&r=g","contentUrl":"https:\/\/secure.gravatar.com\/avatar\/5b7e0123885b2270f0bc833c606fa7b6ae733761d3e80d47e23ba829fe3bd7f7?s=96&d=mm&r=g","caption":"Ir\u00eddia"},"url":"https:\/\/iridia.cat\/es\/author\/iridia\/"}]}},"_links":{"self":[{"href":"https:\/\/iridia.cat\/es\/wp-json\/wp\/v2\/posts\/7615","targetHints":{"allow":["GET"]}}],"collection":[{"href":"https:\/\/iridia.cat\/es\/wp-json\/wp\/v2\/posts"}],"about":[{"href":"https:\/\/iridia.cat\/es\/wp-json\/wp\/v2\/types\/post"}],"author":[{"embeddable":true,"href":"https:\/\/iridia.cat\/es\/wp-json\/wp\/v2\/users\/2"}],"replies":[{"embeddable":true,"href":"https:\/\/iridia.cat\/es\/wp-json\/wp\/v2\/comments?post=7615"}],"version-history":[{"count":5,"href":"https:\/\/iridia.cat\/es\/wp-json\/wp\/v2\/posts\/7615\/revisions"}],"predecessor-version":[{"id":7671,"href":"https:\/\/iridia.cat\/es\/wp-json\/wp\/v2\/posts\/7615\/revisions\/7671"}],"wp:featuredmedia":[{"embeddable":true,"href":"https:\/\/iridia.cat\/es\/wp-json\/wp\/v2\/media\/7648"}],"wp:attachment":[{"href":"https:\/\/iridia.cat\/es\/wp-json\/wp\/v2\/media?parent=7615"}],"wp:term":[{"taxonomy":"category","embeddable":true,"href":"https:\/\/iridia.cat\/es\/wp-json\/wp\/v2\/categories?post=7615"},{"taxonomy":"post_tag","embeddable":true,"href":"https:\/\/iridia.cat\/es\/wp-json\/wp\/v2\/tags?post=7615"}],"curies":[{"name":"wp","href":"https:\/\/api.w.org\/{rel}","templated":true}]}}