{"id":7761,"date":"2023-10-05T10:17:08","date_gmt":"2023-10-05T08:17:08","guid":{"rendered":"https:\/\/iridia.cat\/?p=7761"},"modified":"2023-10-05T10:17:08","modified_gmt":"2023-10-05T08:17:08","slug":"declaracion-ia-ciudadana-sobre-la-regulacion-europea-de-la-inteligencia-artificial","status":"publish","type":"post","link":"https:\/\/iridia.cat\/es\/declaracion-ia-ciudadana-sobre-la-regulacion-europea-de-la-inteligencia-artificial\/","title":{"rendered":"Declaraci\u00f3n IA Ciudadana sobre la regulaci\u00f3n europea de la Inteligencia Artificial"},"content":{"rendered":"<p><a href=\"https:\/\/iridia.cat\/wp-content\/uploads\/2023\/10\/Declaracion-IA-Ciudadana_vCast.pdf\">+ DESCARGA EL COMUNICADO<\/a><\/p>\n<p>Desde <a href=\"http:\/\/iaciudadana.org\/\"><u>IA Ciudadana<\/u><\/a>, coalici\u00f3n de 16 organizaciones sociales liderando en Espa\u00f1a la respuesta social a las pol\u00edticas de regulaci\u00f3n e implementaci\u00f3n de la inteligencia artificial, expresamos nuestro profundo compromiso en velar por la protecci\u00f3n de los derechos humanos y la justicia social en la era digital.<\/p>\n<p>En tal sentido, reconocemos la importancia de las tecnolog\u00edas, pero insistimos en que su desarrollo e implementaci\u00f3n deben respetar los derechos y libertades fundamentales de todas las personas.<\/p>\n<p>En el caso particular de Espa\u00f1a, es de destacar que se ha querido posicionar como referente de la inteligencia artificial, para lo cual ha tomado una serie de medidas, como la puesta en marcha de la primera Agencia de Supervisi\u00f3n de la Inteligencia Artificial (AESIA) y la creaci\u00f3n de un entorno de pruebas (sandboxes) para analizar la aplicaci\u00f3n del futuro Reglamento de Inteligencia Artificial (Reglamento de IA).<\/p>\n<p>Por ello, en el contexto particular de la presidencia espa\u00f1ola del Consejo de la UE y su papel clave para negociar el texto final de la regulaci\u00f3n europea de la IA, instamos a los reguladores a proteger y fomentar los derechos humanos en el contexto de la inteligencia artificial y reafirmamos nuestro compromiso de trabajar junto con las autoridades y otros actores relevantes en lograr que la regulaci\u00f3n de la IA as\u00ed lo garantice. Para ello, consideramos prioritario que:<\/p>\n<p><strong>La sociedad civil participe en la definici\u00f3n de las pol\u00edticas de inteligencia artificial<\/strong><\/p>\n<p>La transparencia y la participaci\u00f3n son requisitos b\u00e1sicos en toda democracia. Para ello, es indispensable que la ciudadan\u00eda disponga de informaci\u00f3n accesible y transparente acerca de las funciones, agendas y mecanismos de participaci\u00f3n en los organismos responsables de regular y controlar la aplicaci\u00f3n de la inteligencia artificial.<\/p>\n<p>El conjunto de la ciudadan\u00eda tiene derecho a participar de los asuntos p\u00fablicos que, como los sistemas de IA, tienen y tendr\u00e1n impacto en sus vidas, sus derechos y sus oportunidades. La participaci\u00f3n p\u00fablica efectiva y en plena diversidad permite decisiones m\u00e1s equitativas y con mayor legitimidad democr\u00e1tica.<\/p>\n<p>&nbsp;<\/p>\n<p><strong>La determinaci\u00f3n del nivel de riesgo de un sistema de IA no puede quedar en manos de las grandes empresas que la desarrollan<\/strong><\/p>\n<p>El proyecto de Reglamento de IA adopta un enfoque de riesgo y establece obligaciones espec\u00edficas para los sistemas de IA que suponen un \u201calto riesgo\u201d (enumerando sus casos de uso en el Anexo III), entre las que destacamos: la necesidad de implementar la supervisi\u00f3n humana, realizar evaluaci\u00f3n de riesgos y tomar medidas de mitigaci\u00f3n. De otra manera: la mayor\u00eda de las obligaciones que prev\u00e9 el Reglamento recaen sobre estos sistemas de alto riesgo. Sin embargo, las grandes tecnol\u00f3gicas (&#8220;big tech&#8221;) han logrado introducir una v\u00eda de escape a esta categor\u00eda y modificar el texto para que sean las propias empresas las que autoeval\u00faen si su sistema es de &#8220;alto riesgo&#8221;.<\/p>\n<p>Desde IA Ciudadana instamos a los y las legisladoras a eliminar la discrecionalidad en la clasificaci\u00f3n de sistemas de alto riesgo y que, por ende, todos los sistemas listados en el Anexo III del Reglamento se consideren como de alto riesgo. No puede ser el lobo quien decida si quiere cuidar de las gallinas.<\/p>\n<p>&nbsp;<\/p>\n<p><strong>Sin los requerimientos necesarios, la inteligencia artificial puede poner en peligro derechos fundamentales a nivel global<\/strong><\/p>\n<p><strong>\u00a0<\/strong>La regulaci\u00f3n europea ser\u00e1 pionera en el mundo y, por ello, Europa tiene la oportunidad de producir una norma que asegure la m\u00e1s alta protecci\u00f3n de los derechos fundamentales de la poblaci\u00f3n y de los valores democr\u00e1ticos. La \u00fanica forma de garantizar el desarrollo e implementaci\u00f3n responsable y respetuosa de los sistemas de IA de alto riesgo ser\u00e1 requiriendo la realizaci\u00f3n de un estudio de impacto sobre derechos fundamentales de forma previa a que estos sistemas se pongan en marcha. Este estudio deber\u00e1 llevarse a cabo garantizando la debida participaci\u00f3n de los grupos afectados y sus resultados deber\u00e1n ser p\u00fablicos. S\u00f3lo de esta forma se lograr\u00e1 que las tecnolog\u00edas de IA respeten, promuevan y protejan los derechos fundamentales.<\/p>\n<p>&nbsp;<\/p>\n<p><strong>No debemos afrontar problemas sociales con respuestas meramente tecnol\u00f3gicas<\/strong><\/p>\n<p>A d\u00eda de hoy, en la sociedad digital, tenemos sobrada evidencia de que el tecnosolucionismo que ofrecen las &#8220;big tech&#8221; no funciona: tratar de resolver problemas sociales complejos con herramientas tecnol\u00f3gicas, sin incluir en su dise\u00f1o y evaluaci\u00f3n a expertas multidisciplinares as\u00ed como a los grupos sociales a los que afectan, agrava la desigualdad y la injusticia social. M\u00e1s all\u00e1 de eso, hay sistemas que directamente no pueden ser admitidos en un Estado Social y Democr\u00e1tico de Derecho. Son especialmente preocupantes la identificaci\u00f3n biom\u00e9trica remota en el espacio p\u00fablico, los sistemas para realizar perfiles o evaluaciones de riesgo con el fin de predecir delitos, los sistemas de evaluaci\u00f3n y perfilado en el contexto de la migraci\u00f3n, el reconocimiento de emociones y el uso de IA que pueda manipular a personas en contextos de vulnerabilidad.<\/p>\n<p>Desde IA Ciudadana pedimos que se proh\u00edban, puesto que su uso se opone a derechos y libertades fundamentales b\u00e1sicos, entre los que se pueden mencionar: el derecho a la privacidad, a la libertad de expresi\u00f3n y asociaci\u00f3n, y a la no discriminaci\u00f3n.<\/p>\n<p>&nbsp;<\/p>\n<p><strong>Qu\u00e9 es IA Ciudadana<\/strong><\/p>\n<p><strong>\u00a0<\/strong><em>Una coalici\u00f3n de 16 organizaciones sociales que trabajan para proteger los Derechos Humanos en procesos de sistemas basado en inteligencia artificial y automatizaci\u00f3n de decisiones desde un enfoque de democracia participativa. Nuestro objetivo es que se ampl\u00eden los espacios de participaci\u00f3n de la sociedad en los procesos de regulaci\u00f3n de la IA y la gobernanza algor\u00edtmica, para asegurar una tecnolog\u00eda IA que respete los derechos humanos y promueva la justicial social.<\/em><\/p>\n<p><em>\u00a0<\/em><\/p>\n","protected":false},"excerpt":{"rendered":"<p>+ DESCARGA EL COMUNICADO Desde IA Ciudadana, coalici\u00f3n de 16 organizaciones sociales liderando en Espa\u00f1a la respuesta social a las pol\u00edticas de regulaci\u00f3n e implementaci\u00f3n de la inteligencia artificial, expresamos nuestro profundo compromiso en velar por la protecci\u00f3n de los derechos humanos y la justicia social en la era digital. En tal sentido, reconocemos la [&hellip;]<\/p>\n","protected":false},"author":2,"featured_media":7760,"comment_status":"closed","ping_status":"closed","sticky":false,"template":"","format":"standard","meta":{"_acf_changed":false,"footnotes":""},"categories":[3],"tags":[],"class_list":["post-7761","post","type-post","status-publish","format-standard","has-post-thumbnail","hentry","category-publicaciones"],"acf":[],"yoast_head":"<!-- This site is optimized with the Yoast SEO plugin v27.4 - https:\/\/yoast.com\/product\/yoast-seo-wordpress\/ -->\n<title>Declaraci\u00f3n IA Ciudadana sobre la regulaci\u00f3n europea de la Inteligencia Artificial<\/title>\n<meta name=\"robots\" content=\"index, follow, max-snippet:-1, max-image-preview:large, max-video-preview:-1\" \/>\n<link rel=\"canonical\" href=\"https:\/\/iridia.cat\/es\/declaracion-ia-ciudadana-sobre-la-regulacion-europea-de-la-inteligencia-artificial\/\" \/>\n<meta property=\"og:locale\" content=\"es_ES\" \/>\n<meta property=\"og:type\" content=\"article\" \/>\n<meta property=\"og:title\" content=\"Declaraci\u00f3n IA Ciudadana sobre la regulaci\u00f3n europea de la Inteligencia Artificial\" \/>\n<meta property=\"og:description\" content=\"+ DESCARGA EL COMUNICADO Desde IA Ciudadana, coalici\u00f3n de 16 organizaciones sociales liderando en Espa\u00f1a la respuesta social a las pol\u00edticas de regulaci\u00f3n e implementaci\u00f3n de la inteligencia artificial, expresamos nuestro profundo compromiso en velar por la protecci\u00f3n de los derechos humanos y la justicia social en la era digital. En tal sentido, reconocemos la [&hellip;]\" \/>\n<meta property=\"og:url\" content=\"https:\/\/iridia.cat\/es\/declaracion-ia-ciudadana-sobre-la-regulacion-europea-de-la-inteligencia-artificial\/\" \/>\n<meta property=\"og:site_name\" content=\"Ir\u00eddia\" \/>\n<meta property=\"article:published_time\" content=\"2023-10-05T08:17:08+00:00\" \/>\n<meta property=\"og:image\" content=\"https:\/\/iridia.cat\/wp-content\/uploads\/2023\/10\/Som-IA-Ciudadana.jpg\" \/>\n\t<meta property=\"og:image:width\" content=\"900\" \/>\n\t<meta property=\"og:image:height\" content=\"503\" \/>\n\t<meta property=\"og:image:type\" content=\"image\/jpeg\" \/>\n<meta name=\"author\" content=\"Ir\u00eddia\" \/>\n<meta name=\"twitter:card\" content=\"summary_large_image\" \/>\n<meta name=\"twitter:label1\" content=\"Written by\" \/>\n\t<meta name=\"twitter:data1\" content=\"Ir\u00eddia\" \/>\n\t<meta name=\"twitter:label2\" content=\"Est. reading time\" \/>\n\t<meta name=\"twitter:data2\" content=\"5 minutes\" \/>\n<script type=\"application\/ld+json\" class=\"yoast-schema-graph\">{\"@context\":\"https:\\\/\\\/schema.org\",\"@graph\":[{\"@type\":\"Article\",\"@id\":\"https:\\\/\\\/iridia.cat\\\/es\\\/declaracion-ia-ciudadana-sobre-la-regulacion-europea-de-la-inteligencia-artificial\\\/#article\",\"isPartOf\":{\"@id\":\"https:\\\/\\\/iridia.cat\\\/es\\\/declaracion-ia-ciudadana-sobre-la-regulacion-europea-de-la-inteligencia-artificial\\\/\"},\"author\":{\"name\":\"Ir\u00eddia\",\"@id\":\"https:\\\/\\\/test.iridia.cat\\\/#\\\/schema\\\/person\\\/4cd6357ca92585af3bb3f05b5c669d5f\"},\"headline\":\"Declaraci\u00f3n IA Ciudadana sobre la regulaci\u00f3n europea de la Inteligencia Artificial\",\"datePublished\":\"2023-10-05T08:17:08+00:00\",\"mainEntityOfPage\":{\"@id\":\"https:\\\/\\\/iridia.cat\\\/es\\\/declaracion-ia-ciudadana-sobre-la-regulacion-europea-de-la-inteligencia-artificial\\\/\"},\"wordCount\":1004,\"publisher\":{\"@id\":\"https:\\\/\\\/test.iridia.cat\\\/#organization\"},\"image\":{\"@id\":\"https:\\\/\\\/iridia.cat\\\/es\\\/declaracion-ia-ciudadana-sobre-la-regulacion-europea-de-la-inteligencia-artificial\\\/#primaryimage\"},\"thumbnailUrl\":\"https:\\\/\\\/iridia.cat\\\/wp-content\\\/uploads\\\/2023\\\/10\\\/Som-IA-Ciudadana.jpg\",\"articleSection\":[\"Publicaciones\"],\"inLanguage\":\"es-ES\"},{\"@type\":\"WebPage\",\"@id\":\"https:\\\/\\\/iridia.cat\\\/es\\\/declaracion-ia-ciudadana-sobre-la-regulacion-europea-de-la-inteligencia-artificial\\\/\",\"url\":\"https:\\\/\\\/iridia.cat\\\/es\\\/declaracion-ia-ciudadana-sobre-la-regulacion-europea-de-la-inteligencia-artificial\\\/\",\"name\":\"Declaraci\u00f3n IA Ciudadana sobre la regulaci\u00f3n europea de la Inteligencia Artificial\",\"isPartOf\":{\"@id\":\"https:\\\/\\\/test.iridia.cat\\\/#website\"},\"primaryImageOfPage\":{\"@id\":\"https:\\\/\\\/iridia.cat\\\/es\\\/declaracion-ia-ciudadana-sobre-la-regulacion-europea-de-la-inteligencia-artificial\\\/#primaryimage\"},\"image\":{\"@id\":\"https:\\\/\\\/iridia.cat\\\/es\\\/declaracion-ia-ciudadana-sobre-la-regulacion-europea-de-la-inteligencia-artificial\\\/#primaryimage\"},\"thumbnailUrl\":\"https:\\\/\\\/iridia.cat\\\/wp-content\\\/uploads\\\/2023\\\/10\\\/Som-IA-Ciudadana.jpg\",\"datePublished\":\"2023-10-05T08:17:08+00:00\",\"breadcrumb\":{\"@id\":\"https:\\\/\\\/iridia.cat\\\/es\\\/declaracion-ia-ciudadana-sobre-la-regulacion-europea-de-la-inteligencia-artificial\\\/#breadcrumb\"},\"inLanguage\":\"es-ES\",\"potentialAction\":[{\"@type\":\"ReadAction\",\"target\":[\"https:\\\/\\\/iridia.cat\\\/es\\\/declaracion-ia-ciudadana-sobre-la-regulacion-europea-de-la-inteligencia-artificial\\\/\"]}]},{\"@type\":\"ImageObject\",\"inLanguage\":\"es-ES\",\"@id\":\"https:\\\/\\\/iridia.cat\\\/es\\\/declaracion-ia-ciudadana-sobre-la-regulacion-europea-de-la-inteligencia-artificial\\\/#primaryimage\",\"url\":\"https:\\\/\\\/iridia.cat\\\/wp-content\\\/uploads\\\/2023\\\/10\\\/Som-IA-Ciudadana.jpg\",\"contentUrl\":\"https:\\\/\\\/iridia.cat\\\/wp-content\\\/uploads\\\/2023\\\/10\\\/Som-IA-Ciudadana.jpg\",\"width\":900,\"height\":503},{\"@type\":\"BreadcrumbList\",\"@id\":\"https:\\\/\\\/iridia.cat\\\/es\\\/declaracion-ia-ciudadana-sobre-la-regulacion-europea-de-la-inteligencia-artificial\\\/#breadcrumb\",\"itemListElement\":[{\"@type\":\"ListItem\",\"position\":1,\"name\":\"Inici\",\"item\":\"https:\\\/\\\/iridia.cat\\\/es\\\/\"},{\"@type\":\"ListItem\",\"position\":2,\"name\":\"Declaraci\u00f3n IA Ciudadana sobre la regulaci\u00f3n europea de la Inteligencia Artificial\"}]},{\"@type\":\"WebSite\",\"@id\":\"https:\\\/\\\/test.iridia.cat\\\/#website\",\"url\":\"https:\\\/\\\/test.iridia.cat\\\/\",\"name\":\"Ir\u00eddia\",\"description\":\"\",\"publisher\":{\"@id\":\"https:\\\/\\\/test.iridia.cat\\\/#organization\"},\"potentialAction\":[{\"@type\":\"SearchAction\",\"target\":{\"@type\":\"EntryPoint\",\"urlTemplate\":\"https:\\\/\\\/test.iridia.cat\\\/?s={search_term_string}\"},\"query-input\":{\"@type\":\"PropertyValueSpecification\",\"valueRequired\":true,\"valueName\":\"search_term_string\"}}],\"inLanguage\":\"es-ES\"},{\"@type\":\"Organization\",\"@id\":\"https:\\\/\\\/test.iridia.cat\\\/#organization\",\"name\":\"Ir\u00eddia\",\"url\":\"https:\\\/\\\/test.iridia.cat\\\/\",\"logo\":{\"@type\":\"ImageObject\",\"inLanguage\":\"es-ES\",\"@id\":\"https:\\\/\\\/test.iridia.cat\\\/#\\\/schema\\\/logo\\\/image\\\/\",\"url\":\"https:\\\/\\\/iridia.cat\\\/wp-content\\\/uploads\\\/2022\\\/10\\\/avatar_iridia.png\",\"contentUrl\":\"https:\\\/\\\/iridia.cat\\\/wp-content\\\/uploads\\\/2022\\\/10\\\/avatar_iridia.png\",\"width\":740,\"height\":220,\"caption\":\"Ir\u00eddia\"},\"image\":{\"@id\":\"https:\\\/\\\/test.iridia.cat\\\/#\\\/schema\\\/logo\\\/image\\\/\"}},{\"@type\":\"Person\",\"@id\":\"https:\\\/\\\/test.iridia.cat\\\/#\\\/schema\\\/person\\\/4cd6357ca92585af3bb3f05b5c669d5f\",\"name\":\"Ir\u00eddia\",\"image\":{\"@type\":\"ImageObject\",\"inLanguage\":\"es-ES\",\"@id\":\"https:\\\/\\\/secure.gravatar.com\\\/avatar\\\/5b7e0123885b2270f0bc833c606fa7b6ae733761d3e80d47e23ba829fe3bd7f7?s=96&d=mm&r=g\",\"url\":\"https:\\\/\\\/secure.gravatar.com\\\/avatar\\\/5b7e0123885b2270f0bc833c606fa7b6ae733761d3e80d47e23ba829fe3bd7f7?s=96&d=mm&r=g\",\"contentUrl\":\"https:\\\/\\\/secure.gravatar.com\\\/avatar\\\/5b7e0123885b2270f0bc833c606fa7b6ae733761d3e80d47e23ba829fe3bd7f7?s=96&d=mm&r=g\",\"caption\":\"Ir\u00eddia\"},\"url\":\"https:\\\/\\\/iridia.cat\\\/es\\\/author\\\/iridia\\\/\"}]}<\/script>\n<!-- \/ Yoast SEO plugin. -->","yoast_head_json":{"title":"Declaraci\u00f3n IA Ciudadana sobre la regulaci\u00f3n europea de la Inteligencia Artificial","robots":{"index":"index","follow":"follow","max-snippet":"max-snippet:-1","max-image-preview":"max-image-preview:large","max-video-preview":"max-video-preview:-1"},"canonical":"https:\/\/iridia.cat\/es\/declaracion-ia-ciudadana-sobre-la-regulacion-europea-de-la-inteligencia-artificial\/","og_locale":"es_ES","og_type":"article","og_title":"Declaraci\u00f3n IA Ciudadana sobre la regulaci\u00f3n europea de la Inteligencia Artificial","og_description":"+ DESCARGA EL COMUNICADO Desde IA Ciudadana, coalici\u00f3n de 16 organizaciones sociales liderando en Espa\u00f1a la respuesta social a las pol\u00edticas de regulaci\u00f3n e implementaci\u00f3n de la inteligencia artificial, expresamos nuestro profundo compromiso en velar por la protecci\u00f3n de los derechos humanos y la justicia social en la era digital. En tal sentido, reconocemos la [&hellip;]","og_url":"https:\/\/iridia.cat\/es\/declaracion-ia-ciudadana-sobre-la-regulacion-europea-de-la-inteligencia-artificial\/","og_site_name":"Ir\u00eddia","article_published_time":"2023-10-05T08:17:08+00:00","og_image":[{"width":900,"height":503,"url":"https:\/\/iridia.cat\/wp-content\/uploads\/2023\/10\/Som-IA-Ciudadana.jpg","type":"image\/jpeg"}],"author":"Ir\u00eddia","twitter_card":"summary_large_image","twitter_misc":{"Written by":"Ir\u00eddia","Est. reading time":"5 minutes"},"schema":{"@context":"https:\/\/schema.org","@graph":[{"@type":"Article","@id":"https:\/\/iridia.cat\/es\/declaracion-ia-ciudadana-sobre-la-regulacion-europea-de-la-inteligencia-artificial\/#article","isPartOf":{"@id":"https:\/\/iridia.cat\/es\/declaracion-ia-ciudadana-sobre-la-regulacion-europea-de-la-inteligencia-artificial\/"},"author":{"name":"Ir\u00eddia","@id":"https:\/\/test.iridia.cat\/#\/schema\/person\/4cd6357ca92585af3bb3f05b5c669d5f"},"headline":"Declaraci\u00f3n IA Ciudadana sobre la regulaci\u00f3n europea de la Inteligencia Artificial","datePublished":"2023-10-05T08:17:08+00:00","mainEntityOfPage":{"@id":"https:\/\/iridia.cat\/es\/declaracion-ia-ciudadana-sobre-la-regulacion-europea-de-la-inteligencia-artificial\/"},"wordCount":1004,"publisher":{"@id":"https:\/\/test.iridia.cat\/#organization"},"image":{"@id":"https:\/\/iridia.cat\/es\/declaracion-ia-ciudadana-sobre-la-regulacion-europea-de-la-inteligencia-artificial\/#primaryimage"},"thumbnailUrl":"https:\/\/iridia.cat\/wp-content\/uploads\/2023\/10\/Som-IA-Ciudadana.jpg","articleSection":["Publicaciones"],"inLanguage":"es-ES"},{"@type":"WebPage","@id":"https:\/\/iridia.cat\/es\/declaracion-ia-ciudadana-sobre-la-regulacion-europea-de-la-inteligencia-artificial\/","url":"https:\/\/iridia.cat\/es\/declaracion-ia-ciudadana-sobre-la-regulacion-europea-de-la-inteligencia-artificial\/","name":"Declaraci\u00f3n IA Ciudadana sobre la regulaci\u00f3n europea de la Inteligencia Artificial","isPartOf":{"@id":"https:\/\/test.iridia.cat\/#website"},"primaryImageOfPage":{"@id":"https:\/\/iridia.cat\/es\/declaracion-ia-ciudadana-sobre-la-regulacion-europea-de-la-inteligencia-artificial\/#primaryimage"},"image":{"@id":"https:\/\/iridia.cat\/es\/declaracion-ia-ciudadana-sobre-la-regulacion-europea-de-la-inteligencia-artificial\/#primaryimage"},"thumbnailUrl":"https:\/\/iridia.cat\/wp-content\/uploads\/2023\/10\/Som-IA-Ciudadana.jpg","datePublished":"2023-10-05T08:17:08+00:00","breadcrumb":{"@id":"https:\/\/iridia.cat\/es\/declaracion-ia-ciudadana-sobre-la-regulacion-europea-de-la-inteligencia-artificial\/#breadcrumb"},"inLanguage":"es-ES","potentialAction":[{"@type":"ReadAction","target":["https:\/\/iridia.cat\/es\/declaracion-ia-ciudadana-sobre-la-regulacion-europea-de-la-inteligencia-artificial\/"]}]},{"@type":"ImageObject","inLanguage":"es-ES","@id":"https:\/\/iridia.cat\/es\/declaracion-ia-ciudadana-sobre-la-regulacion-europea-de-la-inteligencia-artificial\/#primaryimage","url":"https:\/\/iridia.cat\/wp-content\/uploads\/2023\/10\/Som-IA-Ciudadana.jpg","contentUrl":"https:\/\/iridia.cat\/wp-content\/uploads\/2023\/10\/Som-IA-Ciudadana.jpg","width":900,"height":503},{"@type":"BreadcrumbList","@id":"https:\/\/iridia.cat\/es\/declaracion-ia-ciudadana-sobre-la-regulacion-europea-de-la-inteligencia-artificial\/#breadcrumb","itemListElement":[{"@type":"ListItem","position":1,"name":"Inici","item":"https:\/\/iridia.cat\/es\/"},{"@type":"ListItem","position":2,"name":"Declaraci\u00f3n IA Ciudadana sobre la regulaci\u00f3n europea de la Inteligencia Artificial"}]},{"@type":"WebSite","@id":"https:\/\/test.iridia.cat\/#website","url":"https:\/\/test.iridia.cat\/","name":"Ir\u00eddia","description":"","publisher":{"@id":"https:\/\/test.iridia.cat\/#organization"},"potentialAction":[{"@type":"SearchAction","target":{"@type":"EntryPoint","urlTemplate":"https:\/\/test.iridia.cat\/?s={search_term_string}"},"query-input":{"@type":"PropertyValueSpecification","valueRequired":true,"valueName":"search_term_string"}}],"inLanguage":"es-ES"},{"@type":"Organization","@id":"https:\/\/test.iridia.cat\/#organization","name":"Ir\u00eddia","url":"https:\/\/test.iridia.cat\/","logo":{"@type":"ImageObject","inLanguage":"es-ES","@id":"https:\/\/test.iridia.cat\/#\/schema\/logo\/image\/","url":"https:\/\/iridia.cat\/wp-content\/uploads\/2022\/10\/avatar_iridia.png","contentUrl":"https:\/\/iridia.cat\/wp-content\/uploads\/2022\/10\/avatar_iridia.png","width":740,"height":220,"caption":"Ir\u00eddia"},"image":{"@id":"https:\/\/test.iridia.cat\/#\/schema\/logo\/image\/"}},{"@type":"Person","@id":"https:\/\/test.iridia.cat\/#\/schema\/person\/4cd6357ca92585af3bb3f05b5c669d5f","name":"Ir\u00eddia","image":{"@type":"ImageObject","inLanguage":"es-ES","@id":"https:\/\/secure.gravatar.com\/avatar\/5b7e0123885b2270f0bc833c606fa7b6ae733761d3e80d47e23ba829fe3bd7f7?s=96&d=mm&r=g","url":"https:\/\/secure.gravatar.com\/avatar\/5b7e0123885b2270f0bc833c606fa7b6ae733761d3e80d47e23ba829fe3bd7f7?s=96&d=mm&r=g","contentUrl":"https:\/\/secure.gravatar.com\/avatar\/5b7e0123885b2270f0bc833c606fa7b6ae733761d3e80d47e23ba829fe3bd7f7?s=96&d=mm&r=g","caption":"Ir\u00eddia"},"url":"https:\/\/iridia.cat\/es\/author\/iridia\/"}]}},"_links":{"self":[{"href":"https:\/\/iridia.cat\/es\/wp-json\/wp\/v2\/posts\/7761","targetHints":{"allow":["GET"]}}],"collection":[{"href":"https:\/\/iridia.cat\/es\/wp-json\/wp\/v2\/posts"}],"about":[{"href":"https:\/\/iridia.cat\/es\/wp-json\/wp\/v2\/types\/post"}],"author":[{"embeddable":true,"href":"https:\/\/iridia.cat\/es\/wp-json\/wp\/v2\/users\/2"}],"replies":[{"embeddable":true,"href":"https:\/\/iridia.cat\/es\/wp-json\/wp\/v2\/comments?post=7761"}],"version-history":[{"count":1,"href":"https:\/\/iridia.cat\/es\/wp-json\/wp\/v2\/posts\/7761\/revisions"}],"predecessor-version":[{"id":7762,"href":"https:\/\/iridia.cat\/es\/wp-json\/wp\/v2\/posts\/7761\/revisions\/7762"}],"wp:featuredmedia":[{"embeddable":true,"href":"https:\/\/iridia.cat\/es\/wp-json\/wp\/v2\/media\/7760"}],"wp:attachment":[{"href":"https:\/\/iridia.cat\/es\/wp-json\/wp\/v2\/media?parent=7761"}],"wp:term":[{"taxonomy":"category","embeddable":true,"href":"https:\/\/iridia.cat\/es\/wp-json\/wp\/v2\/categories?post=7761"},{"taxonomy":"post_tag","embeddable":true,"href":"https:\/\/iridia.cat\/es\/wp-json\/wp\/v2\/tags?post=7761"}],"curies":[{"name":"wp","href":"https:\/\/api.w.org\/{rel}","templated":true}]}}