{"id":9497,"date":"2024-07-01T11:16:22","date_gmt":"2024-07-01T09:16:22","guid":{"rendered":"https:\/\/iridia.cat\/?p=9497"},"modified":"2024-07-02T11:23:07","modified_gmt":"2024-07-02T09:23:07","slug":"nueve-organizaciones-de-la-sociedad-civil-denuncian-que-protestarnoesterrorismo-en-el-9o-aniversario-de-las-leyes-mordaza","status":"publish","type":"post","link":"https:\/\/iridia.cat\/es\/nueve-organizaciones-de-la-sociedad-civil-denuncian-que-protestarnoesterrorismo-en-el-9o-aniversario-de-las-leyes-mordaza\/","title":{"rendered":"Nueve organizaciones de la sociedad civil denuncian que #ProtestarNoEsTerrorismo en el 9\u00ba aniversario de las Leyes Mordaza"},"content":{"rendered":"<p>DESCARGA EL MANIFIESTO, <a href=\"https:\/\/iridia.cat\/wp-content\/uploads\/2024\/07\/ProtestarNoEsTerrorismo_1J-1.pdf\">AQU\u00cd<\/a>.<\/p>\n<p>El 1 de julio de 2024 se cumplen nueve a\u00f1os de la entrada en vigor de las denominadas Leyes Mordaza en Espa\u00f1a, la Ley de Seguridad Ciudadana y la doble reforma del C\u00f3digo Penal. En opini\u00f3n de nueve organizaciones, estas leyes han aumentado las herramientas de censura, obstaculizaci\u00f3n y control de la sociedad civil a trav\u00e9s de la v\u00eda penal y administrativa y han enquistado la impunidad de la violencia policial. Las organizaciones (<strong>Amnist\u00eda Internacional, Greenpeace, Defender a quien Defiende, Futuro Vegetal, Novact, Ir\u00eddia, Extiction Rebellion, No Somos Delito y Rebeli\u00f3n Cient\u00edfica<\/strong>) publican hoy el manifiesto conjunto \u201cProtestar no es Terrorismo\u201d para denunciarlo.<\/p>\n<p><strong>Estas organizaciones consideran que la criminalizaci\u00f3n de la protesta ha aumentado en estos nueve a\u00f1os al aplicarse medidas que limitan la capacidad de la ciudadan\u00eda para defender sus derechos<\/strong>. Uno de los m\u00e9todos utilizados m\u00e1s recientemente para desmovilizar a la poblaci\u00f3n y debilitar el tejido social, y sobre el que las organizaciones quieren poner el foco, consiste en acusar falsamente de terrorismo u organizaci\u00f3n criminal a movimientos sociales y pol\u00edticos. Contribuyendo as\u00ed a una deriva que no es compatible con un Estado de derecho democr\u00e1tico ni con el Derecho Internacional de los Derechos Humanos. <strong>La definici\u00f3n excesivamente amplia e imprecisa en algunos art\u00edculos en el C\u00f3digo Penal de los delitos de \u201cterrorismo\u201d implica graves repercusiones para las personas que ejercen el derecho de reuni\u00f3n, manifestaci\u00f3n y la libertad de expresi\u00f3n e informaci\u00f3n<\/strong>.<\/p>\n<h3><strong>El caso de Tsunami Democr\u00e0tic<\/strong><\/h3>\n<p>Las organizaciones defienden que estas acusaciones no son ni nuevas ni constituyen un caso aislado, sino que forman parte de una tendencia que va en aumento. En 2023, esta tendencia se evidenci\u00f3 cuando la \u00faltima memoria del Fiscal General del Estado (2022) clasific\u00f3 las acciones de los movimientos antifascistas, ecologistas e independentista catal\u00e1n en la secci\u00f3n de \u201cterrorismo nacional\u201d. En la actualidad, el caso m\u00e1s grave \u2014que no el \u00fanico\u2014 es la investigaci\u00f3n abierta en la Audiencia Nacional y el Tribunal Supremo por terrorismo contra el movimiento catal\u00e1n Tsunami Democr\u00e0tic.<\/p>\n<p>La acusaci\u00f3n contra este movimiento pac\u00edfico ataca directamente a los derechos fundamentales de las personas que en 2019 salieron a la calle en Catalu\u00f1a y demuestra la aplicaci\u00f3n extensiva de algunos art\u00edculos del C\u00f3digo Penal, que penalizan indebidamente la protesta y la desobediencia civil. <strong>Las organizaciones denuncian esta tendencia que permite que el mal uso del t\u00e9rmino \u201cterrorismo\u201d se haya banalizado y se haya convertido en una herramienta punitivista y ejemplarizante contra la movilizaci\u00f3n social masiva, para prevenirla y silenciarla<\/strong>.<\/p>\n<p>Dada la definici\u00f3n excesivamente amplia e imprecisa que existe actualmente, las organizaciones recuerdan que el Congreso debe aprovechar la actual tramitaci\u00f3n de la reforma del C\u00f3digo Penal para garantizar que s\u00f3lo son tipificados como delitos de terrorismo los que se adec\u00faen a la definici\u00f3n proporcionada por Naciones Unidas.<\/p>\n<p>Seg\u00fan el Relator especial de la ONU sobre la promoci\u00f3n y protecci\u00f3n de los derechos humanos y las libertades fundamentales en la lucha contra el terrorismo, para que un acto pueda ser considerado terrorista debe cumplir tres caracter\u00edsticas acumulativas: intencionalidad de causar muerte, heridos graves o tomar rehenes; prop\u00f3sito de atemorizar o intimidar a la poblaci\u00f3n u obligar a un Gobierno o a una organizaci\u00f3n internacional a realizar un acto o abstenerse de hacerlo; y cometer delitos definidos en convenciones y protocolos internacionales (o que contenga todos los elementos necesarios para constituir un delito grave seg\u00fan se define en la ley), algo que no ocurre en las actividades realizadas por Tsunami Democr\u00e0tic.<\/p>\n<h3>Informaci\u00f3n adicional<\/h3>\n<p>El manifiesto de las organizaciones tambi\u00e9n se\u00f1ala que el n\u00famero de casos aumenta y, actualmente, se investiga a m\u00e1s de cincuenta personas acusadas de terrorismo, organizaci\u00f3n o grupo criminal.<\/p>\n<p>\u201c<strong>Investigar por terrorismo u organizaci\u00f3n criminal a un movimiento social o pol\u00edtico con el \u00fanico objetivo de criminalizar la protesta, limitar los derechos fundamentales y silenciar la disidencia pol\u00edtica, es una actuaci\u00f3n que restringe el espacio de la sociedad civil, que no respeta los derechos humanos y pone en peligro los principios democr\u00e1ticos y del Estado de derecho<\/strong>\u201d, concluyen las organizaciones.<\/p>\n<p>Con el lanzamiento p\u00fablico de este manifiesto, acompa\u00f1ado de una campa\u00f1a en redes sociales, las nueve organizaciones presentan la alianza entre entidades y plataformas para denunciar la escalada de la criminalizaci\u00f3n de movimientos sociales y pol\u00edticos. Con el anuncio de este espacio colectivo de denuncia, las organizaciones han manifestado su compromiso e intenci\u00f3n para, en los pr\u00f3ximos meses, seguir denunciando activamente esta cuesti\u00f3n, siendo la de hoy, la primera acci\u00f3n de la campa\u00f1a.<\/p>\n","protected":false},"excerpt":{"rendered":"<p>DESCARGA EL MANIFIESTO, AQU\u00cd. El 1 de julio de 2024 se cumplen nueve a\u00f1os de la entrada en vigor de las denominadas Leyes Mordaza en Espa\u00f1a, la Ley de Seguridad Ciudadana y la doble reforma del C\u00f3digo Penal. En opini\u00f3n de nueve organizaciones, estas leyes han aumentado las herramientas de censura, obstaculizaci\u00f3n y control de [&hellip;]<\/p>\n","protected":false},"author":1485,"featured_media":9512,"comment_status":"closed","ping_status":"closed","sticky":false,"template":"","format":"standard","meta":{"_acf_changed":false,"footnotes":""},"categories":[3],"tags":[58,51,148],"class_list":["post-9497","post","type-post","status-publish","format-standard","has-post-thumbnail","hentry","category-publicaciones","tag-comunicados-iridia","tag-protesta","tag-violencia-institucional-es-2"],"acf":[],"yoast_head":"<!-- This site is optimized with the Yoast SEO plugin v27.4 - https:\/\/yoast.com\/product\/yoast-seo-wordpress\/ -->\n<title>Nueve organizaciones de la sociedad civil denuncian que #ProtestarNoEsTerrorismo en el 9\u00ba aniversario de las Leyes Mordaza<\/title>\n<meta name=\"description\" content=\"Las organizaciones destacan en un manifiesto que publican hoy la criminalizaci\u00f3n del derecho a la protesta por la aplicaci\u00f3n desproporcionada del C\u00f3digo Penal de los delitos de terrorismo u organizaci\u00f3n criminal\" \/>\n<meta name=\"robots\" content=\"index, follow, max-snippet:-1, max-image-preview:large, max-video-preview:-1\" \/>\n<link rel=\"canonical\" href=\"https:\/\/iridia.cat\/es\/nueve-organizaciones-de-la-sociedad-civil-denuncian-que-protestarnoesterrorismo-en-el-9o-aniversario-de-las-leyes-mordaza\/\" \/>\n<meta property=\"og:locale\" content=\"es_ES\" \/>\n<meta property=\"og:type\" content=\"article\" \/>\n<meta property=\"og:title\" content=\"Nueve organizaciones de la sociedad civil denuncian que #ProtestarNoEsTerrorismo en el 9\u00ba aniversario de las Leyes Mordaza\" \/>\n<meta property=\"og:description\" content=\"Las organizaciones destacan en un manifiesto que publican hoy la criminalizaci\u00f3n del derecho a la protesta por la aplicaci\u00f3n desproporcionada del C\u00f3digo Penal de los delitos de terrorismo u organizaci\u00f3n criminal\" \/>\n<meta property=\"og:url\" content=\"https:\/\/iridia.cat\/es\/nueve-organizaciones-de-la-sociedad-civil-denuncian-que-protestarnoesterrorismo-en-el-9o-aniversario-de-las-leyes-mordaza\/\" \/>\n<meta property=\"og:site_name\" content=\"Ir\u00eddia\" \/>\n<meta property=\"article:published_time\" content=\"2024-07-01T09:16:22+00:00\" \/>\n<meta property=\"article:modified_time\" content=\"2024-07-02T09:23:07+00:00\" \/>\n<meta property=\"og:image\" content=\"https:\/\/iridia.cat\/wp-content\/uploads\/2024\/07\/image-2.jpg\" \/>\n\t<meta property=\"og:image:width\" content=\"1200\" \/>\n\t<meta property=\"og:image:height\" content=\"675\" \/>\n\t<meta property=\"og:image:type\" content=\"image\/jpeg\" \/>\n<meta name=\"author\" content=\"Luc\u00eda Foraster\" \/>\n<meta name=\"twitter:card\" content=\"summary_large_image\" \/>\n<meta name=\"twitter:label1\" content=\"Written by\" \/>\n\t<meta name=\"twitter:data1\" content=\"Luc\u00eda Foraster\" \/>\n\t<meta name=\"twitter:label2\" content=\"Est. reading time\" \/>\n\t<meta name=\"twitter:data2\" content=\"5 minutes\" \/>\n<script type=\"application\/ld+json\" class=\"yoast-schema-graph\">{\"@context\":\"https:\\\/\\\/schema.org\",\"@graph\":[{\"@type\":\"Article\",\"@id\":\"https:\\\/\\\/iridia.cat\\\/es\\\/nueve-organizaciones-de-la-sociedad-civil-denuncian-que-protestarnoesterrorismo-en-el-9o-aniversario-de-las-leyes-mordaza\\\/#article\",\"isPartOf\":{\"@id\":\"https:\\\/\\\/iridia.cat\\\/es\\\/nueve-organizaciones-de-la-sociedad-civil-denuncian-que-protestarnoesterrorismo-en-el-9o-aniversario-de-las-leyes-mordaza\\\/\"},\"author\":{\"name\":\"Luc\u00eda Foraster\",\"@id\":\"https:\\\/\\\/test.iridia.cat\\\/#\\\/schema\\\/person\\\/35b3808e134cc68db1728427e96cc94a\"},\"headline\":\"Nueve organizaciones de la sociedad civil denuncian que #ProtestarNoEsTerrorismo en el 9\u00ba aniversario de las Leyes Mordaza\",\"datePublished\":\"2024-07-01T09:16:22+00:00\",\"dateModified\":\"2024-07-02T09:23:07+00:00\",\"mainEntityOfPage\":{\"@id\":\"https:\\\/\\\/iridia.cat\\\/es\\\/nueve-organizaciones-de-la-sociedad-civil-denuncian-que-protestarnoesterrorismo-en-el-9o-aniversario-de-las-leyes-mordaza\\\/\"},\"wordCount\":828,\"publisher\":{\"@id\":\"https:\\\/\\\/test.iridia.cat\\\/#organization\"},\"image\":{\"@id\":\"https:\\\/\\\/iridia.cat\\\/es\\\/nueve-organizaciones-de-la-sociedad-civil-denuncian-que-protestarnoesterrorismo-en-el-9o-aniversario-de-las-leyes-mordaza\\\/#primaryimage\"},\"thumbnailUrl\":\"https:\\\/\\\/iridia.cat\\\/wp-content\\\/uploads\\\/2024\\\/07\\\/image-2.jpg\",\"keywords\":[\"Comunicados\",\"Protesta\",\"Violencia institucional\"],\"articleSection\":[\"Publicaciones\"],\"inLanguage\":\"es-ES\"},{\"@type\":\"WebPage\",\"@id\":\"https:\\\/\\\/iridia.cat\\\/es\\\/nueve-organizaciones-de-la-sociedad-civil-denuncian-que-protestarnoesterrorismo-en-el-9o-aniversario-de-las-leyes-mordaza\\\/\",\"url\":\"https:\\\/\\\/iridia.cat\\\/es\\\/nueve-organizaciones-de-la-sociedad-civil-denuncian-que-protestarnoesterrorismo-en-el-9o-aniversario-de-las-leyes-mordaza\\\/\",\"name\":\"Nueve organizaciones de la sociedad civil denuncian que #ProtestarNoEsTerrorismo en el 9\u00ba aniversario de las Leyes Mordaza\",\"isPartOf\":{\"@id\":\"https:\\\/\\\/test.iridia.cat\\\/#website\"},\"primaryImageOfPage\":{\"@id\":\"https:\\\/\\\/iridia.cat\\\/es\\\/nueve-organizaciones-de-la-sociedad-civil-denuncian-que-protestarnoesterrorismo-en-el-9o-aniversario-de-las-leyes-mordaza\\\/#primaryimage\"},\"image\":{\"@id\":\"https:\\\/\\\/iridia.cat\\\/es\\\/nueve-organizaciones-de-la-sociedad-civil-denuncian-que-protestarnoesterrorismo-en-el-9o-aniversario-de-las-leyes-mordaza\\\/#primaryimage\"},\"thumbnailUrl\":\"https:\\\/\\\/iridia.cat\\\/wp-content\\\/uploads\\\/2024\\\/07\\\/image-2.jpg\",\"datePublished\":\"2024-07-01T09:16:22+00:00\",\"dateModified\":\"2024-07-02T09:23:07+00:00\",\"description\":\"Las organizaciones destacan en un manifiesto que publican hoy la criminalizaci\u00f3n del derecho a la protesta por la aplicaci\u00f3n desproporcionada del C\u00f3digo Penal de los delitos de terrorismo u organizaci\u00f3n criminal\",\"breadcrumb\":{\"@id\":\"https:\\\/\\\/iridia.cat\\\/es\\\/nueve-organizaciones-de-la-sociedad-civil-denuncian-que-protestarnoesterrorismo-en-el-9o-aniversario-de-las-leyes-mordaza\\\/#breadcrumb\"},\"inLanguage\":\"es-ES\",\"potentialAction\":[{\"@type\":\"ReadAction\",\"target\":[\"https:\\\/\\\/iridia.cat\\\/es\\\/nueve-organizaciones-de-la-sociedad-civil-denuncian-que-protestarnoesterrorismo-en-el-9o-aniversario-de-las-leyes-mordaza\\\/\"]}]},{\"@type\":\"ImageObject\",\"inLanguage\":\"es-ES\",\"@id\":\"https:\\\/\\\/iridia.cat\\\/es\\\/nueve-organizaciones-de-la-sociedad-civil-denuncian-que-protestarnoesterrorismo-en-el-9o-aniversario-de-las-leyes-mordaza\\\/#primaryimage\",\"url\":\"https:\\\/\\\/iridia.cat\\\/wp-content\\\/uploads\\\/2024\\\/07\\\/image-2.jpg\",\"contentUrl\":\"https:\\\/\\\/iridia.cat\\\/wp-content\\\/uploads\\\/2024\\\/07\\\/image-2.jpg\",\"width\":1200,\"height\":675,\"caption\":\"Nueve organizaciones de la sociedad civil denuncian que #ProtestarNoEsTerrorismo en el 9\u00ba aniversario de las Leyes Mordaza\"},{\"@type\":\"BreadcrumbList\",\"@id\":\"https:\\\/\\\/iridia.cat\\\/es\\\/nueve-organizaciones-de-la-sociedad-civil-denuncian-que-protestarnoesterrorismo-en-el-9o-aniversario-de-las-leyes-mordaza\\\/#breadcrumb\",\"itemListElement\":[{\"@type\":\"ListItem\",\"position\":1,\"name\":\"Inici\",\"item\":\"https:\\\/\\\/iridia.cat\\\/es\\\/\"},{\"@type\":\"ListItem\",\"position\":2,\"name\":\"Nueve organizaciones de la sociedad civil denuncian que #ProtestarNoEsTerrorismo en el 9\u00ba aniversario de las Leyes Mordaza\"}]},{\"@type\":\"WebSite\",\"@id\":\"https:\\\/\\\/test.iridia.cat\\\/#website\",\"url\":\"https:\\\/\\\/test.iridia.cat\\\/\",\"name\":\"Ir\u00eddia\",\"description\":\"\",\"publisher\":{\"@id\":\"https:\\\/\\\/test.iridia.cat\\\/#organization\"},\"potentialAction\":[{\"@type\":\"SearchAction\",\"target\":{\"@type\":\"EntryPoint\",\"urlTemplate\":\"https:\\\/\\\/test.iridia.cat\\\/?s={search_term_string}\"},\"query-input\":{\"@type\":\"PropertyValueSpecification\",\"valueRequired\":true,\"valueName\":\"search_term_string\"}}],\"inLanguage\":\"es-ES\"},{\"@type\":\"Organization\",\"@id\":\"https:\\\/\\\/test.iridia.cat\\\/#organization\",\"name\":\"Ir\u00eddia\",\"url\":\"https:\\\/\\\/test.iridia.cat\\\/\",\"logo\":{\"@type\":\"ImageObject\",\"inLanguage\":\"es-ES\",\"@id\":\"https:\\\/\\\/test.iridia.cat\\\/#\\\/schema\\\/logo\\\/image\\\/\",\"url\":\"https:\\\/\\\/iridia.cat\\\/wp-content\\\/uploads\\\/2022\\\/10\\\/avatar_iridia.png\",\"contentUrl\":\"https:\\\/\\\/iridia.cat\\\/wp-content\\\/uploads\\\/2022\\\/10\\\/avatar_iridia.png\",\"width\":740,\"height\":220,\"caption\":\"Ir\u00eddia\"},\"image\":{\"@id\":\"https:\\\/\\\/test.iridia.cat\\\/#\\\/schema\\\/logo\\\/image\\\/\"}},{\"@type\":\"Person\",\"@id\":\"https:\\\/\\\/test.iridia.cat\\\/#\\\/schema\\\/person\\\/35b3808e134cc68db1728427e96cc94a\",\"name\":\"Luc\u00eda Foraster\",\"image\":{\"@type\":\"ImageObject\",\"inLanguage\":\"es-ES\",\"@id\":\"https:\\\/\\\/secure.gravatar.com\\\/avatar\\\/dbc1dbf299ca12d88468889446db05b32b820d9d37cb5a8c3ac17d2995f4f14c?s=96&d=mm&r=g\",\"url\":\"https:\\\/\\\/secure.gravatar.com\\\/avatar\\\/dbc1dbf299ca12d88468889446db05b32b820d9d37cb5a8c3ac17d2995f4f14c?s=96&d=mm&r=g\",\"contentUrl\":\"https:\\\/\\\/secure.gravatar.com\\\/avatar\\\/dbc1dbf299ca12d88468889446db05b32b820d9d37cb5a8c3ac17d2995f4f14c?s=96&d=mm&r=g\",\"caption\":\"Luc\u00eda Foraster\"},\"url\":\"https:\\\/\\\/iridia.cat\\\/es\\\/author\\\/luciaf\\\/\"}]}<\/script>\n<!-- \/ Yoast SEO plugin. -->","yoast_head_json":{"title":"Nueve organizaciones de la sociedad civil denuncian que #ProtestarNoEsTerrorismo en el 9\u00ba aniversario de las Leyes Mordaza","description":"Las organizaciones destacan en un manifiesto que publican hoy la criminalizaci\u00f3n del derecho a la protesta por la aplicaci\u00f3n desproporcionada del C\u00f3digo Penal de los delitos de terrorismo u organizaci\u00f3n criminal","robots":{"index":"index","follow":"follow","max-snippet":"max-snippet:-1","max-image-preview":"max-image-preview:large","max-video-preview":"max-video-preview:-1"},"canonical":"https:\/\/iridia.cat\/es\/nueve-organizaciones-de-la-sociedad-civil-denuncian-que-protestarnoesterrorismo-en-el-9o-aniversario-de-las-leyes-mordaza\/","og_locale":"es_ES","og_type":"article","og_title":"Nueve organizaciones de la sociedad civil denuncian que #ProtestarNoEsTerrorismo en el 9\u00ba aniversario de las Leyes Mordaza","og_description":"Las organizaciones destacan en un manifiesto que publican hoy la criminalizaci\u00f3n del derecho a la protesta por la aplicaci\u00f3n desproporcionada del C\u00f3digo Penal de los delitos de terrorismo u organizaci\u00f3n criminal","og_url":"https:\/\/iridia.cat\/es\/nueve-organizaciones-de-la-sociedad-civil-denuncian-que-protestarnoesterrorismo-en-el-9o-aniversario-de-las-leyes-mordaza\/","og_site_name":"Ir\u00eddia","article_published_time":"2024-07-01T09:16:22+00:00","article_modified_time":"2024-07-02T09:23:07+00:00","og_image":[{"width":1200,"height":675,"url":"https:\/\/iridia.cat\/wp-content\/uploads\/2024\/07\/image-2.jpg","type":"image\/jpeg"}],"author":"Luc\u00eda Foraster","twitter_card":"summary_large_image","twitter_misc":{"Written by":"Luc\u00eda Foraster","Est. reading time":"5 minutes"},"schema":{"@context":"https:\/\/schema.org","@graph":[{"@type":"Article","@id":"https:\/\/iridia.cat\/es\/nueve-organizaciones-de-la-sociedad-civil-denuncian-que-protestarnoesterrorismo-en-el-9o-aniversario-de-las-leyes-mordaza\/#article","isPartOf":{"@id":"https:\/\/iridia.cat\/es\/nueve-organizaciones-de-la-sociedad-civil-denuncian-que-protestarnoesterrorismo-en-el-9o-aniversario-de-las-leyes-mordaza\/"},"author":{"name":"Luc\u00eda Foraster","@id":"https:\/\/test.iridia.cat\/#\/schema\/person\/35b3808e134cc68db1728427e96cc94a"},"headline":"Nueve organizaciones de la sociedad civil denuncian que #ProtestarNoEsTerrorismo en el 9\u00ba aniversario de las Leyes Mordaza","datePublished":"2024-07-01T09:16:22+00:00","dateModified":"2024-07-02T09:23:07+00:00","mainEntityOfPage":{"@id":"https:\/\/iridia.cat\/es\/nueve-organizaciones-de-la-sociedad-civil-denuncian-que-protestarnoesterrorismo-en-el-9o-aniversario-de-las-leyes-mordaza\/"},"wordCount":828,"publisher":{"@id":"https:\/\/test.iridia.cat\/#organization"},"image":{"@id":"https:\/\/iridia.cat\/es\/nueve-organizaciones-de-la-sociedad-civil-denuncian-que-protestarnoesterrorismo-en-el-9o-aniversario-de-las-leyes-mordaza\/#primaryimage"},"thumbnailUrl":"https:\/\/iridia.cat\/wp-content\/uploads\/2024\/07\/image-2.jpg","keywords":["Comunicados","Protesta","Violencia institucional"],"articleSection":["Publicaciones"],"inLanguage":"es-ES"},{"@type":"WebPage","@id":"https:\/\/iridia.cat\/es\/nueve-organizaciones-de-la-sociedad-civil-denuncian-que-protestarnoesterrorismo-en-el-9o-aniversario-de-las-leyes-mordaza\/","url":"https:\/\/iridia.cat\/es\/nueve-organizaciones-de-la-sociedad-civil-denuncian-que-protestarnoesterrorismo-en-el-9o-aniversario-de-las-leyes-mordaza\/","name":"Nueve organizaciones de la sociedad civil denuncian que #ProtestarNoEsTerrorismo en el 9\u00ba aniversario de las Leyes Mordaza","isPartOf":{"@id":"https:\/\/test.iridia.cat\/#website"},"primaryImageOfPage":{"@id":"https:\/\/iridia.cat\/es\/nueve-organizaciones-de-la-sociedad-civil-denuncian-que-protestarnoesterrorismo-en-el-9o-aniversario-de-las-leyes-mordaza\/#primaryimage"},"image":{"@id":"https:\/\/iridia.cat\/es\/nueve-organizaciones-de-la-sociedad-civil-denuncian-que-protestarnoesterrorismo-en-el-9o-aniversario-de-las-leyes-mordaza\/#primaryimage"},"thumbnailUrl":"https:\/\/iridia.cat\/wp-content\/uploads\/2024\/07\/image-2.jpg","datePublished":"2024-07-01T09:16:22+00:00","dateModified":"2024-07-02T09:23:07+00:00","description":"Las organizaciones destacan en un manifiesto que publican hoy la criminalizaci\u00f3n del derecho a la protesta por la aplicaci\u00f3n desproporcionada del C\u00f3digo Penal de los delitos de terrorismo u organizaci\u00f3n criminal","breadcrumb":{"@id":"https:\/\/iridia.cat\/es\/nueve-organizaciones-de-la-sociedad-civil-denuncian-que-protestarnoesterrorismo-en-el-9o-aniversario-de-las-leyes-mordaza\/#breadcrumb"},"inLanguage":"es-ES","potentialAction":[{"@type":"ReadAction","target":["https:\/\/iridia.cat\/es\/nueve-organizaciones-de-la-sociedad-civil-denuncian-que-protestarnoesterrorismo-en-el-9o-aniversario-de-las-leyes-mordaza\/"]}]},{"@type":"ImageObject","inLanguage":"es-ES","@id":"https:\/\/iridia.cat\/es\/nueve-organizaciones-de-la-sociedad-civil-denuncian-que-protestarnoesterrorismo-en-el-9o-aniversario-de-las-leyes-mordaza\/#primaryimage","url":"https:\/\/iridia.cat\/wp-content\/uploads\/2024\/07\/image-2.jpg","contentUrl":"https:\/\/iridia.cat\/wp-content\/uploads\/2024\/07\/image-2.jpg","width":1200,"height":675,"caption":"Nueve organizaciones de la sociedad civil denuncian que #ProtestarNoEsTerrorismo en el 9\u00ba aniversario de las Leyes Mordaza"},{"@type":"BreadcrumbList","@id":"https:\/\/iridia.cat\/es\/nueve-organizaciones-de-la-sociedad-civil-denuncian-que-protestarnoesterrorismo-en-el-9o-aniversario-de-las-leyes-mordaza\/#breadcrumb","itemListElement":[{"@type":"ListItem","position":1,"name":"Inici","item":"https:\/\/iridia.cat\/es\/"},{"@type":"ListItem","position":2,"name":"Nueve organizaciones de la sociedad civil denuncian que #ProtestarNoEsTerrorismo en el 9\u00ba aniversario de las Leyes Mordaza"}]},{"@type":"WebSite","@id":"https:\/\/test.iridia.cat\/#website","url":"https:\/\/test.iridia.cat\/","name":"Ir\u00eddia","description":"","publisher":{"@id":"https:\/\/test.iridia.cat\/#organization"},"potentialAction":[{"@type":"SearchAction","target":{"@type":"EntryPoint","urlTemplate":"https:\/\/test.iridia.cat\/?s={search_term_string}"},"query-input":{"@type":"PropertyValueSpecification","valueRequired":true,"valueName":"search_term_string"}}],"inLanguage":"es-ES"},{"@type":"Organization","@id":"https:\/\/test.iridia.cat\/#organization","name":"Ir\u00eddia","url":"https:\/\/test.iridia.cat\/","logo":{"@type":"ImageObject","inLanguage":"es-ES","@id":"https:\/\/test.iridia.cat\/#\/schema\/logo\/image\/","url":"https:\/\/iridia.cat\/wp-content\/uploads\/2022\/10\/avatar_iridia.png","contentUrl":"https:\/\/iridia.cat\/wp-content\/uploads\/2022\/10\/avatar_iridia.png","width":740,"height":220,"caption":"Ir\u00eddia"},"image":{"@id":"https:\/\/test.iridia.cat\/#\/schema\/logo\/image\/"}},{"@type":"Person","@id":"https:\/\/test.iridia.cat\/#\/schema\/person\/35b3808e134cc68db1728427e96cc94a","name":"Luc\u00eda Foraster","image":{"@type":"ImageObject","inLanguage":"es-ES","@id":"https:\/\/secure.gravatar.com\/avatar\/dbc1dbf299ca12d88468889446db05b32b820d9d37cb5a8c3ac17d2995f4f14c?s=96&d=mm&r=g","url":"https:\/\/secure.gravatar.com\/avatar\/dbc1dbf299ca12d88468889446db05b32b820d9d37cb5a8c3ac17d2995f4f14c?s=96&d=mm&r=g","contentUrl":"https:\/\/secure.gravatar.com\/avatar\/dbc1dbf299ca12d88468889446db05b32b820d9d37cb5a8c3ac17d2995f4f14c?s=96&d=mm&r=g","caption":"Luc\u00eda Foraster"},"url":"https:\/\/iridia.cat\/es\/author\/luciaf\/"}]}},"_links":{"self":[{"href":"https:\/\/iridia.cat\/es\/wp-json\/wp\/v2\/posts\/9497","targetHints":{"allow":["GET"]}}],"collection":[{"href":"https:\/\/iridia.cat\/es\/wp-json\/wp\/v2\/posts"}],"about":[{"href":"https:\/\/iridia.cat\/es\/wp-json\/wp\/v2\/types\/post"}],"author":[{"embeddable":true,"href":"https:\/\/iridia.cat\/es\/wp-json\/wp\/v2\/users\/1485"}],"replies":[{"embeddable":true,"href":"https:\/\/iridia.cat\/es\/wp-json\/wp\/v2\/comments?post=9497"}],"version-history":[{"count":2,"href":"https:\/\/iridia.cat\/es\/wp-json\/wp\/v2\/posts\/9497\/revisions"}],"predecessor-version":[{"id":9861,"href":"https:\/\/iridia.cat\/es\/wp-json\/wp\/v2\/posts\/9497\/revisions\/9861"}],"wp:featuredmedia":[{"embeddable":true,"href":"https:\/\/iridia.cat\/es\/wp-json\/wp\/v2\/media\/9512"}],"wp:attachment":[{"href":"https:\/\/iridia.cat\/es\/wp-json\/wp\/v2\/media?parent=9497"}],"wp:term":[{"taxonomy":"category","embeddable":true,"href":"https:\/\/iridia.cat\/es\/wp-json\/wp\/v2\/categories?post=9497"},{"taxonomy":"post_tag","embeddable":true,"href":"https:\/\/iridia.cat\/es\/wp-json\/wp\/v2\/tags?post=9497"}],"curies":[{"name":"wp","href":"https:\/\/api.w.org\/{rel}","templated":true}]}}